{"id":194659,"date":"2025-10-22T21:45:19","date_gmt":"2025-10-22T21:45:19","guid":{"rendered":"https:\/\/www.europesays.com\/es\/194659\/"},"modified":"2025-10-22T21:45:19","modified_gmt":"2025-10-22T21:45:19","slug":"presidente-de-liga-espanola-dice-que-cancelar-partido-en-miami-es-oportunidad-perdida","status":"publish","type":"post","link":"https:\/\/www.europesays.com\/es\/194659\/","title":{"rendered":"Presidente de liga espa\u00f1ola dice que cancelar partido en Miami es &#8216;oportunidad perdida&#8217;"},"content":{"rendered":"\n<p>MADRID\u00a0\u2014\u00a0El Villarreal culp\u00f3 el mi\u00e9rcoles a la mala gesti\u00f3n de La Liga espa\u00f1ola por la cancelaci\u00f3n de su partido de temporada regular planeado contra el Barcelona en Estados Unidos.<\/p>\n<p>La reacci\u00f3n del Villarreal se produjo horas despu\u00e9s que Javier Tebas, el presidente de La Liga, asegur\u00f3 que una \u201cvisi\u00f3n cerrada y provinciana\u201d le cost\u00f3 al f\u00fatbol espa\u00f1ol una gran oportunidad de proyectarse globalmente.<\/p>\n<p>El Villarreal manifest\u00f3 \u201clamenta\u201d que La Liga \u201cno haya liderado mejor la gesti\u00f3n y que finalmente no pueda llevarse adelante el partido\u201d en Miami.<\/p>\n<p>A la vez, una alianza de aficionados europeos elogi\u00f3 la decisi\u00f3n, y el gobierno espa\u00f1ol pidi\u00f3 m\u00e1s transparencia en cualquier negociaci\u00f3n futura si se intenta otra vez montar un partido de liga en el extranjero.<\/p>\n<p>El partido del 20 de diciembre en el Hard Rock Stadium de Miami fue cancelado el martes en medio de una creciente revuelta de jugadores, aficionados y algunos clubes. La liga cit\u00f3 la \u201cincertidumbre que ha surgido en Espa\u00f1a en las \u00faltimas semanas.\u201d<\/p>\n<p>El promotor del partido, Relevent, dijo que inform\u00f3 a La Liga de la necesidad de \u201cposponer el partido planeado\u201d porque no hab\u00eda \u201ctiempo suficiente para ejecutar adecuadamente un evento de esta magnitud\u201d y que ser\u00eda \u201cirresponsable comenzar a vender entradas sin un partido confirmado.\u201d<\/p>\n<p>\u00bfOportunidad perdida o proyecto mal concebido?\u201cHoy el f\u00fatbol espa\u00f1ol ha perdido una oportunidad para avanzar, proyectarse al mundo y fortalecer su futuro\u201d, expres\u00f3 Tebas el mi\u00e9rcoles en X. \u201cSe invoca la defensa de la tradici\u00f3n desde una visi\u00f3n cerrada y provinciana, mientras las verdaderas tradiciones del f\u00fatbol europeo se ven amenazadas por decisiones de las instituciones que lo gobiernan, que a\u00f1o tras a\u00f1o destruyen las ligas nacionales, aut\u00e9ntico motor de la industria del f\u00fatbol en Europa, ante la ingenuidad y pasividad de gobernantes europeos que no saben distinguir lo intrascendente de lo esencial\u201d.<\/p>\n<p>Ambos clubes estaban de acuerdo con jugar el partido en el extranjero. El Barcelona tambi\u00e9n habl\u00f3 de una \u201coportunidad perdida\u201d para el f\u00fatbol espa\u00f1ol. El Villarreal se quej\u00f3 del mal manejo por parte de La Liga y que hab\u00eda considerado abandonar el proyecto si algunos problemas no se resolv\u00edan en una reuni\u00f3n programada para el jueves.<\/p>\n<p>\u201cAl no haber avances en el desarrollo y organizaci\u00f3n por parte de La Liga, el Villarreal le ha transmitido su m\u00e1xima preocupaci\u00f3n en reiteradas ocasiones a dicho organismo y le inst\u00f3 a definir aspectos tan b\u00e1sicos y fundamentales como la confirmaci\u00f3n del horario del partido y la contrataci\u00f3n de la agencia de viajes para un desplazamiento de tal envergadura, vitales para poder comenzar con la organizaci\u00f3n\u201d, destac\u00f3 el club.<\/p>\n<p>Lo otro que irrit\u00f3 al Villarreal fue que anuncio de la cancelaci\u00f3n se produjo durante el partido de la Liga de Campeones del equipo contra el Manchester City. El anuncio mostr\u00f3 \u201cuna falta de respeto total y absoluta para con el club como poca sensibilidad y empat\u00eda\u201d, subray\u00f3.<\/p>\n<p>Grupo de aficionados aplaudeFootball Supporters Europe, grupo de enlace oficial de hinchas en Europa, celebr\u00f3 que \u201cla aburrida idea de La Liga de exportar un partido a Miami se haya derrumbado una vez m\u00e1s.\u201d<\/p>\n<p>\u201cEl sentido com\u00fan y las reglas del juego han prevalecido. Esta es una victoria s\u00edsmica para el f\u00fatbol europeo y para todos los que creen que el juego pertenece al coraz\u00f3n de nuestras comunidades\u201d, dijo el grupo en un comunicado. \u201cLa derrota de La Liga env\u00eda un mensaje claro al mundo del f\u00fatbol: proyectos tan mal concebidos est\u00e1n condenados al fracaso. Estos intentos de desestabilizar la base del juego deben detenerse ahora\u201d.<\/p>\n<p>El grupo pidi\u00f3 que la Serie A de Italia tambi\u00e9n descarte el plan de que el duelo AC Milan-Como se dispute en Australia en febrero.<\/p>\n<p>La principal autoridad deportiva de Espa\u00f1a pidi\u00f3 m\u00e1s di\u00e1logo entre todos los involucrados antes de intentar promover tales iniciativas. El presidente del Consejo Superior de Deportes, Jos\u00e9 Manuel Rodr\u00edguez Uribes, pidi\u00f3 \u201ctransparencia absoluta\u201d y \u201cnormas adecuadas\u201d antes de que se puedan hacer intentos futuros.<\/p>\n<p>Protesta de los jugadoresDespu\u00e9s de algunos intentos fallidos, La Liga finalmente hab\u00eda logrado obtener la aprobaci\u00f3n de organismos de f\u00fatbol como la UEFA y la federaci\u00f3n espa\u00f1ola para organizar su primer partido de temporada regular en el extranjero, pero la oposici\u00f3n hab\u00eda crecido recientemente en Espa\u00f1a.<\/p>\n<p>Los jugadores se quedaron quietos durante unos segundos despu\u00e9s del inicio de los partidos de liga del fin de semana en una protesta que fue censurada o no se transmiti\u00f3 completamente para las audiencias televisivas, lo que gener\u00f3 a\u00fan m\u00e1s cr\u00edticas contra La Liga.<\/p>\n<p>Tebas pareci\u00f3 aludir al Real Madrid, el club que m\u00e1s se hab\u00eda opuesto al partido al afirmar que adulteraba la equidad de la liga porque permit\u00eda al Barcelona jugar un partido fuera de casa contra Villarreal en un sitio neutral.<\/p>\n<p>\u201cSe apela a la \u201cintegridad de la competici\u00f3n\u201d desde quienes llevan a\u00f1os cuestionando esa misma integridad, presionando a \u00e1rbitros, a gobernantes, construyendo relatos distorsionados o utilizando la presi\u00f3n pol\u00edtica y medi\u00e1tica como herramienta deportiva\u201d, dijo sin nombrar al Real Madrid.<\/p>\n<p>\u2018Estuvimos muy cerca\u2019Tebas agradeci\u00f3 a Barcelona y Villarreal \u201cpor su compromiso y generosidad al formar parte de un proyecto que solo buscaba el crecimiento de nuestra competici\u00f3n\u201d.<\/p>\n<p>El directivo afirm\u00f3 que el f\u00fatbol espa\u00f1ol \u201cmerece mirar al futuro con ambici\u00f3n, no con miedo\u201d.<\/p>\n<p>\u201cSeguiremos intent\u00e1ndolo. Esta vez, estuvimos muy cerca\u201d, remarc\u00f3.<\/p>\n<p>___<\/p>\n<p>Deportes AP: https:\/\/apnews.com\/hub\/deportes<\/p>\n","protected":false},"excerpt":{"rendered":"MADRID\u00a0\u2014\u00a0El Villarreal culp\u00f3 el mi\u00e9rcoles a la mala gesti\u00f3n de La Liga espa\u00f1ola por la cancelaci\u00f3n de su&hellip;\n","protected":false},"author":2,"featured_media":194660,"comment_status":"","ping_status":"","sticky":false,"template":"","format":"standard","meta":{"footnotes":""},"categories":[93],"tags":[210,168,25,24,1489,5824,35906,282,2848,17596,1044,6584,2082,1045,13679,1461,5568,23,167,10560],"class_list":{"0":"post-194659","1":"post","2":"type-post","3":"status-publish","4":"format-standard","5":"has-post-thumbnail","7":"category-deportes","8":"tag-barcelona","9":"tag-deportes","10":"tag-es","11":"tag-espana","12":"tag-espanol","13":"tag-europeo","14":"tag-extranjero","15":"tag-futbol","16":"tag-futuro","17":"tag-intento","18":"tag-liga","19":"tag-miami","20":"tag-oportunidad","21":"tag-partido","22":"tag-perdido","23":"tag-presidente","24":"tag-proyecto","25":"tag-spain","26":"tag-sports","27":"tag-villarreal"},"share_on_mastodon":{"url":"https:\/\/pubeurope.com\/@es\/115420012538327202","error":""},"_links":{"self":[{"href":"https:\/\/www.europesays.com\/es\/wp-json\/wp\/v2\/posts\/194659","targetHints":{"allow":["GET"]}}],"collection":[{"href":"https:\/\/www.europesays.com\/es\/wp-json\/wp\/v2\/posts"}],"about":[{"href":"https:\/\/www.europesays.com\/es\/wp-json\/wp\/v2\/types\/post"}],"author":[{"embeddable":true,"href":"https:\/\/www.europesays.com\/es\/wp-json\/wp\/v2\/users\/2"}],"replies":[{"embeddable":true,"href":"https:\/\/www.europesays.com\/es\/wp-json\/wp\/v2\/comments?post=194659"}],"version-history":[{"count":0,"href":"https:\/\/www.europesays.com\/es\/wp-json\/wp\/v2\/posts\/194659\/revisions"}],"wp:featuredmedia":[{"embeddable":true,"href":"https:\/\/www.europesays.com\/es\/wp-json\/wp\/v2\/media\/194660"}],"wp:attachment":[{"href":"https:\/\/www.europesays.com\/es\/wp-json\/wp\/v2\/media?parent=194659"}],"wp:term":[{"taxonomy":"category","embeddable":true,"href":"https:\/\/www.europesays.com\/es\/wp-json\/wp\/v2\/categories?post=194659"},{"taxonomy":"post_tag","embeddable":true,"href":"https:\/\/www.europesays.com\/es\/wp-json\/wp\/v2\/tags?post=194659"}],"curies":[{"name":"wp","href":"https:\/\/api.w.org\/{rel}","templated":true}]}}