{"id":194663,"date":"2025-10-22T21:47:10","date_gmt":"2025-10-22T21:47:10","guid":{"rendered":"https:\/\/www.europesays.com\/es\/194663\/"},"modified":"2025-10-22T21:47:10","modified_gmt":"2025-10-22T21:47:10","slug":"muere-a-los-63-anos-pedro-munster-referente-del-underground-madrileno-y-biografo-de-eduardo-benavente","status":"publish","type":"post","link":"https:\/\/www.europesays.com\/es\/194663\/","title":{"rendered":"Muere a los 63 a\u00f1os Pedro Munster, referente del &#8216;underground&#8217; madrile\u00f1o y bi\u00f3grafo de Eduardo Benavente"},"content":{"rendered":"<p class=\"article-text\">\n        Pedro Munster ha muerto en Madrid a los 63 a\u00f1os. Vecino de la calle de Santa Br\u00edgida, habitual del caf\u00e9 Pepe Botella, DJ de la noche malasa\u00f1era, residente en el Morocco cuando lo regentaba Alaska, fiel amigo de la m\u00edtica cantante y su pareja, Mario Vaquerizo. Muchas vidas con un escenario com\u00fan: Malasa\u00f1a.\n    <\/p>\n<p>    <a href=\"https:\/\/www.eldiario.es\/cultura\/musica\/plastico-telaranas-nueva-ola_1_4581622.html\" data-mrf-recirculation=\"saber-mas\" data-dl-event=\"saber-mas\" rel=\"nofollow noopener\" target=\"_blank\"><\/p>\n<p class=\"know-more__title\">Pl\u00e1stico: entre las telara\u00f1as de la Nueva Ola<\/p>\n<p>            <img decoding=\"async\" class=\"lazy\" loading=\"lazy\" data-src=\"https:\/\/static.eldiario.es\/clip\/fc620b6f-48be-4a04-8977-c90b0f66471e_16-9-aspect-ratio_default_0.jpg\" src=\"data:image\/svg+xml,%3Csvg xmlns=\" http:=\"\" viewbox=\"0 0 880 495\" alt=\"Pl\u00e1stico: entre las telara\u00f1as de la Nueva Ola\"\/><\/p>\n<p>                        <\/a><\/p>\n<p class=\"article-text\">\n        Por eso Pedro Munster tuvo que nacer un 2 de mayo. No era, claro, el de 1808, sino el de 1962. Pero esa fecha fue motivo de orgullo a lo largo de toda su vida. La de una figura ecl\u00e9ctica que tuvo siempre una constante en Malasa\u00f1a. Ese barrio oficioso del centro de Madrid donde rutina y excepcionalidad transcurren en una plaza cuyo nombre, desde hoy, no honra solo al levantamiento del pueblo de Madrid contra los franceses. Es tambi\u00e9n memoria de un hombre que represent\u00f3 como nadie el esp\u00edritu de sus calles y sus bares.\n    <\/p>\n<p class=\"article-text\">\n        An\u00edbal J. Clar, coautor con Munster de <a href=\"https:\/\/doscalaveraseditorial.bigcartel.com\/product\/eduardo-benavente-el-genio-detras-de-la-cortina-segunda-edicion\" target=\"_blank\" data-mrf-recirculation=\"links-noticia\" class=\"link\" rel=\"nofollow noopener\">Eduardo Benavente. El genio detr\u00e1s de la cortina<\/a> (biograf\u00eda del ic\u00f3nico l\u00edder de Par\u00e1lisis Permanente), atiende la llamada de <a href=\"https:\/\/www.eldiario.es\/madrid\/somos\/malasana\/\" target=\"_blank\" data-mrf-recirculation=\"links-noticia\" class=\"link\" rel=\"nofollow noopener\">Somos Malasa\u00f1a<\/a> despu\u00e9s de conocer la \u201cinesperada\u201d noticia y a una semana de un concierto homenaje a Benavente en la sala El Sol.\n    <\/p>\n<blockquote class=\"instagram-media\" data-instgrm-captioned=\"\" data-instgrm-permalink=\"https:\/\/www.instagram.com\/p\/DOy3GJtCIWq\/?utm_source=ig_embed&amp;utm_campaign=loading\" data-instgrm-version=\"14\" style=\" background:#FFF; border:0; border-radius:3px; box-shadow:0 0 1px 0 rgba(0,0,0,0.5),0 1px 10px 0 rgba(0,0,0,0.15); margin: 1px; max-width:540px; min-width:326px; padding:0; width:99.375%; width:-webkit-calc(100% - 2px); width:calc(100% - 2px);\"\/>\n<p class=\"article-text\">\n        Traslada unas palabras \u201csin tener nada escrito, pero mucho mejor, porque as\u00ed sale el sentimiento y Pedro Munster era mucho sentimiento\u201d. Desde su punto de vista, \u201cse va uno de los principales referentes en el underground madrile\u00f1o\u201d.\n    <\/p>\n<p class=\"article-text\">\n        Para Clar, Munster \u201cvivi\u00f3 la Movida madrile\u00f1a como un personaje principal, todo lo que aquello represent\u00f3 estaba reflejado en \u00e9l\u201d. Y a\u00f1ade: \u201cAquellos sitios que empezaban a abrir, como La V\u00eda L\u00e1ctea o el Penta, no solo los frecuentaba, sino que formaban parte de su vida\u201d.\n    <\/p>\n<p class=\"article-text\">\n        Una relaci\u00f3n que empez\u00f3 cuando un amigo del cuartel en el que completaba el servicio militar le puso una canci\u00f3n de Alaska y los Pegamoides: \u201cPedro me cont\u00f3 que cuando lo escuch\u00f3 le pareci\u00f3 la leche. Se interes\u00f3 tanto en aquel grupo que lleg\u00f3 a ser un Pegamoide m\u00e1s sin ser Pegamoide, incluso el principal. Alaska le dec\u00eda que cuando \u00e9l no estuviera se quedar\u00edan sin pasado. Su trabajo era siempre impecable\u201d, recuerda An\u00edbal.\n    <\/p>\n<blockquote class=\"instagram-media\" data-instgrm-captioned=\"\" data-instgrm-permalink=\"https:\/\/www.instagram.com\/p\/DM7XxbYsadu\/?utm_source=ig_embed&amp;utm_campaign=loading\" data-instgrm-version=\"14\" style=\" background:#FFF; border:0; border-radius:3px; box-shadow:0 0 1px 0 rgba(0,0,0,0.5),0 1px 10px 0 rgba(0,0,0,0.15); margin: 1px; max-width:540px; min-width:326px; padding:0; width:99.375%; width:-webkit-calc(100% - 2px); width:calc(100% - 2px);\"\/>\n<p class=\"article-text\">\n        Muy activo en redes sociales (la cuenta de Pedro en Instagram cuenta los seguidores por miles), An\u00edbal recalca que en \u00e9l esa modernidad conviv\u00eda con el inter\u00e9s por atesorar el pasado: \u201cTen\u00eda un archivo en su casa incre\u00edble, tanto f\u00edsico como virtual, que dudo mucho que otra persona pueda igualar en lo referente a ese tiempo. Originales en vinilo de todos los discos de Pegamoides, Radiofutura, La Mode, Derribos Arias&#8230; Todo lo que quisieras\u201d.\n    <\/p>\n<p class=\"article-text\">\n        An\u00edbal J. Clar menciona una frase habitual de Munster que da cuenta de c\u00f3mo su su propia memoria tambi\u00e9n permanecer\u00e1 en el futuro entre sus amigos y sus vecinos del barrio, tan presente como la Dos de Mayo: \u201cYo soy m\u00e1s moderno que pasado ma\u00f1ana\u201d.\n    <\/p>\n<p>    <a href=\"https:\/\/www.eldiario.es\/cultura\/musica\/olvido-convirtio-alaska-folclorismo-pop-anos-irreverencia_1_12498915.html\" data-mrf-recirculation=\"saber-mas-abajo\" data-dl-event=\"saber-mas-abajo\" rel=\"nofollow noopener\" target=\"_blank\"><\/p>\n<p class=\"know-more__title\">De c\u00f3mo Olvido se convirti\u00f3 en Alaska: entre el folclorismo y el pop, los a\u00f1os de la irreverenc<\/p>\n<p>            <img decoding=\"async\" class=\"lazy\" loading=\"lazy\" data-src=\"https:\/\/static.eldiario.es\/clip\/7824de1f-0875-4604-a1fd-24c9de1c06d5_16-9-aspect-ratio_default_0.jpg\" src=\"data:image\/svg+xml,%3Csvg xmlns=\" http:=\"\" viewbox=\"0 0 880 495\" alt=\"De c\u00f3mo Olvido se convirti\u00f3 en Alaska: entre el folclorismo y el pop, los a\u00f1os de la irreverencia\"\/><\/p>\n<p>                        <\/a><\/p>\n<p class=\"article-text\">\n        Pedro Munster era, es y ser\u00e1 puro Malasa\u00f1a. Por eso An\u00edbal no lo duda: \u201cEstar\u00e1 en el cielo o d\u00f3nde la providencia haya querido llevarle. Pero tenglo claro que tendr\u00e1 al lado a Eduardo Benavente, Enrique Sierra, Carlos Berlanga y tantas personas que marcharon antes que \u00e9l guard\u00e1ndole un gran aprecio\u201d.\n    <\/p>\n<p class=\"article-text\">Recibe las noticias m\u00e1s importantes de Madrid con un bolet\u00edn escrito para ti, todos los viernes en tu correo. <a href=\"https:\/\/www.eldiario.es\/madrid\/somos\/boletin\/\" rel=\"nofollow noopener\" target=\"_blank\">Ap\u00fantate aqu\u00ed<\/a> y rec\u00edbelas junto a los mejores planes para el fin de semana. Tambi\u00e9n puedes seguirnos desde tu red social preferida, en <a href=\"https:\/\/www.facebook.com\/SomosMalasana\/\" target=\"_blank\" rel=\"nofollow noopener\">Facebook<\/a>, <a href=\"https:\/\/twitter.com\/somosmalasana\/\" target=\"_blank\" rel=\"nofollow noopener\">Bluesky<\/a> o <a href=\"https:\/\/bsky.app\/profile\/somosmalasana.bsky.social\" target=\"_blank\" rel=\"nofollow noopener\">Instagram<\/a><\/p>\n<p>                                    <script async src=\"https:\/\/platform.twitter.com\/widgets.js\" charset=\"utf-8\"><\/script><script async src=\"\/\/www.instagram.com\/embed.js\"><\/script><\/p>\n","protected":false},"excerpt":{"rendered":"Pedro Munster ha muerto en Madrid a los 63 a\u00f1os. Vecino de la calle de Santa Br\u00edgida, habitual&hellip;\n","protected":false},"author":2,"featured_media":194664,"comment_status":"","ping_status":"","sticky":false,"template":"","format":"standard","meta":{"footnotes":""},"categories":[91],"tags":[30934,988,4066,54108,13843,146,147,25,24,54107,8938,54105,1822,13527,23,54106],"class_list":{"0":"post-194663","1":"post","2":"type-post","3":"status-publish","4":"format-standard","5":"has-post-thumbnail","7":"category-entretenimiento","8":"tag-30934","9":"tag-anos","10":"tag-benavente","11":"tag-biografo","12":"tag-eduardo","13":"tag-entertainment","14":"tag-entretenimiento","15":"tag-es","16":"tag-espana","17":"tag-madrileno","18":"tag-muere","19":"tag-munster","20":"tag-pedro","21":"tag-referente","22":"tag-spain","23":"tag-underground"},"share_on_mastodon":{"url":"https:\/\/pubeurope.com\/@es\/115420020506577252","error":""},"_links":{"self":[{"href":"https:\/\/www.europesays.com\/es\/wp-json\/wp\/v2\/posts\/194663","targetHints":{"allow":["GET"]}}],"collection":[{"href":"https:\/\/www.europesays.com\/es\/wp-json\/wp\/v2\/posts"}],"about":[{"href":"https:\/\/www.europesays.com\/es\/wp-json\/wp\/v2\/types\/post"}],"author":[{"embeddable":true,"href":"https:\/\/www.europesays.com\/es\/wp-json\/wp\/v2\/users\/2"}],"replies":[{"embeddable":true,"href":"https:\/\/www.europesays.com\/es\/wp-json\/wp\/v2\/comments?post=194663"}],"version-history":[{"count":0,"href":"https:\/\/www.europesays.com\/es\/wp-json\/wp\/v2\/posts\/194663\/revisions"}],"wp:featuredmedia":[{"embeddable":true,"href":"https:\/\/www.europesays.com\/es\/wp-json\/wp\/v2\/media\/194664"}],"wp:attachment":[{"href":"https:\/\/www.europesays.com\/es\/wp-json\/wp\/v2\/media?parent=194663"}],"wp:term":[{"taxonomy":"category","embeddable":true,"href":"https:\/\/www.europesays.com\/es\/wp-json\/wp\/v2\/categories?post=194663"},{"taxonomy":"post_tag","embeddable":true,"href":"https:\/\/www.europesays.com\/es\/wp-json\/wp\/v2\/tags?post=194663"}],"curies":[{"name":"wp","href":"https:\/\/api.w.org\/{rel}","templated":true}]}}