{"id":194669,"date":"2025-10-22T21:51:20","date_gmt":"2025-10-22T21:51:20","guid":{"rendered":"https:\/\/www.europesays.com\/es\/194669\/"},"modified":"2025-10-22T21:51:20","modified_gmt":"2025-10-22T21:51:20","slug":"el-consejero-andaluz-de-salud-recrimina-a-las-mujeres-afectadas-por-los-cribados-las-denuncias-falsas-sobre-los-historiales-clinicos-sociedad","status":"publish","type":"post","link":"https:\/\/www.europesays.com\/es\/194669\/","title":{"rendered":"El consejero andaluz de Salud recrimina a las mujeres afectadas por los cribados las \u201cdenuncias falsas\u201d sobre los historiales cl\u00ednicos | Sociedad"},"content":{"rendered":"<p class=\"\">El consejero de Sanidad, Presidencia y Emergencias de la Junta de Andaluc\u00eda, Antonio Sanz, ha pedido este mi\u00e9rcoles explicaciones por las \u201cdenuncias falsas\u201d sobre la desaparici\u00f3n de pruebas de c\u00e1ncer de mama y ha invitado a \u201clas que se fueron ayer a la Fiscal\u00eda a meterse hoy en el sistema y ver si est\u00e1 toda su documentaci\u00f3n o no\u201d. En la rueda de prensa posterior a la reuni\u00f3n del Consejo de Gobierno, Sanz ha incidido en que este martes hubo una ca\u00edda inform\u00e1tica que \u201cafectaba a las mamograf\u00edas, pero tambi\u00e9n a la radiograf\u00eda del pie\u201d, al no funcionar el sistema, un fallo <a href=\"https:\/\/elpais.com\/sociedad\/2025-10-22\/la-junta-de-andalucia-informa-de-que-se-ha-restablecido-el-acceso-a-los-historiales-medicos.html\" target=\"_self\" rel=\"nofollow noopener\" title=\"https:\/\/elpais.com\/sociedad\/2025-10-22\/la-junta-de-andalucia-informa-de-que-se-ha-restablecido-el-acceso-a-los-historiales-medicos.html\">que se ha solventado durante la pasada madrugada.<\/a><\/p>\n<p class=\"\">\u201cEn ning\u00fan caso se ha eliminado por parte del Servicio Andaluz de Salud (SAS) ninguna prueba, y esa fue la denuncia que hizo una asociaci\u00f3n que adem\u00e1s provoca una alarma social bestial, que hace que el sistema colapse <a href=\"https:\/\/elpais.com\/sociedad\/2025-10-21\/la-junta-de-andalucia-reconoce-que-un-fallo-informatico-impide-acceder-a-pruebas-diagnosticas-en-la-aplicacion-de-salud.html\" target=\"_self\" rel=\"nofollow noopener\" title=\"https:\/\/elpais.com\/sociedad\/2025-10-21\/la-junta-de-andalucia-reconoce-que-un-fallo-informatico-impide-acceder-a-pruebas-diagnosticas-en-la-aplicacion-de-salud.html\">y haya una ca\u00edda inform\u00e1tica\u201d, <\/a>ha argumentado Sanz. El consejero ha utilizado la misma contundencia que ya us\u00f3 el martes con las mujeres de Amama tras conocerse que hab\u00edan acudido a la Fiscal\u00eda para que investigase la supuesta desaparici\u00f3n de priebas diagn\u00f3sticas en las aplicaciones Clic Salud y Diraya, el sistema inform\u00e1tico de informaci\u00f3n y gesti\u00f3n que emplea el SAS, y la manipulaci\u00f3n de los informes relacionados con los cribados. \u201cDejen de lanzar infuncios\u201d, les increp\u00f3<\/p>\n<p class=\"\">Sanz ha asegurado que \u201cno ha desaparecido nada\u201d porque \u201cla imposibilidad de eliminarlo es absoluta\u201d, ya que \u201cestas cosas hoy est\u00e1n protegidas\u201d, por lo que cree que la denuncia presentada por la asociaci\u00f3n Amama \u201cdurar\u00e1 un d\u00eda, porque se denuncia algo que ya se ha demostrado que no ha pasado\u201d. <\/p>\n<p class=\"\">\u201cNo se puede jugar con el sistema ni da\u00f1ar su credibilidad, porque eso motiva desconfianza de las mujeres a la hora de acceder a un cribado que salva muchas vidas\u201d, ha defendido el titular andaluz de Sanidad, para quien \u201ces muy grave ponerlo en riesgo cuando no se aportan pruebas\u201d. El escrito que present\u00f3 Amama viene acompa\u00f1ado, tal y como se\u00f1al\u00f3 su presidenta, \u00c1ngela Claverol, de pruebas e incluso tambi\u00e9n se sugiere que se llame como testigos a profesionales del SAS que se han puesto en contacto con la asociaci\u00f3n para trasladar esas supuestas manipulaciones. \u201cHa desaparecido la menci\u00f3n a la lesi\u00f3n es BI-RAD3\u2033 -el estad\u00edo en que no se puede concluir si la imagen que aparece en el cribado es benigna o no, la situaci\u00f3n en la que se encuentran la mayor\u00eda de las afectadas- \u201co que ya no pone lesi\u00f3n sospechosa, sino probablemente benigna\u201d. \u201cTambi\u00e9n han borrado el nombre de los radi\u00f3logos, en algunos casos\u201d, dijo el martes.<\/p>\n<p class=\"\">Esta ma\u00f1ana alguna de las mujeres que ayer por la tarde compart\u00eda en redes sociales que su historial hab\u00eda sido borrado, ha podido comprobar esta ma\u00f1ana que no solo ten\u00eda de nuevo disponible su mamograf\u00eda, sino el informe adjunto, que no estaba hace unas semanas. Eso s\u00ed, sin el nombre del radi\u00f3logo, tal y como hab\u00eda advertido Amama.<\/p>\n<p class=\"\">Sanz ha reclamado que \u201cno se mezclen\u201d los problemas de un sistema, cuya capacidad inform\u00e1tica se ha multiplicado por cinco en las \u00faltimas horas <a href=\"https:\/\/elpais.com\/sociedad\/2025-10-10\/los-radiologos-advierten-de-que-la-crisis-de-los-cribados-en-andalucia-es-estructural-el-cancer-de-mama-es-la-punta-del-iceberg.html\" target=\"_self\" rel=\"nofollow noopener\" title=\"https:\/\/elpais.com\/sociedad\/2025-10-10\/los-radiologos-advierten-de-que-la-crisis-de-los-cribados-en-andalucia-es-estructural-el-cancer-de-mama-es-la-punta-del-iceberg.html\">para resolver la situaci\u00f3n,<\/a> con la eliminaci\u00f3n de pruebas, que \u201cno se ha producido en ning\u00fan caso\u201d. La Junta no ha explicado cu\u00e1l ha sido el motivo que caus\u00f3 el colapso de Clic Salud, aunque fuentes cercanas al Gobierno de Moreno indican que pudo caer por el alto n\u00famero de consultas provocada por la alarma que gener\u00f3 Amama con su denuncia, si bien, tambi\u00e9n advierten de que la actualizaci\u00f3n de la aplicaci\u00f3n estaba dando problemas desde hace unos d\u00edas.<\/p>\n<p class=\"\">\u201cHabr\u00e1 que responder cuando se hacen denuncias falsas\u201d, ha avanzado el consejero, que se ha preguntado \u201choy por qu\u00e9 pasa\u201d, cuando se comprueba que las pruebas siguen estando accesibles, y \u201cqui\u00e9n va a reponer a la Junta la confianza del sistema\u201d. Tras pedir \u201cprudencia y serenidad\u201d y afirmar que la Junta siempre tratar\u00e1 \u201ccon cari\u00f1o\u201d a todas las asociaciones de pacientes, ha lamentado que Amama haya \u201crechazado por quinta vez\u201d la invitaci\u00f3n del Gobierno andaluz para mantener un encuentro. <\/p>\n<p class=\"\">\u201cMe habr\u00eda gustado ense\u00f1arles el sistema inform\u00e1tico donde est\u00e1n las copias de seguridad\u201d, ha dicho Sanz, quien ha a\u00f1adido que se habr\u00eda evitado as\u00ed que el presidente del Gobierno, Pedro S\u00e1nchez, haya usado este asunto en la sesi\u00f3n de control en el Congreso, algo que ha calificado como \u201cindecente\u201d. La presidenta de Amama, ya ha advertido de que no se reunir\u00e1 con ning\u00fan responsable del Gobierno andaluz en tanto que no se explique el origen del fallo en los cribados y todas las mujeres afectadas -m\u00e1s de las 2.000 que dice la Junta, asegura- hayan sido tratadas.<\/p>\n","protected":false},"excerpt":{"rendered":"El consejero de Sanidad, Presidencia y Emergencias de la Junta de Andaluc\u00eda, Antonio Sanz, ha pedido este mi\u00e9rcoles&hellip;\n","protected":false},"author":2,"featured_media":194670,"comment_status":"","ping_status":"","sticky":false,"template":"","format":"standard","meta":{"footnotes":""},"categories":[8],"tags":[259,51067,17,18,1066,17019,25,24,13,14,11,26165,19,20,9,10,15,16,166,1811,26169,492,23,12,21,22],"class_list":{"0":"post-194669","1":"post","2":"type-post","3":"status-publish","4":"format-standard","5":"has-post-thumbnail","7":"category-espana","8":"tag-andalucia","9":"tag-antonio-sanz","10":"tag-breaking-news","11":"tag-breakingnews","12":"tag-cancer","13":"tag-cancer-mama","14":"tag-es","15":"tag-espana","16":"tag-featured-news","17":"tag-featurednews","18":"tag-headlines","19":"tag-junta-andalucia","20":"tag-latest-news","21":"tag-latestnews","22":"tag-news","23":"tag-noticias","24":"tag-noticias-destacadas","25":"tag-noticiasdestacadas","26":"tag-salud","27":"tag-sanidad","28":"tag-servicio-andaluz-salud-sas","29":"tag-sociedad","30":"tag-spain","31":"tag-titulares","32":"tag-ultimas-noticias","33":"tag-ultimasnoticias"},"share_on_mastodon":{"url":"https:\/\/pubeurope.com\/@es\/115420036051212649","error":""},"_links":{"self":[{"href":"https:\/\/www.europesays.com\/es\/wp-json\/wp\/v2\/posts\/194669","targetHints":{"allow":["GET"]}}],"collection":[{"href":"https:\/\/www.europesays.com\/es\/wp-json\/wp\/v2\/posts"}],"about":[{"href":"https:\/\/www.europesays.com\/es\/wp-json\/wp\/v2\/types\/post"}],"author":[{"embeddable":true,"href":"https:\/\/www.europesays.com\/es\/wp-json\/wp\/v2\/users\/2"}],"replies":[{"embeddable":true,"href":"https:\/\/www.europesays.com\/es\/wp-json\/wp\/v2\/comments?post=194669"}],"version-history":[{"count":0,"href":"https:\/\/www.europesays.com\/es\/wp-json\/wp\/v2\/posts\/194669\/revisions"}],"wp:featuredmedia":[{"embeddable":true,"href":"https:\/\/www.europesays.com\/es\/wp-json\/wp\/v2\/media\/194670"}],"wp:attachment":[{"href":"https:\/\/www.europesays.com\/es\/wp-json\/wp\/v2\/media?parent=194669"}],"wp:term":[{"taxonomy":"category","embeddable":true,"href":"https:\/\/www.europesays.com\/es\/wp-json\/wp\/v2\/categories?post=194669"},{"taxonomy":"post_tag","embeddable":true,"href":"https:\/\/www.europesays.com\/es\/wp-json\/wp\/v2\/tags?post=194669"}],"curies":[{"name":"wp","href":"https:\/\/api.w.org\/{rel}","templated":true}]}}