{"id":194681,"date":"2025-10-22T21:59:09","date_gmt":"2025-10-22T21:59:09","guid":{"rendered":"https:\/\/www.europesays.com\/es\/194681\/"},"modified":"2025-10-22T21:59:09","modified_gmt":"2025-10-22T21:59:09","slug":"pato-oward-no-renuncia-al-sueno-de-llegar-a-la-f1","status":"publish","type":"post","link":"https:\/\/www.europesays.com\/es\/194681\/","title":{"rendered":"Pato O&#8217;Ward no renuncia al sue\u00f1o de llegar a la F1"},"content":{"rendered":"<p class=\"gr_datos_tiempo\">02 MIN 30 SEG<\/p>\n<p class=\"gr_datos_autor\">Jaime Ugarte<\/p>\n<p class=\"gr_datos_lugar_fecha\">Cd. de M\u00e9xico  (22 octubre 2025) .-15:27 hrs<\/p>\n<p><img decoding=\"async\" id=\"imgCerrarSticky\" style=\"display:none;\" class=\"stickyImg\" onclick=\"cerrarSticky()\" src=\"https:\/\/www.europesays.com\/es\/wp-content\/uploads\/2025\/10\/btn_cerrar.png\"\/><img decoding=\"async\" src=\"https:\/\/www.europesays.com\/es\/wp-content\/uploads\/2025\/10\/1761027067_540_expande.png\" alt=\"\"\/><img decoding=\"async\" src=\"https:\/\/www.europesays.com\/es\/wp-content\/uploads\/2025\/10\/6054253.jpg&#038;imagencompleta=1.jpeg\" alt=\"Patricio O'Ward ha estado muy cerca de la F\u00f3rmula 1 y, aunque no ha logrado llegar, tiene claro que ese sue\u00f1o est\u00e1 m\u00e1s vivo que nunca.\" class=\"zoomable-image\"\/><\/p>\n<p class=\"gr_pie_de_foto\">Patricio O&#8217;Ward ha estado muy cerca de la F\u00f3rmula 1 y, aunque no ha logrado llegar, tiene claro que ese sue\u00f1o est\u00e1 m\u00e1s vivo que nunca. Cr\u00e9dito: Jaime Ugarte<\/p>\n<p><img decoding=\"async\" src=\"https:\/\/www.europesays.com\/es\/wp-content\/uploads\/2025\/10\/1761027067_540_expande.png\" alt=\"\"\/><img decoding=\"async\" src=\"https:\/\/www.europesays.com\/es\/wp-content\/uploads\/2025\/10\/6054251.jpg&#038;imagencompleta=1.jpeg\" alt=\"Patricio O'Ward ha estado muy cerca de la F\u00f3rmula 1 y, aunque no ha logrado llegar, tiene claro que ese sue\u00f1o est\u00e1 m\u00e1s vivo que nunca.\" class=\"zoomable-image\"\/><\/p>\n<p class=\"gr_pie_de_foto\">Patricio O&#8217;Ward ha estado muy cerca de la F\u00f3rmula 1 y, aunque no ha logrado llegar, tiene claro que ese sue\u00f1o est\u00e1 m\u00e1s vivo que nunca. Cr\u00e9dito: Jaime Ugarte<\/p>\n<p><strong>Patricio O&#8217;Ward<\/strong> ha estado muy cerca de la <strong>F\u00f3rmula 1<\/strong> y, aunque no ha logrado llegar, tiene claro que ese sue\u00f1o est\u00e1 m\u00e1s vivo que nunca.<\/p>\n<p><img decoding=\"async\" width=\"35px\" height=\"35px\" style=\"display:none;\" src=\"https:\/\/www.europesays.com\/es\/wp-content\/uploads\/2025\/10\/1761027069_643_contrae2.png\" alt=\"\" id=\"closeM\"\/><img class=\"modal-content\"\/><\/p>\n","protected":false},"excerpt":{"rendered":"02 MIN 30 SEG Jaime Ugarte Cd. de M\u00e9xico (22 octubre 2025) .-15:27 hrs Patricio O&#8217;Ward ha estado&hellip;\n","protected":false},"author":2,"featured_media":194682,"comment_status":"","ping_status":"","sticky":false,"template":"","format":"standard","meta":{"footnotes":""},"categories":[270],"tags":[168,25,24,306,271,272,2704,54110,23,167],"class_list":{"0":"post-194681","1":"post","2":"type-post","3":"status-publish","4":"format-standard","5":"has-post-thumbnail","7":"category-formula-1","8":"tag-deportes","9":"tag-es","10":"tag-espana","11":"tag-f1","12":"tag-formula-1","13":"tag-formula1","14":"tag-mclaren","15":"tag-patricio-o","16":"tag-spain","17":"tag-sports"},"share_on_mastodon":{"url":"https:\/\/pubeurope.com\/@es\/115420068107085150","error":""},"_links":{"self":[{"href":"https:\/\/www.europesays.com\/es\/wp-json\/wp\/v2\/posts\/194681","targetHints":{"allow":["GET"]}}],"collection":[{"href":"https:\/\/www.europesays.com\/es\/wp-json\/wp\/v2\/posts"}],"about":[{"href":"https:\/\/www.europesays.com\/es\/wp-json\/wp\/v2\/types\/post"}],"author":[{"embeddable":true,"href":"https:\/\/www.europesays.com\/es\/wp-json\/wp\/v2\/users\/2"}],"replies":[{"embeddable":true,"href":"https:\/\/www.europesays.com\/es\/wp-json\/wp\/v2\/comments?post=194681"}],"version-history":[{"count":0,"href":"https:\/\/www.europesays.com\/es\/wp-json\/wp\/v2\/posts\/194681\/revisions"}],"wp:featuredmedia":[{"embeddable":true,"href":"https:\/\/www.europesays.com\/es\/wp-json\/wp\/v2\/media\/194682"}],"wp:attachment":[{"href":"https:\/\/www.europesays.com\/es\/wp-json\/wp\/v2\/media?parent=194681"}],"wp:term":[{"taxonomy":"category","embeddable":true,"href":"https:\/\/www.europesays.com\/es\/wp-json\/wp\/v2\/categories?post=194681"},{"taxonomy":"post_tag","embeddable":true,"href":"https:\/\/www.europesays.com\/es\/wp-json\/wp\/v2\/tags?post=194681"}],"curies":[{"name":"wp","href":"https:\/\/api.w.org\/{rel}","templated":true}]}}