{"id":194687,"date":"2025-10-22T22:02:09","date_gmt":"2025-10-22T22:02:09","guid":{"rendered":"https:\/\/www.europesays.com\/es\/194687\/"},"modified":"2025-10-22T22:02:09","modified_gmt":"2025-10-22T22:02:09","slug":"lucas-de-andy-y-lucas-envia-un-burofax-a-no-somos-nadie-y-maria-patino-se-pronuncia-estan-nerviosos","status":"publish","type":"post","link":"https:\/\/www.europesays.com\/es\/194687\/","title":{"rendered":"Lucas, de &#8216;Andy y Lucas&#8217;, env\u00eda un burofax a &#8216;No somos nadie&#8217; y Mar\u00eda Pati\u00f1o se pronuncia: \u00abEst\u00e1n nerviosos\u00bb"},"content":{"rendered":"<p class=\"article-text\">\n        El cantante <strong>Lucas<\/strong>, del recientemente separado d\u00fao &#8216;<strong>Andy y Lucas<\/strong>&#8216;, ha enviado un <strong>burofax <\/strong>al programa <strong>No somos nadie<\/strong>, tal y como la propia <strong>Mar\u00eda Pati\u00f1o<\/strong> ha confirmado en directo. La presentadora se ha encargado de explicar a los espectadores este mi\u00e9rcoles, 22 de octubre, que el documento fue remitido tanto por el artista como por su pareja, <strong>Mar\u00eda Jos\u00e9<\/strong>, despu\u00e9s de que el espacio de <strong>Ten <\/strong>abordara un supuesto episodio de \u201cdeslealtades\u201d que los involucra.\n    <\/p>\n<p>    <a href=\"https:\/\/www.eldiario.es\/vertele\/noticias\/belen-esteban-kiko-matamoros-muerte-rodriguez-menendez-mila-ximenez_1_12693837.html\" data-mrf-recirculation=\"saber-mas\" data-dl-event=\"saber-mas\" rel=\"nofollow noopener\" target=\"_blank\"><\/p>\n<p class=\"know-more__title\">Bel\u00e9n Esteban y Matamoros reaccionan a la muerte de Rodr\u00edguez Men\u00e9ndez: \u00abSi lo encuentra Mila le dar\u00e1 dos hostias\u00bb<\/p>\n<p>            <img decoding=\"async\" class=\"lazy\" loading=\"lazy\" data-src=\"https:\/\/static.eldiario.es\/clip\/72e253ca-2d36-4428-890c-8e3752356bf1_16-9-aspect-ratio_default_0.jpg\" src=\"data:image\/svg+xml,%3Csvg xmlns=\" http:=\"\" viewbox=\"0 0 880 495\" alt=\"Bel\u00e9n Esteban y Matamoros reaccionan a la muerte de Rodr\u00edguez Men\u00e9ndez: &quot;Si lo encuentra Mila le dar\u00e1 dos hostias&quot;\"\/><\/p>\n<p>                        <\/a><\/p>\n<p class=\"article-text\">\n        Tras una tensa disputa entre <strong>Bel\u00e9n Esteban<\/strong> y <strong>Kiko Matamoros<\/strong>, Pati\u00f1o ha pedido calma para explicar lo ocurrido con el int\u00e9rprete: \u201cEsta ma\u00f1ana, <strong>este programa ha recibido un burofax de Lucas y de Mar\u00eda Jos\u00e9<\/strong>, que es su pareja y que anteriormente fue pareja de \u00c1lvaro. Est\u00e1n muy nerviosos\u201d. Su intenci\u00f3n en todo momento ha sido aclarar que este documento lleg\u00f3 a la sede de La Osa Producciones Audiovisuales para \u201cpuntualizar\u201d las informaciones adelantadas por Marta Riesco.\n    <\/p>\n<p class=\"article-text\">\n        Fue el pasado martes, 21 de octubre, cuando la reportera explic\u00f3 en No somos nadie qu\u00e9 detalles hab\u00eda obtenido tras una entrevista con el exproductor del d\u00fao. Marta Riesco cont\u00f3 en directo que hubo presuntas <strong>deslealtades<\/strong>, <strong>besos <\/strong>inesperados, <strong>enfados <\/strong>y <strong>amistades dinamitadas<\/strong>; de hecho, se\u00f1al\u00f3 una cena como momento clave en el que \u201cse destap\u00f3 todo\u201d: \u201cNunca m\u00e1s vuelven a ser pareja el productor y Mar\u00eda Jos\u00e9\u201d.\n    <\/p>\n<p class=\"article-text\">\n        <strong>David Valldeperas<\/strong>, director del programa, incluso ha asegurado que Lucas y su actual pareja \u201c<strong>est\u00e1n muy nerviosos<\/strong>\u201d. Y ya una vez planteada la versi\u00f3n del exproductor, el burofax que lleg\u00f3 a la redacci\u00f3n de No somos nadie contiene la versi\u00f3n de Lucas: \u201cQuiere <strong>puntualizar determinadas informaciones <\/strong>que han salido de la boca de \u00c1lvaro. Est\u00e1 en su derecho\u201d. Sin embargo, Pati\u00f1o ha asegurado que su abogada estaba escuchando las grabaciones para valorar si pueden emitirse.\n    <\/p>\n<p class=\"article-text\">\n        <strong>Ari Margiotta<\/strong>, la letrada en cuesti\u00f3n, ha llegado a plantear que el testimonio del exproductor de Lucas \u201c<strong>es muy peliagudo<\/strong>\u201d: \u201cUna cosa es que \u00e9l pueda consentir que se emita y otra muy distinta es que lo llev\u00e9is a plat\u00f3\u201d. En todo momento aconsej\u00f3 no retransmitir las declaraciones en directo, siendo m\u00e1s proclive a que fuese \u00e9l mismo quien lo verbalizase bien por tel\u00e9fono o incluso tomando asiento in situ.\n    <\/p>\n<p>    <a href=\"https:\/\/www.eldiario.es\/vertele\/analisis\/rtve-la-revuelta-rentabiliza-exito-broncano-nuevas-tarifas-patrocinar-alcanzan-165-000-euros_1_12698993.html\" data-mrf-recirculation=\"saber-mas-abajo\" data-dl-event=\"saber-mas-abajo\" rel=\"nofollow noopener\" target=\"_blank\"><\/p>\n<p class=\"know-more__title\">RTVE rentabiliza el \u00e9xito de Broncano: las nuevas tarifas para patrocinar &#8216;La Revuelta&#8217; alcanzan los 165.000 euros<\/p>\n<p>            <img decoding=\"async\" class=\"lazy\" loading=\"lazy\" data-src=\"https:\/\/static.eldiario.es\/clip\/ee283cb9-6e66-4bbd-916b-f50589973622_16-9-aspect-ratio_default_0.jpg\" src=\"data:image\/svg+xml,%3Csvg xmlns=\" http:=\"\" viewbox=\"0 0 880 495\" alt=\"RTVE rentabiliza el \u00e9xito de Broncano: las nuevas tarifas para patrocinar 'La Revuelta' alcanzan los 165.000 euros\"\/><\/p>\n<p>                        <\/a><\/p>\n<blockquote class=\"twitter-tweet\" data-lang=\"es\"><p><a href=\"https:\/\/twitter.com\/X\/status\/1981006632919466137?ref_src=twsrc%5Etfw\" rel=\"nofollow noopener\" target=\"_blank\"><\/p><\/blockquote>\n<p>    El burofax de Lucas y Mar\u00eda Jos\u00e9<\/p>\n<p class=\"article-text\">\n        Mar\u00eda Pati\u00f1o ha le\u00eddo en directo el burofax en cuesti\u00f3n: \u201c<strong>Solicitan que rectifiquemos<\/strong>. Insisten que no ha habido lesi\u00f3n por parte de Lucas hacia el supuesto exproductor porque su profesi\u00f3n es t\u00e9cnico de electrodom\u00e9sticos y no existe denuncia de lesi\u00f3n, as\u00ed como parte de lesi\u00f3n alguno. No est\u00e1 probado que esa persona les encontrara en su domicilio en actitud \u00edntima. No es cierto que cometieran el delito de detenci\u00f3n ilegal. No se ha invertido dinero alguno por parte del productor al grupo Andy y Lucas, pues no se aporta documento alguno de tal operaci\u00f3n financiera\u201d.\n    <\/p>\n<p>                                    <script async src=\"https:\/\/platform.twitter.com\/widgets.js\" charset=\"utf-8\"><\/script><\/p>\n","protected":false},"excerpt":{"rendered":"El cantante Lucas, del recientemente separado d\u00fao &#8216;Andy y Lucas&#8216;, ha enviado un burofax al programa No somos&hellip;\n","protected":false},"author":2,"featured_media":194688,"comment_status":"","ping_status":"","sticky":false,"template":"","format":"standard","meta":{"footnotes":""},"categories":[174],"tags":[16221,54111,255,146,147,21575,25,24,256,7357,1932,5286,54112,689,8014,10596,23],"class_list":{"0":"post-194687","1":"post","2":"type-post","3":"status-publish","4":"format-standard","5":"has-post-thumbnail","7":"category-famosos","8":"tag-andy","9":"tag-burofax","10":"tag-celebrities","11":"tag-entertainment","12":"tag-entretenimiento","13":"tag-envia","14":"tag-es","15":"tag-espana","16":"tag-famosos","17":"tag-lucas","18":"tag-maria","19":"tag-nadie","20":"tag-nerviosos","21":"tag-no","22":"tag-patino","23":"tag-pronuncia","24":"tag-spain"},"share_on_mastodon":{"url":"https:\/\/pubeurope.com\/@es\/115420079304283578","error":""},"_links":{"self":[{"href":"https:\/\/www.europesays.com\/es\/wp-json\/wp\/v2\/posts\/194687","targetHints":{"allow":["GET"]}}],"collection":[{"href":"https:\/\/www.europesays.com\/es\/wp-json\/wp\/v2\/posts"}],"about":[{"href":"https:\/\/www.europesays.com\/es\/wp-json\/wp\/v2\/types\/post"}],"author":[{"embeddable":true,"href":"https:\/\/www.europesays.com\/es\/wp-json\/wp\/v2\/users\/2"}],"replies":[{"embeddable":true,"href":"https:\/\/www.europesays.com\/es\/wp-json\/wp\/v2\/comments?post=194687"}],"version-history":[{"count":0,"href":"https:\/\/www.europesays.com\/es\/wp-json\/wp\/v2\/posts\/194687\/revisions"}],"wp:featuredmedia":[{"embeddable":true,"href":"https:\/\/www.europesays.com\/es\/wp-json\/wp\/v2\/media\/194688"}],"wp:attachment":[{"href":"https:\/\/www.europesays.com\/es\/wp-json\/wp\/v2\/media?parent=194687"}],"wp:term":[{"taxonomy":"category","embeddable":true,"href":"https:\/\/www.europesays.com\/es\/wp-json\/wp\/v2\/categories?post=194687"},{"taxonomy":"post_tag","embeddable":true,"href":"https:\/\/www.europesays.com\/es\/wp-json\/wp\/v2\/tags?post=194687"}],"curies":[{"name":"wp","href":"https:\/\/api.w.org\/{rel}","templated":true}]}}