{"id":194689,"date":"2025-10-22T22:03:09","date_gmt":"2025-10-22T22:03:09","guid":{"rendered":"https:\/\/www.europesays.com\/es\/194689\/"},"modified":"2025-10-22T22:03:09","modified_gmt":"2025-10-22T22:03:09","slug":"el-arquitecto-victor-lopez-cotelo-que-rehabilito-la-casa-de-las-conchas-premio-nacional-de-arquitectura","status":"publish","type":"post","link":"https:\/\/www.europesays.com\/es\/194689\/","title":{"rendered":"El arquitecto V\u00edctor L\u00f3pez Cotelo, que rehabilit\u00f3 la Casa de las Conchas, Premio Nacional de Arquitectura"},"content":{"rendered":"<p class=\"v-mdl-ath__p v-mdl-ath__p--6\">\nMi\u00e9rcoles, 22 de octubre 2025, 19:23<\/p>\n<p>| Actualizado 21:33h.<\/p>\n<p class=\"v-p\">El arquitecto <strong>V\u00edctor L\u00f3pez Cotelo<\/strong> ha recibido el <strong>Premio Nacional de Arquitectura 2024<\/strong>, otorgado por el <strong>Ministerio de Vivienda y Agenda Urbana<\/strong>, en reconocimiento a una trayectoria \u00abcoherente y rigurosa\u00bb, caracterizada por un \u00abcuidado excepcional del detalle y una sensibilidad refinada\u00bb, seg\u00fan informa la Agencia EFE.<\/p>\n<p class=\"v-p\">Seg\u00fan un comunicado del ministerio, \u00absu obra, comedida y alejada de la b\u00fasqueda de protagonismo, se distingue por su gran calidad espacial y su capacidad singular para integrar lo nuevo con lo preexistente, abordando cada intervenci\u00f3n con sutileza, profundidad y respeto por la memoria del lugar\u00bb.<\/p>\n<p class=\"v-p\">El jurado tambi\u00e9n destac\u00f3 su compromiso con la arquitectura p\u00fablica, ejemplificado en proyectos como la <strong>Escuela de Arquitectura de Granada<\/strong>, as\u00ed como su atenci\u00f3n constante a la sostenibilidad, la incorporaci\u00f3n discreta de la tecnolog\u00eda y el rigor constructivo. Adem\u00e1s, subrayaron su proyecci\u00f3n internacional y su labor docente en el \u00e1mbito de la arquitectura.<\/p>\n<p class=\"v-p\">El premio, dotado con 60.000 euros, fue decidido por un jurado integrado por destacados profesionales del sector y presidido por <strong>I\u00f1aki Carnicero<\/strong>, <strong>secretario general de Agenda Urbana, Vivienda y Arquitectura<\/strong>. La candidatura de L\u00f3pez Cotelo, presentada por la <strong>Escuela Polit\u00e9cnica Superior de la Universidad CEU San Pablo<\/strong>, fue elegida en la reuni\u00f3n del pasado 15 de octubre.<\/p>\n<p class=\"v-p\">Nacido en Madrid en 1947, L\u00f3pez Cotelo se gradu\u00f3 en la <strong>Escuela T\u00e9cnica Superior de Arquitectura de Madrid (ETSAM)<\/strong> en 1969, especializ\u00e1ndose en <strong>Urbanismo y Edificaci\u00f3n<\/strong>. Complet\u00f3 su formaci\u00f3n profesional en Alemania, trabajando entre 1970 y 1972 en el <strong>estudio de G\u00fcnter Behnisch en M\u00fanich<\/strong>, participando en proyectos como las instalaciones ol\u00edmpicas de la ciudad.<\/p>\n<p class=\"v-p\">A su regreso a Espa\u00f1a, colabor\u00f3 con <strong>Alejandro de la Sota<\/strong>, referente de la arquitectura moderna espa\u00f1ola, hasta 1979, a\u00f1o en que fund\u00f3 su propio estudio. Entre sus obras m\u00e1s reconocidas se encuentran la rehabilitaci\u00f3n de la <strong>Casa de las Conchas (Salamanca, 1993)<\/strong>, la <strong>Escuela de Arquitectura de Granada (2015)<\/strong>, el <strong>conjunto residencial en Ponte Sarela (Santiago de Compostela, 2009)<\/strong>, as\u00ed como proyectos como la <strong>Filmoteca Espa\u00f1ola (Pozuelo de Alarc\u00f3n, Madrid, 2013)<\/strong> y el <strong>Ayuntamiento y plaza de Valdelaguna (1986)<\/strong>.<\/p>\n<p>Reporta un error<\/p>\n","protected":false},"excerpt":{"rendered":"Mi\u00e9rcoles, 22 de octubre 2025, 19:23 | Actualizado 21:33h. El arquitecto V\u00edctor L\u00f3pez Cotelo ha recibido el Premio&hellip;\n","protected":false},"author":2,"featured_media":194690,"comment_status":"","ping_status":"","sticky":false,"template":"","format":"standard","meta":{"footnotes":""},"categories":[173],"tags":[839,801,229,233,231,230,54113,232,234,146,147,25,24,7355,813,843,23,1780],"class_list":{"0":"post-194689","1":"post","2":"type-post","3":"status-publish","4":"format-standard","5":"has-post-thumbnail","7":"category-arte-y-diseno","8":"tag-arquitecto","9":"tag-arquitectura","10":"tag-arte","11":"tag-arte-y-diseno","12":"tag-arts","13":"tag-arts-and-design","14":"tag-cotelo","15":"tag-design","16":"tag-diseno","17":"tag-entertainment","18":"tag-entretenimiento","19":"tag-es","20":"tag-espana","21":"tag-lopez","22":"tag-nacional","23":"tag-premio","24":"tag-spain","25":"tag-victor"},"share_on_mastodon":{"url":"https:\/\/pubeurope.com\/@es\/115420083229055198","error":""},"_links":{"self":[{"href":"https:\/\/www.europesays.com\/es\/wp-json\/wp\/v2\/posts\/194689","targetHints":{"allow":["GET"]}}],"collection":[{"href":"https:\/\/www.europesays.com\/es\/wp-json\/wp\/v2\/posts"}],"about":[{"href":"https:\/\/www.europesays.com\/es\/wp-json\/wp\/v2\/types\/post"}],"author":[{"embeddable":true,"href":"https:\/\/www.europesays.com\/es\/wp-json\/wp\/v2\/users\/2"}],"replies":[{"embeddable":true,"href":"https:\/\/www.europesays.com\/es\/wp-json\/wp\/v2\/comments?post=194689"}],"version-history":[{"count":0,"href":"https:\/\/www.europesays.com\/es\/wp-json\/wp\/v2\/posts\/194689\/revisions"}],"wp:featuredmedia":[{"embeddable":true,"href":"https:\/\/www.europesays.com\/es\/wp-json\/wp\/v2\/media\/194690"}],"wp:attachment":[{"href":"https:\/\/www.europesays.com\/es\/wp-json\/wp\/v2\/media?parent=194689"}],"wp:term":[{"taxonomy":"category","embeddable":true,"href":"https:\/\/www.europesays.com\/es\/wp-json\/wp\/v2\/categories?post=194689"},{"taxonomy":"post_tag","embeddable":true,"href":"https:\/\/www.europesays.com\/es\/wp-json\/wp\/v2\/tags?post=194689"}],"curies":[{"name":"wp","href":"https:\/\/api.w.org\/{rel}","templated":true}]}}