{"id":194691,"date":"2025-10-22T22:04:14","date_gmt":"2025-10-22T22:04:14","guid":{"rendered":"https:\/\/www.europesays.com\/es\/194691\/"},"modified":"2025-10-22T22:04:14","modified_gmt":"2025-10-22T22:04:14","slug":"herve-alustiza-presenta-el-libroreciclones-en-accion","status":"publish","type":"post","link":"https:\/\/www.europesays.com\/es\/194691\/","title":{"rendered":"Herv\u00e9 Al\u00fastiza presenta el libro\n\u2018\u00a1Reciclones en acci\u00f3n!\u2019"},"content":{"rendered":"<p>\n        La librer\u00eda San Pablo ser\u00e1 escenario de una actuaci\u00f3n musical y familiar con guitarras recicladas y pintadas por el <a href=\"https:\/\/www.noticiasdenavarra.com\/navarra\/2025\/10\/16\/artista-gorka-beunza-presenta-kultur-10227914.html\" title=\"artista\" class=\"link copy\" rel=\"nofollow noopener\" target=\"_blank\"><strong>artista <\/strong><\/a><strong>Javier Erice Herv\u00e9 Al\u00fastiza<\/strong>, escritor navarro consagrado en literatura infantil y juvenil presenta su \u00faltimo libro para adolescentes titulado<strong> \u00a1Reciclones en acci\u00f3n!<\/strong> El acto se celebrar\u00e1 en la librer\u00eda San Pablo de la plaza de Merindades <strong>este viernes, 24 de octubre, a las 18.30 horas.<\/strong>\n<\/p>\n<p class=\"article-body__text \">\n        La presentaci\u00f3n del libro se desarrollar\u00e1 en medio de una actuaci\u00f3n musical para todas las edades. Se escuchar\u00e1n canciones compuestas en torno a la tem\u00e1tica o personajes del libro. <strong>El autor y cantautor cantar\u00e1 y tocar\u00e1 junto a su esposa Teresa Guti\u00e9rrez de Cabiedes y su hijo Giuseppe<\/strong> guitarras rescatadas de contenedores, arregladas y pintadas por el artista Javier Erice. Tambi\u00e9n participar\u00e1 el percusionista <strong>Mikel Ros<\/strong> con otra guitarra accidentada que se ha convertido en fuente de ritmos diferentes. Mikel, denominado buscador de sonidos, ha construido y utilizado diferentes instrumentos de percusi\u00f3n con materiales tan variopintos como una estufa.\n<\/p>\n<p class=\"article-body__text \">\n        Adem\u00e1s, como el libro est\u00e1 dedicado a los traperos y de modo especial a Traperos de Ema\u00fas por su gran labor de reciclaje y acogida, intervendr\u00e1 <strong>Jos\u00e9 Mar\u00eda Garc\u00eda<\/strong>, el director de esta fundaci\u00f3n en Navarra. Una ocasi\u00f3n muy recomendable para disfrutar para todas las edades al comp\u00e1s de las palmas, los pies o maracas inventadas.\n<\/p>\n<p class=\"article-body__text \">\n        Al\u00fastiza, conocido ya por sus \u00e1lbumes navide\u00f1os en verso durante cinco a\u00f1os consecutivos Y corrieron a Bel\u00e9n y otros cuentos y su \u00f3pera prima El vuelo del morcarDR\u00d3N aborda ahora el tema del reciclaje del coraz\u00f3n. <strong>Reflexiona sobre la fuerza y el valor de las personas por delante de las cosas promoviendo el cuidado del planeta desde la cara m\u00e1s humana.<\/strong>\n<\/p>\n<p class=\"article-body__text \">\n        El libro cuenta con una ficha de lectura que se puede descargar desde la web de la editorial <strong>Laude <\/strong>y que se puede trabajar de manera transversal con el alumnado desde distintas \u00e1reas, invit\u00e1ndoles a una reflexi\u00f3n profunda a trav\u00e9s de ejercicios l\u00fadicos.<\/p>\n","protected":false},"excerpt":{"rendered":"La librer\u00eda San Pablo ser\u00e1 escenario de una actuaci\u00f3n musical y familiar con guitarras recicladas y pintadas por&hellip;\n","protected":false},"author":2,"featured_media":194692,"comment_status":"","ping_status":"","sticky":false,"template":"","format":"standard","meta":{"footnotes":""},"categories":[172],"tags":[54114,224,146,147,25,24,48819,1496,225,2782,54115,23],"class_list":{"0":"post-194691","1":"post","2":"type-post","3":"status-publish","4":"format-standard","5":"has-post-thumbnail","7":"category-libros","8":"tag-alustiza","9":"tag-books","10":"tag-entertainment","11":"tag-entretenimiento","12":"tag-es","13":"tag-espana","14":"tag-herve","15":"tag-libro","16":"tag-libros","17":"tag-presenta","18":"tag-reciclones","19":"tag-spain"},"share_on_mastodon":{"url":"https:\/\/pubeurope.com\/@es\/115420087305057895","error":""},"_links":{"self":[{"href":"https:\/\/www.europesays.com\/es\/wp-json\/wp\/v2\/posts\/194691","targetHints":{"allow":["GET"]}}],"collection":[{"href":"https:\/\/www.europesays.com\/es\/wp-json\/wp\/v2\/posts"}],"about":[{"href":"https:\/\/www.europesays.com\/es\/wp-json\/wp\/v2\/types\/post"}],"author":[{"embeddable":true,"href":"https:\/\/www.europesays.com\/es\/wp-json\/wp\/v2\/users\/2"}],"replies":[{"embeddable":true,"href":"https:\/\/www.europesays.com\/es\/wp-json\/wp\/v2\/comments?post=194691"}],"version-history":[{"count":0,"href":"https:\/\/www.europesays.com\/es\/wp-json\/wp\/v2\/posts\/194691\/revisions"}],"wp:featuredmedia":[{"embeddable":true,"href":"https:\/\/www.europesays.com\/es\/wp-json\/wp\/v2\/media\/194692"}],"wp:attachment":[{"href":"https:\/\/www.europesays.com\/es\/wp-json\/wp\/v2\/media?parent=194691"}],"wp:term":[{"taxonomy":"category","embeddable":true,"href":"https:\/\/www.europesays.com\/es\/wp-json\/wp\/v2\/categories?post=194691"},{"taxonomy":"post_tag","embeddable":true,"href":"https:\/\/www.europesays.com\/es\/wp-json\/wp\/v2\/tags?post=194691"}],"curies":[{"name":"wp","href":"https:\/\/api.w.org\/{rel}","templated":true}]}}