{"id":194705,"date":"2025-10-22T22:13:10","date_gmt":"2025-10-22T22:13:10","guid":{"rendered":"https:\/\/www.europesays.com\/es\/194705\/"},"modified":"2025-10-22T22:13:10","modified_gmt":"2025-10-22T22:13:10","slug":"la-capital-de-peru-bajo-estado-de-excepcion-por-la-ola-de-violencia","status":"publish","type":"post","link":"https:\/\/www.europesays.com\/es\/194705\/","title":{"rendered":"La capital de Per\u00fa, bajo estado de excepci\u00f3n por la ola de violencia"},"content":{"rendered":"<p style=\"\"><a href=\"https:\/\/www.abc.es\/internacional\/jose-jeri-octavo-presidente-peru-2016-salpicado-20251010215108-nt.html\" target=\"_self\" data-voc-vtm-id=\"in-text-traffic\" title=\"El nuevo presidente de Per\u00fa, Jos\u00e9 Jer\u00ed,\" data-mrf-link=\"www.abc.es\" rel=\"nofollow noopener\">El nuevo presidente de Per\u00fa, Jos\u00e9 Jer\u00ed,<\/a> ha comenzado a implementar el <a href=\"https:\/\/www.abc.es\/internacional\/modelo-bukele-crimen-inspira-paises-iberoamerica-20240227195138-nt.html\" target=\"_self\" data-voc-vtm-id=\"in-text-traffic\" title=\"&#039;modelo Bukele&#039;\" data-mrf-link=\"www.abc.es\" rel=\"nofollow noopener\">&#8216;modelo Bukele&#8217;<\/a> en el pa\u00eds tan solo quince d\u00edas despu\u00e9s de llegar al poder. El martes anunci\u00f3 la imposici\u00f3n del estado de emergencia durante 30 d\u00edas en la capital, Lima, y  &#8230; tambi\u00e9n en la provincia del Callao. \u00abLas guerras se ganan con acciones, no con palabras\u00bb, afirm\u00f3 el mandatario, de 38 a\u00f1os, durante una declaraci\u00f3n desde el Palacio de Gobierno, en la que estuvo acompa\u00f1ado de sus ministros. <\/p>\n<p class=\"voc-p\" style=\"\">\u00abLa delincuencia ha crecido de manera desmesurada en los \u00faltimos a\u00f1os, causando un enorme dolor en miles de familias y perjudicando adem\u00e1s el progreso del pa\u00eds. Pero esto se acab\u00f3. Hoy empezamos a cambiar la historia en la lucha contra la inseguridad en el Per\u00fa\u00bb, subray\u00f3 Jer\u00ed, al tiempo que agreg\u00f3: \u00abEsta es una lucha que nos permitir\u00e1 recuperar la paz, la tranquilidad y la confianza de millones de peruanos. Las guerras se ganan con acciones, no con palabras\u00bb. En la madrugada de este mi\u00e9rcoles, el presidente transmiti\u00f3 desde su cuenta personal en TikTok lo que suced\u00eda en Lima desde la entrada en vigor (a las doce de la noche) del estado de emergencia.<\/p>\n<p class=\"voc-p\" style=\"\">El Gobierno instal\u00f3 carpas de seguridad en varios distritos de Lima donde grupos de miembros de las Fuerzas Armadas se situaron para recorrer las zonas m\u00e1s conflictivas ubicadas en los distritos de San Juan de Lurigancho, Los Olivos, San Mart\u00edn de Porres, Comas y Carabayllo. Durante el d\u00eda, Jer\u00ed, junto al ministro del Interior, Vicente Tiburcio; y el de Defensa, C\u00e9sar D\u00edaz, supervisaron las carpas.<\/p>\n<p class=\"voc-p\" style=\"\">El ministro del Interior asegur\u00f3 que durante el estado de emergencia se dar\u00e1 prioridad a los trabajos \u00abde inteligencia operativa policial\u00bb, tanto para labores preventivas como para la lucha contra la delincuencia.<\/p>\n<p class=\"voc-p\" style=\"\">El decreto ha suspendido derechos fundamentales como la inviolabilidad del domicilio y la libertad de reuni\u00f3n,y permite que las Fuerzas Armadas den apoyo a la Polic\u00eda Nacional de Per\u00fa (PNP) en el combate al crimen organizado.<\/p>\n<p>\nDecenas de detenciones\n<\/p>\n<p class=\"voc-p\" style=\"\">En la primera jornada de estado de emergencia, las fuerzas de seguridad de Per\u00fa detuvieron a decenas de personas acusadas de integrar bandas criminales e intervinieron dos prisiones con alto nivel de hacinamiento.<\/p>\n<p class=\"voc-p\" style=\"\">Durante la madrugada de ayer, la PNP anunci\u00f3 el inicio de un plan denominado &#8216;Destello&#8217;, que incluye la entrada en operaciones de unidades especiales en \u00abuna nueva ofensiva contra la delincuencia\u00bb, seg\u00fan informa Efe. Entre los primeros operativos, se inform\u00f3 de una intervenci\u00f3n de la brigada de robos de la Direcci\u00f3n de Investigaci\u00f3n Criminal (Dirincri) en el distrito de La Victoria, donde se desarticul\u00f3 una banda dedicada al robo agravado y el tr\u00e1fico il\u00edcito de drogas. En esta operaci\u00f3n, los agentes detuvieron a 24 personas, 21 de ellas extranjeras, que no han sido identificadas.<\/p>\n<p class=\"voc-p\" style=\"\">La PNP inform\u00f3, adem\u00e1s, de la detenci\u00f3n de una banda dedicada a la comercializaci\u00f3n de drogas en el distrito de San Juan de Lurigancho, en el este de la capital peruana, y de un operativo de control en los distritos de Chaclacayo y Chosica, que incluy\u00f3 intervenciones a conductores para detectar armas, drogas y otros objetos ilegales.<\/p>\n<p>\nRestricciones en las c\u00e1rceles\n<\/p>\n<p class=\"voc-p\" style=\"\">Por su parte, el ministro de Justicia, <strong>Walter Mart\u00ednez,<\/strong> inform\u00f3 que tambi\u00e9n se realizaron requisas simult\u00e1neas en las prisiones de Lurigancho y Anc\u00f3n, donde se han \u00abencontrado diversos elementos prohibidos, como armas blancas, celulares, un dispositivo de comunicaci\u00f3n por sat\u00e9lite y libretas de apuntes\u00bb. Mart\u00ednez confirm\u00f3 que se ha decidido restringir las visitas a las prisiones, que ahora ser\u00e1n solo cada quince d\u00edas, adem\u00e1s de haberse ordenado un \u00abapag\u00f3n electr\u00f3nico\u00bb en las c\u00e1rceles, lo que supone que solo van a tener energ\u00eda el\u00e9ctrica para la iluminaci\u00f3n.<\/p>\n<p class=\"voc-p\" style=\"\">Este estado de emergencia, que ha sido ordenado en los \u00faltimos a\u00f1os en varias regiones del pa\u00eds, se ha decretado despu\u00e9s de que en Lima se realizaran paros de transportistas y movilizaciones de protesta contra el Ejecutivo y el Congreso para exigir medidas efectivas en la lucha contra el incremento del crimen organizado.<\/p>\n<p class=\"voc-p\" style=\"\">Este problema fue uno de los principales motivos que l<a href=\"https:\/\/www.abc.es\/internacional\/congreso-peru-destituye-presidenta-dina-boluarte-20251010073522-nt.html\" target=\"_self\" data-voc-vtm-id=\"in-text-traffic\" title=\"levaron a la destituci\u00f3n de Dina Boluarte (2022-2025)\" data-mrf-link=\"www.abc.es\" rel=\"nofollow noopener\">levaron a la destituci\u00f3n de Dina Boluarte (2022-2025)<\/a> como presidenta el pasado 9 octubre por el pleno del Congreso.<\/p>\n","protected":false},"excerpt":{"rendered":"El nuevo presidente de Per\u00fa, Jos\u00e9 Jer\u00ed, ha comenzado a implementar el &#8216;modelo Bukele&#8217; en el pa\u00eds tan&hellip;\n","protected":false},"author":2,"featured_media":194706,"comment_status":"","ping_status":"","sticky":false,"template":"","format":"standard","meta":{"footnotes":""},"categories":[42],"tags":[7569,17,18,7264,693,10044,13,14,11,61,62,63,64,19,20,9,10,15,16,3007,705,12,21,22,432,65,66,67],"class_list":{"0":"post-194705","1":"post","2":"type-post","3":"status-publish","4":"format-standard","5":"has-post-thumbnail","7":"category-internacional","8":"tag-bajo","9":"tag-breaking-news","10":"tag-breakingnews","11":"tag-capital","12":"tag-estado","13":"tag-excepcion","14":"tag-featured-news","15":"tag-featurednews","16":"tag-headlines","17":"tag-internacional","18":"tag-international","19":"tag-international-news","20":"tag-internationalnews","21":"tag-latest-news","22":"tag-latestnews","23":"tag-news","24":"tag-noticias","25":"tag-noticias-destacadas","26":"tag-noticiasdestacadas","27":"tag-ola","28":"tag-peru","29":"tag-titulares","30":"tag-ultimas-noticias","31":"tag-ultimasnoticias","32":"tag-violencia","33":"tag-world","34":"tag-world-news","35":"tag-worldnews"},"share_on_mastodon":{"url":"https:\/\/pubeurope.com\/@es\/115420122524521782","error":""},"_links":{"self":[{"href":"https:\/\/www.europesays.com\/es\/wp-json\/wp\/v2\/posts\/194705","targetHints":{"allow":["GET"]}}],"collection":[{"href":"https:\/\/www.europesays.com\/es\/wp-json\/wp\/v2\/posts"}],"about":[{"href":"https:\/\/www.europesays.com\/es\/wp-json\/wp\/v2\/types\/post"}],"author":[{"embeddable":true,"href":"https:\/\/www.europesays.com\/es\/wp-json\/wp\/v2\/users\/2"}],"replies":[{"embeddable":true,"href":"https:\/\/www.europesays.com\/es\/wp-json\/wp\/v2\/comments?post=194705"}],"version-history":[{"count":0,"href":"https:\/\/www.europesays.com\/es\/wp-json\/wp\/v2\/posts\/194705\/revisions"}],"wp:featuredmedia":[{"embeddable":true,"href":"https:\/\/www.europesays.com\/es\/wp-json\/wp\/v2\/media\/194706"}],"wp:attachment":[{"href":"https:\/\/www.europesays.com\/es\/wp-json\/wp\/v2\/media?parent=194705"}],"wp:term":[{"taxonomy":"category","embeddable":true,"href":"https:\/\/www.europesays.com\/es\/wp-json\/wp\/v2\/categories?post=194705"},{"taxonomy":"post_tag","embeddable":true,"href":"https:\/\/www.europesays.com\/es\/wp-json\/wp\/v2\/tags?post=194705"}],"curies":[{"name":"wp","href":"https:\/\/api.w.org\/{rel}","templated":true}]}}