{"id":194711,"date":"2025-10-22T22:16:14","date_gmt":"2025-10-22T22:16:14","guid":{"rendered":"https:\/\/www.europesays.com\/es\/194711\/"},"modified":"2025-10-22T22:16:14","modified_gmt":"2025-10-22T22:16:14","slug":"ansl-el-centro-de-alto-rendimiento-deportivo-es-sede-del-torneo-nacional-de-handball-fase-1-region-cuyo","status":"publish","type":"post","link":"https:\/\/www.europesays.com\/es\/194711\/","title":{"rendered":"ANSL \u00bb El Centro de Alto Rendimiento Deportivo es sede del Torneo Nacional de Handball Fase 1 Regi\u00f3n Cuyo"},"content":{"rendered":"<p><strong>Desde este mi\u00e9rcoles hasta el s\u00e1bado, el predio ubicado en la Ciudad de La Punta albergar\u00e1 a cinco equipos que competir\u00e1n por una plaza en el Torneo Nacional C.<\/strong><\/p>\n<p><img decoding=\"async\" class=\"wp-image-1109015 size-full img-fluid\" src=\"https:\/\/www.europesays.com\/es\/wp-content\/uploads\/2025\/10\/1000641423.jpg\" alt=\"\" width=\"1578\" height=\"1052\" loading=\"lazy\"  \/><\/p>\n<p>El evento est\u00e1 organizado por la Federaci\u00f3n Sanluise\u00f1a de Handball.<\/p>\n<p>El Centro de Alto Rendimiento Deportivo (CARD) es uno de los centros m\u00e1s importantes de Sudam\u00e9rica, donde se realizan una gran cantidad de deportes tanto grupales como individuales. A su vez, oficia de sede para una gran cantidad de eventos que buscan contar con las mejores instalaciones de la provincia para llevar a cabo sus actividades.<\/p>\n<p>Esta semana, hasta el s\u00e1bado, el predio ser\u00e1 sede del <strong>Torneo Nacional de Handball Fase 1 Regi\u00f3n Cuyo de la Confederaci\u00f3n Argentina,<\/strong> organizado por la<strong> Federaci\u00f3n Sanluise\u00f1a de Handball<\/strong>, una competencia que nuclea a cinco clubes de la regi\u00f3n y que dar\u00e1 una plaza para participar en el <strong>Torneo Nacional C<\/strong>. De este torneo participar\u00e1n equipos sanluise\u00f1os y de otras provincias que se acercaron a San Luis para competir en esta edici\u00f3n.<\/p>\n<p>Se realizar\u00e1 una fase regular, donde jugar\u00e1n todos contra todos: el primero y el segundo clasificar\u00e1n a la final, mientras que el tercero y cuarto definir\u00e1n el tercer puesto. El quinto jugar\u00e1 un amistoso contra la selecci\u00f3n juvenil que se prepara para los <strong>Juegos Binacionales<\/strong>, que aporta un atractivo extra, brindando minutos de juego a los futuros talentos en un contexto competitivo y que representar\u00e1n a la provincia durante el mes de noviembre en <strong>Chile<\/strong>.<\/p>\n<p>De la competencia participar\u00e1n los equipos del <strong>CARD-ULP, San Luis Handball-San Ignacio, CEDEP-Pescadores, Club Vial de San Juan y Club Tunuy\u00e1n de Mendoza.<\/strong><\/p>\n","protected":false},"excerpt":{"rendered":"Desde este mi\u00e9rcoles hasta el s\u00e1bado, el predio ubicado en la Ciudad de La Punta albergar\u00e1 a cinco&hellip;\n","protected":false},"author":2,"featured_media":194712,"comment_status":"","ping_status":"","sticky":false,"template":"","format":"standard","meta":{"footnotes":""},"categories":[278],"tags":[376,168,25,24,375,23,167],"class_list":{"0":"post-194711","1":"post","2":"type-post","3":"status-publish","4":"format-standard","5":"has-post-thumbnail","7":"category-balonmano","8":"tag-balonmano","9":"tag-deportes","10":"tag-es","11":"tag-espana","12":"tag-handball","13":"tag-spain","14":"tag-sports"},"share_on_mastodon":{"url":"https:\/\/pubeurope.com\/@es\/115420134353561270","error":""},"_links":{"self":[{"href":"https:\/\/www.europesays.com\/es\/wp-json\/wp\/v2\/posts\/194711","targetHints":{"allow":["GET"]}}],"collection":[{"href":"https:\/\/www.europesays.com\/es\/wp-json\/wp\/v2\/posts"}],"about":[{"href":"https:\/\/www.europesays.com\/es\/wp-json\/wp\/v2\/types\/post"}],"author":[{"embeddable":true,"href":"https:\/\/www.europesays.com\/es\/wp-json\/wp\/v2\/users\/2"}],"replies":[{"embeddable":true,"href":"https:\/\/www.europesays.com\/es\/wp-json\/wp\/v2\/comments?post=194711"}],"version-history":[{"count":0,"href":"https:\/\/www.europesays.com\/es\/wp-json\/wp\/v2\/posts\/194711\/revisions"}],"wp:featuredmedia":[{"embeddable":true,"href":"https:\/\/www.europesays.com\/es\/wp-json\/wp\/v2\/media\/194712"}],"wp:attachment":[{"href":"https:\/\/www.europesays.com\/es\/wp-json\/wp\/v2\/media?parent=194711"}],"wp:term":[{"taxonomy":"category","embeddable":true,"href":"https:\/\/www.europesays.com\/es\/wp-json\/wp\/v2\/categories?post=194711"},{"taxonomy":"post_tag","embeddable":true,"href":"https:\/\/www.europesays.com\/es\/wp-json\/wp\/v2\/tags?post=194711"}],"curies":[{"name":"wp","href":"https:\/\/api.w.org\/{rel}","templated":true}]}}