{"id":194717,"date":"2025-10-22T22:21:22","date_gmt":"2025-10-22T22:21:22","guid":{"rendered":"https:\/\/www.europesays.com\/es\/194717\/"},"modified":"2025-10-22T22:21:22","modified_gmt":"2025-10-22T22:21:22","slug":"unai-zubeldia-abandona-el-ciclismo-con-22-anos-para-dedicarse-al-big-data","status":"publish","type":"post","link":"https:\/\/www.europesays.com\/es\/194717\/","title":{"rendered":"Unai Zubeldia abandona el ciclismo con 22 a\u00f1os para dedicarse al Big Data"},"content":{"rendered":"<p>    Noticias relacionadas<\/p>\n<p class=\"paragraph\" id=\"paragraph_1\"><strong>Unai Zubeldia<\/strong> ha decidido poner fin a su etapa como ciclista profesional. El de Ibarra, de tan solo 22 a\u00f1os de edad, es considerado <strong>uno de los j\u00f3venes talentos m\u00e1s prometedores del ciclismo vasco<\/strong>, pero su decisi\u00f3n ha sorprendido al mundo del deporte al aparcar su sue\u00f1o y <strong>dedicarse a la inteligencia artificial y la ciencia de datos<\/strong>.<\/p>\n<p class=\"paragraph\" id=\"paragraph_2\">Zubeldia se ha licenciado recientemente por la <strong>Universidad de Mondrag\u00f3n<\/strong> y ha compaginado durante a\u00f1os su faceta deportiva con la acad\u00e9mica. Mientras compet\u00eda con el Laboral Kutxa y, m\u00e1s tarde, con el Euskaltel-Euskadi, <strong>cursaba Business Data Analytics<\/strong>. Sus dotes anal\u00edticas comenzaron a llamar la atenci\u00f3n dentro del pelot\u00f3n.<\/p>\n<blockquote class=\"content__blockquote\">\n<p class=\"blockquote__quote\">Euskaltel Euskadi publicaba los estudios de rendimiento que \u00e9l mismo realizaba, comparando variables fisiol\u00f3gicas y esfuerzos en carrera<\/p>\n<\/blockquote>\n<p class=\"paragraph\" id=\"paragraph_3\">De hecho, era habitual que sus equipos <strong>publicaran en redes sociales los estudios del rendimiento que \u00e9l mismo realizaba<\/strong>, comparando variables fisiol\u00f3gicas, esfuerzos en carrera y estrategias de equipo. Esa curiosidad por los datos creci\u00f3 hasta convertirse en su principal vocaci\u00f3n.<\/p>\n<blockquote class=\"twitter-tweet\" data-media-max-width=\"560\">\n<p dir=\"ltr\" lang=\"es\">\ud83d\udc68\u200d\ud83c\udfeb <a href=\"https:\/\/twitter.com\/zubeldia_unai?ref_src=twsrc%5Etfw\" rel=\"nofollow noopener\" target=\"_blank\">@zubeldia_unai<\/a> ha analizado el rendimiento de su compa\u00f1ero Aitor Agirre en las dos pruebas contrarreloj disputadas en el mes de junio. Sus conclusiones \ud83d\udc47<\/p>\n<p>\u2197\ufe0f Cuando pedaleamos cuesta arriba, utilizamos gran parte de nuestra energ\u00eda en combatir la gravedad. En cambio,<\/p>\n<p>\ud83e\uddf5(+) <a href=\"https:\/\/t.co\/hMSJJHzSVr\" rel=\"nofollow\">pic.twitter.com\/hMSJJHzSVr<\/a><\/p>\n<p>\u2014 LABORALKutxaTeam (@LABORALkTeam) <a href=\"https:\/\/twitter.com\/LABORALkTeam\/status\/1676229253589872640?ref_src=twsrc%5Etfw\" rel=\"nofollow noopener\" target=\"_blank\">July 4, 2023<\/a><\/p><\/blockquote>\n<p>El precio oculto<\/p>\n<p class=\"paragraph\" id=\"paragraph_4\">En su comunicado de despedida, Zubeldia ha expresado gratitud por lo aprendido en el ciclismo, <strong>destacando la autodisciplina, el trabajo en equipo y la resiliencia bajo presi\u00f3n<\/strong>. Sin embargo, tambi\u00e9n habl\u00f3 sobre el precio oculto que hay en el alto rendimiento, destacando <strong>los riesgos en accidentes graves, la fatiga cr\u00f3nica y los efectos sobre la salud<\/strong> a largo plazo.<\/p>\n<p class=\"paragraph\" id=\"paragraph_5\">El punto de inflexi\u00f3n fue la certeza de que <strong>quer\u00eda dedicarse plenamente al an\u00e1lisis de datos<\/strong>. Reci\u00e9n graduado y con una s\u00f3lida base t\u00e9cnica, Zubeldia planea continuar pedaleando por placer, pero su futuro inmediato estar\u00e1 ligado al universo digital.<\/p>\n<blockquote class=\"content__blockquote content__blockquote--left\">\n<p class=\"blockquote__quote\">Su objetivo es especializarse en la aplicaci\u00f3n de la inteligencia artificial al rendimiento deportivo, un campo que \u00e9l mismo ha explorado como ciclista<\/p>\n<\/blockquote>\n<p class=\"paragraph\" id=\"paragraph_6\">Su objetivo es especializarse en la aplicaci\u00f3n de la inteligencia artificial al rendimiento deportivo, un campo que \u00e9l mismo ha explorado como ciclista. Su caso marca un cambio generacional: <strong>el paso de los puertos de monta\u00f1a a los algoritmos de predicci\u00f3n<\/strong>, sin perder la esencia del esfuerzo y la mejora continua que aprendi\u00f3 en la carretera.<\/p>\n<p class=\"paragraph\" id=\"paragraph_7\">Su trayectoria, aunque ha sido breve sobre la bicicleta, muestra c\u00f3mo el talento deportivo puede transformarse en conocimiento aplicado. En palabras suyas, \u00abahora me toca cambiar los vatios por datos, pero <strong>el esp\u00edritu de superaci\u00f3n sigue siendo el mismo<\/strong>\u00ab.<\/p>\n<p><img decoding=\"async\" alt=\"Unai Zubeldia celebra un triunfo de etapa.\" data-imgm=\"true\" height=\"180\" loading=\"lazy\"  src=\"https:\/\/www.europesays.com\/es\/wp-content\/uploads\/2025\/10\/1003742699796_15304020_1024x576.jpg\"  width=\"320\"\/><\/p>\n<p>                                                            Unai Zubeldia celebra un triunfo de etapa.<\/p>\n<p>                    Europa Press<\/p>\n<p>                                    <script async src=\"https:\/\/platform.twitter.com\/widgets.js\" charset=\"utf-8\"><\/script><\/p>\n","protected":false},"excerpt":{"rendered":"Noticias relacionadas Unai Zubeldia ha decidido poner fin a su etapa como ciclista profesional. El de Ibarra, de&hellip;\n","protected":false},"author":2,"featured_media":194718,"comment_status":"","ping_status":"","sticky":false,"template":"","format":"standard","meta":{"footnotes":""},"categories":[273],"tags":[313,312,634,168,5692,25,24,5691,6927,136,23,167],"class_list":{"0":"post-194717","1":"post","2":"type-post","3":"status-publish","4":"format-standard","5":"has-post-thumbnail","7":"category-ciclismo","8":"tag-ciclismo","9":"tag-cycling","10":"tag-deporte","11":"tag-deportes","12":"tag-deportes-sa","13":"tag-es","14":"tag-espana","15":"tag-euskadi","16":"tag-gipuzkoa","17":"tag-inteligencia-artificial","18":"tag-spain","19":"tag-sports"},"share_on_mastodon":{"url":"https:\/\/pubeurope.com\/@es\/115420154136291131","error":""},"_links":{"self":[{"href":"https:\/\/www.europesays.com\/es\/wp-json\/wp\/v2\/posts\/194717","targetHints":{"allow":["GET"]}}],"collection":[{"href":"https:\/\/www.europesays.com\/es\/wp-json\/wp\/v2\/posts"}],"about":[{"href":"https:\/\/www.europesays.com\/es\/wp-json\/wp\/v2\/types\/post"}],"author":[{"embeddable":true,"href":"https:\/\/www.europesays.com\/es\/wp-json\/wp\/v2\/users\/2"}],"replies":[{"embeddable":true,"href":"https:\/\/www.europesays.com\/es\/wp-json\/wp\/v2\/comments?post=194717"}],"version-history":[{"count":0,"href":"https:\/\/www.europesays.com\/es\/wp-json\/wp\/v2\/posts\/194717\/revisions"}],"wp:featuredmedia":[{"embeddable":true,"href":"https:\/\/www.europesays.com\/es\/wp-json\/wp\/v2\/media\/194718"}],"wp:attachment":[{"href":"https:\/\/www.europesays.com\/es\/wp-json\/wp\/v2\/media?parent=194717"}],"wp:term":[{"taxonomy":"category","embeddable":true,"href":"https:\/\/www.europesays.com\/es\/wp-json\/wp\/v2\/categories?post=194717"},{"taxonomy":"post_tag","embeddable":true,"href":"https:\/\/www.europesays.com\/es\/wp-json\/wp\/v2\/tags?post=194717"}],"curies":[{"name":"wp","href":"https:\/\/api.w.org\/{rel}","templated":true}]}}