{"id":194719,"date":"2025-10-22T22:22:10","date_gmt":"2025-10-22T22:22:10","guid":{"rendered":"https:\/\/www.europesays.com\/es\/194719\/"},"modified":"2025-10-22T22:22:10","modified_gmt":"2025-10-22T22:22:10","slug":"pato-oward-solo-se-ve-en-formula-1-o-indycar","status":"publish","type":"post","link":"https:\/\/www.europesays.com\/es\/194719\/","title":{"rendered":"Pato O&#8217;Ward solo se ve en Formula 1 o IndyCar"},"content":{"rendered":"<p>Pato O&#8217;Ward volver\u00e1 a subirse al monoplaza de McLaren en las pr\u00e1cticas del Gran Premio de la Ciudad de M\u00e9xico<\/p>\n<p>M\u00c9XICO &#8212; El piloto <strong>Pato O&#8217;Ward<\/strong> no se visualiza correr en otras categor\u00edas del automovilismo, al menos que sea la <strong>Formula 1<\/strong> o <strong>IndyCar<\/strong>. El mexicano afirma que, de momento, est\u00e1 enfocado en ambos campeonatos.<\/p>\n<p>\u201cSi me interesa (correr en WEC) pero no traigo la espina de hacerlo. Estoy enfocado en <strong>Indy (Car)<\/strong> y luego tengo las manos llenas en <strong>F1<\/strong>\u201d, coment\u00f3 a los medios durante un encuentro en la Ciudad de M\u00e9xico.<\/p>\n<p><img class=\" lazyload lazyload\" data-image-container=\".inline-photo\" height=\"320\" width=\"570\"\/>O&#8217;Ward tuvo un evento que convoc\u00f3 mucha gente en la Ciudad de M\u00e9xico\u00a0ESPN<\/p>\n<p>Este viernes correr\u00e1 por cuarta vez una sesi\u00f3n de pr\u00e1ctica libre en el Gran Premio de la Ciudad de M\u00e9xico.<\/p>\n<p><strong>Pato O&#8217;Ward<\/strong> ha disputado ocho temporadas en la <strong>IndyCar<\/strong>, donde este a\u00f1o tuvo su mejor desempe\u00f1o terminando como subcampe\u00f3n con el equipo McLaren, destacando un tercer lugar en las 500 Millas de Indian\u00e1polis.<\/p>\n<p>Selecciones Editoriales<\/p>\n<ul>\n<li><a name=\"&amp;lpos=story:editorspicks:inline:1\" href=\"https:\/\/www.espn.com.mx\/deporte-motor\/f1\/nota\/_\/id\/15841779\/gran-premio-mexico-formula-1-pato-oward-piloto-mclaren\" class=\"img-link\" rel=\"nofollow noopener\" target=\"_blank\"><img loading=\"lazy\" decoding=\"async\" src=\"https:\/\/www.europesays.com\/es\/wp-content\/uploads\/2025\/10\/r1563214_1296x1296_1-1.jpg&#038;w=130&#038;h=130&#038;scale=crop&#038;location=center.jpeg\" width=\"65\" height=\"65\"\/><\/a><\/li>\n<li><a name=\"&amp;lpos=story:editorspicks:inline:2\" href=\"https:\/\/www.espn.com.mx\/deporte-motor\/nota\/_\/id\/15683437\/indycar-de-pato-oward-presenta-calendario-2026\" class=\"img-link\" rel=\"nofollow noopener\" target=\"_blank\"><img loading=\"lazy\" decoding=\"async\" src=\"https:\/\/www.europesays.com\/es\/wp-content\/uploads\/2025\/10\/r1546526_1296x1296_1-1.jpg&#038;w=130&#038;h=130&#038;scale=crop&#038;location=center.jpeg\" width=\"65\" height=\"65\"\/><\/a><\/li>\n<\/ul>\n<p>1 Relacionado<\/p>\n<p>En un evento privado con prensa y aficionados por parte de KitKat, <strong>Pato O&#8217;Ward<\/strong> coment\u00f3 que en los \u00faltimos meses se ha quitado la presi\u00f3n de correr tiempo completo en la <strong>Formula 1<\/strong>: \u201cEstoy m\u00e1s que feliz en <strong>IndyCar<\/strong>, si no se me da la oportunidad en <strong>F1<\/strong>. Ya he dejado la presi\u00f3n del sue\u00f1o de <strong>F1<\/strong>. Estoy muy contento donde estoy\u201d, dijo el corredor regiomontano.<\/p>\n<p>Finalmente, <strong>Pato O&#8217;Ward<\/strong> desea tener una buena sesi\u00f3n en la pr\u00e1ctica 1 en el Gran Premio de la Ciudad de M\u00e9xico, donde tiene como prioridad estar en el monoplaza el mayor tiempo posible: \u201cEspero hacer tantito m\u00e1s. Me voy contento con que ruede bien y haga m\u00e1s vueltas\u201d, sentenci\u00f3.<\/p>\n","protected":false},"excerpt":{"rendered":"Pato O&#8217;Ward volver\u00e1 a subirse al monoplaza de McLaren en las pr\u00e1cticas del Gran Premio de la Ciudad&hellip;\n","protected":false},"author":2,"featured_media":194720,"comment_status":"","ping_status":"","sticky":false,"template":"","format":"standard","meta":{"footnotes":""},"categories":[270],"tags":[168,25,24,306,271,272,23,167],"class_list":{"0":"post-194719","1":"post","2":"type-post","3":"status-publish","4":"format-standard","5":"has-post-thumbnail","7":"category-formula-1","8":"tag-deportes","9":"tag-es","10":"tag-espana","11":"tag-f1","12":"tag-formula-1","13":"tag-formula1","14":"tag-spain","15":"tag-sports"},"share_on_mastodon":{"url":"https:\/\/pubeurope.com\/@es\/115420157954243552","error":""},"_links":{"self":[{"href":"https:\/\/www.europesays.com\/es\/wp-json\/wp\/v2\/posts\/194719","targetHints":{"allow":["GET"]}}],"collection":[{"href":"https:\/\/www.europesays.com\/es\/wp-json\/wp\/v2\/posts"}],"about":[{"href":"https:\/\/www.europesays.com\/es\/wp-json\/wp\/v2\/types\/post"}],"author":[{"embeddable":true,"href":"https:\/\/www.europesays.com\/es\/wp-json\/wp\/v2\/users\/2"}],"replies":[{"embeddable":true,"href":"https:\/\/www.europesays.com\/es\/wp-json\/wp\/v2\/comments?post=194719"}],"version-history":[{"count":0,"href":"https:\/\/www.europesays.com\/es\/wp-json\/wp\/v2\/posts\/194719\/revisions"}],"wp:featuredmedia":[{"embeddable":true,"href":"https:\/\/www.europesays.com\/es\/wp-json\/wp\/v2\/media\/194720"}],"wp:attachment":[{"href":"https:\/\/www.europesays.com\/es\/wp-json\/wp\/v2\/media?parent=194719"}],"wp:term":[{"taxonomy":"category","embeddable":true,"href":"https:\/\/www.europesays.com\/es\/wp-json\/wp\/v2\/categories?post=194719"},{"taxonomy":"post_tag","embeddable":true,"href":"https:\/\/www.europesays.com\/es\/wp-json\/wp\/v2\/tags?post=194719"}],"curies":[{"name":"wp","href":"https:\/\/api.w.org\/{rel}","templated":true}]}}