{"id":194725,"date":"2025-10-22T22:25:26","date_gmt":"2025-10-22T22:25:26","guid":{"rendered":"https:\/\/www.europesays.com\/es\/194725\/"},"modified":"2025-10-22T22:25:26","modified_gmt":"2025-10-22T22:25:26","slug":"llevo-4-anos-haciendolo-es-una-filosofia-de-vida","status":"publish","type":"post","link":"https:\/\/www.europesays.com\/es\/194725\/","title":{"rendered":"Llevo 4 a\u00f1os haci\u00e9ndolo, es una filosof\u00eda de vida"},"content":{"rendered":"<p class=\"paragraph\" id=\"paragraph_1\">Ayer acudi\u00f3 al <strong>Late Xou<\/strong> de RTVE <strong>el gallego Mario Casas<\/strong> para presentar la nueva pel\u00edcula que protagoniza junto a Alberto San Juan, La Cena, disponible en cines. Como era de esperar al sentarse junto a Marc Gir\u00f3, no faltaron las bromas, adem\u00e1s de alguna que otra an\u00e9cdota de la vida del actor, tanto personal como profesional.<\/p>\n<p><img loading=\"lazy\" decoding=\"async\" alt=\"La playa favorita de Mario Casas en Galicia\" height=\"180\" src=\"https:\/\/www.europesays.com\/es\/wp-content\/uploads\/2025\/10\/1003743746910_255385638_320x180.jpg\" width=\"320\" data-lazy-status=\"processed\" data-lazy-info=\"remove loading item 1\"\/><\/p>\n<p class=\"paragraph\" id=\"paragraph_2\">Adem\u00e1s de hablar de la pel\u00edcula, jugar al pictionary con Itziar Itu\u00f1o y Daniel Guzm\u00e1n o competir contra Marc Gir\u00f3 en varias pruebas, Mario Casas, de 39 a\u00f1os, habl\u00f3 de su <strong>devoci\u00f3n por el boxeo<\/strong>\u00a0y reconoci\u00f3 que <strong>estar al borde de los 40 le pasa factura<\/strong>, motivo por el\u00a0que se cuida m\u00e1s y dej\u00f3 algunos h\u00e1bitos poco saludables.<\/p>\n<p>\u00abHago deporte e intento cuidarme\u00bb<\/p>\n<p><img decoding=\"async\" alt=\"El gallego Mario Casas en 'Late Xou' de RTVE con Marc Gir\u00f3\" data-imgm=\"true\" height=\"180\" loading=\"lazy\"  src=\"https:\/\/www.europesays.com\/es\/wp-content\/uploads\/2025\/10\/1003743980594_259509850_1024x576.jpg\"  width=\"320\"\/><\/p>\n<p>                                                            El gallego Mario Casas en &#8216;Late Xou&#8217; de RTVE con Marc Gir\u00f3<\/p>\n<p>                    @RTVE_Com<\/p>\n<p class=\"paragraph\" id=\"paragraph_3\">Marc Gir\u00f3 decidi\u00f3 hacerle algunas preguntas sobre temas que le suelen pasar a los varones a partir de los 40 a\u00f1os, \u00abun poco por desmitificar, Mario Casas no es un s\u00faper hombre, es un ser humano\u00bb, dijo el presentador antes de comenzar con la secci\u00f3n.<\/p>\n<p class=\"paragraph\" id=\"paragraph_4\">Mario Casas admite no sufrir, por ahora, de presbicia,<strong> \u00abde momento veo bien\u00bb<\/strong>. No obstante, reconoce que su madre siempre le dice que sali\u00f3 a \u00e9l en la vista y que \u00abella empez\u00f3 a los 50\u00bb. No as\u00ed con la ralentizaci\u00f3n metab\u00f3lica, pues para que eso no le pase hace mucho deporte e intenta cuidarse.<\/p>\n<p class=\"paragraph\" id=\"paragraph_5\"><strong>\u00abHace meses que he dejado de fumar, me estoy cuidando porque llego a los 40, no bebo. Hago mucho deporte<\/strong>, he hecho deporte antes de venir aqu\u00ed\u00bb, le confirma Mario Casas al presentador.<\/p>\n<p class=\"paragraph\" id=\"paragraph_6\">Marc Gir\u00f3 le dice convencido: \u00abNo vas a restaurantes\u00bb, pero el actor lo desmiente y afirma que \u00aba alguno s\u00ed\u00bb, aunque admite:<strong> \u00abSoy m\u00e1s de cocinarme yo<\/strong>, no de ir tanto a restaurantes\u00bb.<\/p>\n<p class=\"paragraph\" id=\"paragraph_7\">Sobre la p\u00e9rdida de masa muscular y la fuerza, Mario Casas no tiene problemas en asumir que: <strong>\u00abEs cierto que cuando eres m\u00e1s chaval es m\u00e1s f\u00e1cil, ahora tengo que cuidarme m\u00e1s\u00bb<\/strong>.<\/p>\n<p class=\"paragraph\" id=\"paragraph_8\">Marc Gir\u00f3 tambi\u00e9n aprovech\u00f3 para preguntarle sobre su deporte favorito: <strong>el boxeo<\/strong>. \u00abEl boxeo <strong>para m\u00ed es una filosof\u00eda de vida. Llevo como 3\/4 a\u00f1os haci\u00e9ndolo y es un lugar donde conocerte mejor\u00bb<\/strong>, explica el actor.<\/p>\n<p class=\"paragraph\" id=\"paragraph_9\">Tambi\u00e9n afirma que<strong> el boxeo es muy parecido a la interpretaci\u00f3n<\/strong>, porque en ambos debes estar muy pendiente de lo que hace el otro, escuchar a tu compa\u00f1ero y prestar mucha atenci\u00f3n. A modo de broma, coment\u00f3 que sus compa\u00f1eros de boxeo le llaman <strong>\u00abel cobre\u00bb<\/strong>, y a \u00e9l le gusta decir que es porque \u00abes el mayor conductor de la electricidad\u00bb, aunque el verdadero motivo no tenga nada que ver.<\/p>\n","protected":false},"excerpt":{"rendered":"Ayer acudi\u00f3 al Late Xou de RTVE el gallego Mario Casas para presentar la nueva pel\u00edcula que protagoniza&hellip;\n","protected":false},"author":2,"featured_media":194726,"comment_status":"","ping_status":"","sticky":false,"template":"","format":"standard","meta":{"footnotes":""},"categories":[174],"tags":[5843,4791,255,6689,146,147,25,24,256,816,36593,23430,4718,2662,1533,23,1284],"class_list":{"0":"post-194725","1":"post","2":"type-post","3":"status-publish","4":"format-standard","5":"has-post-thumbnail","7":"category-famosos","8":"tag-a-coruna","9":"tag-boxeo","10":"tag-celebrities","11":"tag-comarca-de-a-coruna","12":"tag-entertainment","13":"tag-entretenimiento","14":"tag-es","15":"tag-espana","16":"tag-famosos","17":"tag-galicia","18":"tag-late-xou","19":"tag-marc-giro","20":"tag-mario-casas","21":"tag-programas-de-television","22":"tag-rtve-radiotelevision-espanola","23":"tag-spain","24":"tag-vivir"},"share_on_mastodon":{"url":"https:\/\/pubeurope.com\/@es\/115420169959882460","error":""},"_links":{"self":[{"href":"https:\/\/www.europesays.com\/es\/wp-json\/wp\/v2\/posts\/194725","targetHints":{"allow":["GET"]}}],"collection":[{"href":"https:\/\/www.europesays.com\/es\/wp-json\/wp\/v2\/posts"}],"about":[{"href":"https:\/\/www.europesays.com\/es\/wp-json\/wp\/v2\/types\/post"}],"author":[{"embeddable":true,"href":"https:\/\/www.europesays.com\/es\/wp-json\/wp\/v2\/users\/2"}],"replies":[{"embeddable":true,"href":"https:\/\/www.europesays.com\/es\/wp-json\/wp\/v2\/comments?post=194725"}],"version-history":[{"count":0,"href":"https:\/\/www.europesays.com\/es\/wp-json\/wp\/v2\/posts\/194725\/revisions"}],"wp:featuredmedia":[{"embeddable":true,"href":"https:\/\/www.europesays.com\/es\/wp-json\/wp\/v2\/media\/194726"}],"wp:attachment":[{"href":"https:\/\/www.europesays.com\/es\/wp-json\/wp\/v2\/media?parent=194725"}],"wp:term":[{"taxonomy":"category","embeddable":true,"href":"https:\/\/www.europesays.com\/es\/wp-json\/wp\/v2\/categories?post=194725"},{"taxonomy":"post_tag","embeddable":true,"href":"https:\/\/www.europesays.com\/es\/wp-json\/wp\/v2\/tags?post=194725"}],"curies":[{"name":"wp","href":"https:\/\/api.w.org\/{rel}","templated":true}]}}