{"id":194729,"date":"2025-10-22T22:27:12","date_gmt":"2025-10-22T22:27:12","guid":{"rendered":"https:\/\/www.europesays.com\/es\/194729\/"},"modified":"2025-10-22T22:27:12","modified_gmt":"2025-10-22T22:27:12","slug":"feria-del-libro-de-malaga-2","status":"publish","type":"post","link":"https:\/\/www.europesays.com\/es\/194729\/","title":{"rendered":"FERIA DEL LIBRO DE M\u00c1LAGA"},"content":{"rendered":"<p class=\"ft-text\">Nueva etapa de la<strong> Feria del Libro de <\/strong><a class=\"ft-link ft-link--decoration\" href=\"https:\/\/www.laopiniondemalaga.es\/malaga\/\" target=\"_blank\" rel=\"nofollow noopener\"><strong>M\u00e1laga<\/strong><\/a>. El escritor y gestor cultural<strong> Txema Mart\u00edn<\/strong> se incorpora a su organigrama como director de contenidos, en una decisi\u00f3n de la cita hacia horizontes m\u00e1s modernos y ambiciosos. El director hasta ahora de la cita, <strong>Manuel Garc\u00eda Iborra,<\/strong> sigue al frente.<\/p>\n<p class=\"ft-text\">Recordemos que Mart\u00edn fue el ide\u00f3logo de una de las grandes iniciativas culturales de la ciudad de los \u00faltimos a\u00f1os, <strong>M\u00e1laga 451, la noche de los libros,<\/strong> que, desde La T\u00e9rmica, contribuy\u00f3 a desapolillar el ambiente que muchas veces ahoga las actividades relacionadas con las letras y demostr\u00f3 que los libros pueden ser argumentos para una agenda cultural fresca, l\u00fadica y l\u00facida, atrayendo a miles de personas en cada velada. No sabemos si Mart\u00edn conseguir\u00e1 traer a la Feria del Libro a autores como Michel Houellebecq, Nuccio Ordine, Mircea C\u0103rt\u0103rescu, Emil Ferris o los m\u00fasicos y tambi\u00e9n escritores Brett Anderson, Thurston Moore y James Rhodes, con los que s\u00ed cont\u00f3 en su peripecia en M\u00e1laga 451, pero, desde luego, holgura de mirada no le faltar\u00e1.<\/p>\n<p>Esther Garc\u00eda Llovet <\/p>\n<p class=\"ft-text\">Otro nombre propio de la pr\u00f3xima edici\u00f3n de la Feria del Libro de M\u00e1laga: <strong>Esther Garc\u00eda Llovet.<\/strong> La escritora malague\u00f1a, autora de t\u00edtulos como &#8216;Gordo de feria&#8217;, &#8216;S\u00e1nchez&#8217; o &#8216;Spanish Beauty&#8217;, ser\u00e1 la responsables del preg\u00f3n inaugural de la edici\u00f3n n\u00famero 55 de la Feria.<\/p>\n<p class=\"ft-text\">La cita,<strong> del 30 de abril al 10 de mayo, <\/strong>se celebrar\u00e1 por tercer a\u00f1o consecutivo en el<strong> Parque de M\u00e1laga, <\/strong>un enclave que se ha consolidado como el espacio id\u00f3neo, informan desde la organizaci\u00f3n. Seg\u00fan los datos de la pasada edici\u00f3n, 280.000 personas visitaron la Feria del Libro de M\u00e1laga, que registr\u00f3 un crecimiento muy positivo en el \u00e1mbito editorial: cerca de 40.000 ejemplares vendidos y una facturaci\u00f3n de<strong> medio mill\u00f3n de euros. <\/strong><\/p>\n","protected":false},"excerpt":{"rendered":"Nueva etapa de la Feria del Libro de M\u00e1laga. El escritor y gestor cultural Txema Mart\u00edn se incorpora&hellip;\n","protected":false},"author":2,"featured_media":193714,"comment_status":"","ping_status":"","sticky":false,"template":"","format":"standard","meta":{"footnotes":""},"categories":[172],"tags":[21746,224,6093,209,146,147,25,24,599,5780,53953,1496,225,3855,1730,23,28212],"class_list":{"0":"post-194729","1":"post","2":"type-post","3":"status-publish","4":"format-standard","5":"has-post-thumbnail","7":"category-libros","8":"tag-asume","9":"tag-books","10":"tag-contenidos","11":"tag-cultura","12":"tag-entertainment","13":"tag-entretenimiento","14":"tag-es","15":"tag-espana","16":"tag-feria","17":"tag-feria-del-libro","18":"tag-feria-del-libro-de-malaga","19":"tag-libro","20":"tag-libros","21":"tag-malaga","22":"tag-martin","23":"tag-spain","24":"tag-txema"},"share_on_mastodon":{"url":"https:\/\/pubeurope.com\/@es\/115420177669865781","error":""},"_links":{"self":[{"href":"https:\/\/www.europesays.com\/es\/wp-json\/wp\/v2\/posts\/194729","targetHints":{"allow":["GET"]}}],"collection":[{"href":"https:\/\/www.europesays.com\/es\/wp-json\/wp\/v2\/posts"}],"about":[{"href":"https:\/\/www.europesays.com\/es\/wp-json\/wp\/v2\/types\/post"}],"author":[{"embeddable":true,"href":"https:\/\/www.europesays.com\/es\/wp-json\/wp\/v2\/users\/2"}],"replies":[{"embeddable":true,"href":"https:\/\/www.europesays.com\/es\/wp-json\/wp\/v2\/comments?post=194729"}],"version-history":[{"count":0,"href":"https:\/\/www.europesays.com\/es\/wp-json\/wp\/v2\/posts\/194729\/revisions"}],"wp:featuredmedia":[{"embeddable":true,"href":"https:\/\/www.europesays.com\/es\/wp-json\/wp\/v2\/media\/193714"}],"wp:attachment":[{"href":"https:\/\/www.europesays.com\/es\/wp-json\/wp\/v2\/media?parent=194729"}],"wp:term":[{"taxonomy":"category","embeddable":true,"href":"https:\/\/www.europesays.com\/es\/wp-json\/wp\/v2\/categories?post=194729"},{"taxonomy":"post_tag","embeddable":true,"href":"https:\/\/www.europesays.com\/es\/wp-json\/wp\/v2\/tags?post=194729"}],"curies":[{"name":"wp","href":"https:\/\/api.w.org\/{rel}","templated":true}]}}