{"id":194759,"date":"2025-10-22T22:48:12","date_gmt":"2025-10-22T22:48:12","guid":{"rendered":"https:\/\/www.europesays.com\/es\/194759\/"},"modified":"2025-10-22T22:48:12","modified_gmt":"2025-10-22T22:48:12","slug":"un-si-que-le-cambio-la-vida-por-completo","status":"publish","type":"post","link":"https:\/\/www.europesays.com\/es\/194759\/","title":{"rendered":"un &#8216;s\u00ed&#8217; que le cambi\u00f3 la vida por completo"},"content":{"rendered":"<p>El humorista, actor y presentador Carlos Latre, <a href=\"https:\/\/www.huffingtonpost.es\/virales\/muy-pocos-han-percatado-gesto-ayuso-latre-le-dice-esto-sobre-futuro-politico.html\" rel=\"nofollow noopener\" target=\"_blank\">conocido por su versatilidad a la hora de realizar imitaciones de personalidades famosas<\/a>, saltando a la fama en Cr\u00f3nicas Marcianas\u00a0a principio de los a\u00f1os 2000, ha revelado cu\u00e1nto le cambi\u00f3 la vida su viaje a Nepal con <a href=\"https:\/\/www.huffingtonpost.es\/virales\/por-que-vuelto-luna-calleja-vuelve-espacio-desmonta-conspiranoicos.html\" rel=\"nofollow noopener\" target=\"_blank\">Jes\u00fas Calleja<\/a>, con motivo de la primera temporada del programa Universo Calleja.<\/p>\n<p>\u00abA m\u00ed me llama y me dice &#8216;vente conmigo al Himalaya&#8217;, y yo le dec\u00eda &#8216;mira, Jes\u00fas, no tengo putas ganas de irme al Himalaya, pero voy a ir'\u00bb, ha confesado en el popular p\u00f3dcast del comunicador \u00c1lex Fidalgo, <a href=\"https:\/\/www.tiktok.com\/@lqtdradio\/video\/7563747812182347030\" target=\"_blank\" rel=\"nofollow noopener\">Lo Que T\u00fa Digas<\/a>, que cuenta ya con m\u00e1s de medio mill\u00f3n de seguidores tan solo en TikTok.<\/p>\n<p>A pesar de pasar por un mal momento de su vida, en el que ve\u00eda todo desde una perspectiva negativa, el &#8216;s\u00ed&#8217; que le dio a Calleja fue <b>\u00abun antes y un despu\u00e9s\u00bb para Latre<\/b>. \u00abYo llegaba muy tocado, muy sobrepasado de todo y muy d\u00e9bil a nivel de confianza\u00bb, ha afirmado.<\/p>\n<p>\u00abTen\u00eda un gran sentimiento de f<b>alta de confianza en m\u00ed mismo, de culpabilidad, de derrota<\/b>, y aquello fue maravilloso porque tom\u00e9 conciencia, medit\u00e9 en la naturaleza, volv\u00ed a ser Carlos, solo Carlos, no todas las m\u00e1scaras que yo mismo a lo mejor hab\u00eda creado alrededor de mi persona\u00bb, ha expresado.<\/p>\n<p>\u00abSub\u00ed un 4.000 como si fuera Conan\u00bb<\/p>\n<p>Su camino por el Himalaya <b>le permiti\u00f3 darse cuenta de que \u00e9l puede<\/b>, simple y llanamente, por mucho que \u00e9l haya pensado que no puede seguir adelante o que no puede lograr un objetivo.<\/p>\n<p>\u00abSub\u00ed un 4.000 cuando no daba un duro por m\u00ed. Y entonces de repente,<b> cuando subes y ves que est\u00e1s bien, que no pasa nada, que eres fuerte y que tu cabeza te ha jugado una mala pasada<\/b>, es como&#8230; \u00a1Wow! A partir de ah\u00ed dices que la cosa no est\u00e1 tan mal\u00bb, ha concluido el presentador.<\/p>\n<p>Jes\u00fas Callea es un aventurero y presentador de televisi\u00f3n conocido por sus desafiantes viajes en Planeta Callea, Volando voy y Desaf\u00edo Extremo. Fue precisamente en la primera temporada de Universo Calleja, en el que se llev\u00f3 a Agatha Ruiz de la Prada, Sandra Barneda, Antonio Orozco y al propio Latre.<\/p>\n<p>En ese programa Callea reconoci\u00f3 que \u00abno conoc\u00eda a este Carlos Latre, ahora te veo veliz y no conozco a nadie que diga que Carlos me cae mal\u00bb.<\/p>\n<p><script async src=\"\/\/www.tiktok.com\/embed.js\"><\/script><\/p>\n","protected":false},"excerpt":{"rendered":"El humorista, actor y presentador Carlos Latre, conocido por su versatilidad a la hora de realizar imitaciones de&hellip;\n","protected":false},"author":2,"featured_media":194760,"comment_status":"","ping_status":"","sticky":false,"template":"","format":"standard","meta":{"footnotes":""},"categories":[174],"tags":[31005,255,146,147,25,24,256,12901,23],"class_list":{"0":"post-194759","1":"post","2":"type-post","3":"status-publish","4":"format-standard","5":"has-post-thumbnail","7":"category-famosos","8":"tag-carlos-latre","9":"tag-celebrities","10":"tag-entertainment","11":"tag-entretenimiento","12":"tag-es","13":"tag-espana","14":"tag-famosos","15":"tag-jesus-calleja","16":"tag-spain"},"share_on_mastodon":{"url":"https:\/\/pubeurope.com\/@es\/115420260265409122","error":""},"_links":{"self":[{"href":"https:\/\/www.europesays.com\/es\/wp-json\/wp\/v2\/posts\/194759","targetHints":{"allow":["GET"]}}],"collection":[{"href":"https:\/\/www.europesays.com\/es\/wp-json\/wp\/v2\/posts"}],"about":[{"href":"https:\/\/www.europesays.com\/es\/wp-json\/wp\/v2\/types\/post"}],"author":[{"embeddable":true,"href":"https:\/\/www.europesays.com\/es\/wp-json\/wp\/v2\/users\/2"}],"replies":[{"embeddable":true,"href":"https:\/\/www.europesays.com\/es\/wp-json\/wp\/v2\/comments?post=194759"}],"version-history":[{"count":0,"href":"https:\/\/www.europesays.com\/es\/wp-json\/wp\/v2\/posts\/194759\/revisions"}],"wp:featuredmedia":[{"embeddable":true,"href":"https:\/\/www.europesays.com\/es\/wp-json\/wp\/v2\/media\/194760"}],"wp:attachment":[{"href":"https:\/\/www.europesays.com\/es\/wp-json\/wp\/v2\/media?parent=194759"}],"wp:term":[{"taxonomy":"category","embeddable":true,"href":"https:\/\/www.europesays.com\/es\/wp-json\/wp\/v2\/categories?post=194759"},{"taxonomy":"post_tag","embeddable":true,"href":"https:\/\/www.europesays.com\/es\/wp-json\/wp\/v2\/tags?post=194759"}],"curies":[{"name":"wp","href":"https:\/\/api.w.org\/{rel}","templated":true}]}}