{"id":194771,"date":"2025-10-22T22:57:22","date_gmt":"2025-10-22T22:57:22","guid":{"rendered":"https:\/\/www.europesays.com\/es\/194771\/"},"modified":"2025-10-22T22:57:22","modified_gmt":"2025-10-22T22:57:22","slug":"todos-los-looks-que-han-llevado-la-princesa-leonor-y-la-infanta-sofia-en-los-premios-princesa-de-asturias","status":"publish","type":"post","link":"https:\/\/www.europesays.com\/es\/194771\/","title":{"rendered":"Todos los looks que han llevado la Princesa Leonor y la Infanta Sof\u00eda en los Premios Princesa de Asturias"},"content":{"rendered":"<p style=\"\">El viernes 24 de octubre es la entrega de los <strong>Premios Princesa de Asturias<\/strong> que recaen este a\u00f1o en la tenista Serena Williams, el escritor Eduardo Mendoza o el pol\u00edtico italiano Mario Draghi, entre otros. Una nueva oportunidad para ver a los Reyes Felipe  &#8230; VI y Letizia junto a sus hijas, la Princesa Leonor y la Infanta Sof\u00eda. Corr\u00eda el a\u00f1o <strong>2019<\/strong> cuando las hermanas debutaron en la ceremonia de entrega de estos prestigiosos galardones. La Heredera ten\u00eda entonces 13 a\u00f1os (cumplir\u00eda los 14 d\u00edas despu\u00e9s), mientras que su hermana ten\u00eda 12 a\u00f1os. L\u00f3gicamente el estilo de las hijas de los Reyes ha evolucionado mucho en estos a\u00f1os, porque han pasado de ser unas ni\u00f1as adolescentes a convertirse en j\u00f3venes mayores de edad. <strong>Do\u00f1a Leonor<\/strong> tiene actualmente 19 a\u00f1os, cumplir\u00e1 los 20 el pr\u00f3ximo 31 de octubre, mientras que <strong>Do\u00f1a Sof\u00eda<\/strong> cumpl\u00eda la <a href=\"https:\/\/www.abc.es\/estilo\/moda\/infanta-sofia-cumple-anos-analizamos-estilo-largo-20250429145702-nt.html\" target=\"_blank\" data-voc-vtm-id=\"in-text-traffic\" title=\"mayor\u00eda de edad\" data-mrf-link=\"www.abc.es\" rel=\"nofollow noopener\">mayor\u00eda de edad<\/a> el pasado 29 de abril. A la espera de ver sus looks en la ceremonia de este a\u00f1o, hacemos un repaso por sus &#8216;outfits&#8217;.<\/p>\n<p>\nLa evoluci\u00f3n del estilo de Do\u00f1a Leonor y Do\u00f1a Sof\u00eda\n<\/p>\n<p class=\"voc-p\" style=\"\">En 2019 las hermanas debutaron en Oviedo siendo a\u00fan unas ni\u00f1as que entraban en la adolescencia. La <strong>Princesa de Asturias<\/strong>, que ley\u00f3 su primer discurso en estos premios, luci\u00f3 un <strong>vestido en azul beb\u00e9<\/strong> al ras de las rodillas, de cuello redondo y manga francesa. Llev\u00f3, adem\u00e1s, unas <strong>bailarinas doradas<\/strong>, con el pelo suelto peinado con ondas en las puntas. Su hermana, la Infanta Sof\u00eda llev\u00f3 los mismos zapatos pero en plateado, estableciendo as\u00ed una conexi\u00f3n estil\u00edstica entre ambas, que se extend\u00eda tambi\u00e9n a su peinado. Adem\u00e1s, la peque\u00f1a luci\u00f3 un vestido de tweed en color beige, con manga francesa y detalle de encaje blanco en cuello y mangas. <\/p>\n<p><img decoding=\"async\" loading=\"lazy\" src=\"https:\/\/www.europesays.com\/es\/wp-content\/uploads\/2025\/10\/sofia-leonor-2019-U33761870080fMq-760x1000@diario_abc.jpg\" class=\"voc-img\" width=\"760\" height=\"1000\" alt=\"En 2019 debutaron en la entrega de los Premios Princesa de Asturias siendo unas ni\u00f1as.\" data-voc-vtm-id=\"in-text-traffic\"\/><\/p>\n<p>En 2019 debutaron en la entrega de los Premios Princesa de Asturias siendo unas ni\u00f1as.<\/p>\n<p>GTRES<\/p>\n<p class=\"voc-p\" style=\"\">En <strong>2020<\/strong>, solo un a\u00f1o despu\u00e9s, ya se puede observar un cambio estil\u00edstico, a sus casi 15 a\u00f1os <strong>Do\u00f1a Leonor luci\u00f3 tacones<\/strong>, unos salones bajos en color nude para completar su look, un dos piezas en tono champagne, con cuerpo de pedrer\u00eda y falda de sat\u00e9n con detalle de pedrer\u00eda en el bajo. En esta ocasi\u00f3n, la Heredera llev\u00f3 el pelo suelto tambi\u00e9n, pero muy liso, una de las tendencias de las ni\u00f1as a esa edad. La Infanta Sof\u00eda luci\u00f3 un conjunto en color verde formado por una falda de tul y un top de plumeti que combin\u00f3 con bailarinas a juego. Otra diferencia respecto a su hermana, fue el peinado, la peque\u00f1a se recogi\u00f3 su melena en una trenza lateral. <\/p>\n<p><img decoding=\"async\" loading=\"lazy\" src=\"https:\/\/www.europesays.com\/es\/wp-content\/uploads\/2025\/10\/sofia-leonor-2020-U87517711416zJc-760x1000@diario_abc.jpg\" class=\"voc-img\" width=\"760\" height=\"1000\" alt=\"Do\u00f1a Leonor y Do\u00f1a Sof\u00eda en los Premios Princesa de Asturias de 2020, marcados por la pandemia.\" data-voc-vtm-id=\"in-text-traffic\"\/><\/p>\n<p>Do\u00f1a Leonor y Do\u00f1a Sof\u00eda en los Premios Princesa de Asturias de 2020, marcados por la pandemia.<\/p>\n<p>GTRES<\/p>\n<p class=\"voc-p\" style=\"\">En<strong> 2021<\/strong> podemos ver una nueva evoluci\u00f3n. La Princesa Leonor, con casi 16 a\u00f1os eligi\u00f3 un <strong>vestido corto estilo &#8216;babydoll&#8217;<\/strong> con estampado geom\u00e9trico de la marca gallega Bgo &amp; Me, que combin\u00f3 con salones negros con tac\u00f3n m\u00e1s alto que el a\u00f1o anterior. Fue, adem\u00e1s, la <strong>primera vez que la Princesa se recogi\u00f3 el pel<\/strong><strong>o<\/strong> en una coleta con efecto pulido. <\/p>\n<p><img decoding=\"async\" loading=\"lazy\" src=\"https:\/\/www.europesays.com\/es\/wp-content\/uploads\/2025\/10\/sofia-leonor-2021-U52432042015Lvy-760x1000@diario_abc.jpg\" class=\"voc-img\" width=\"760\" height=\"1000\" alt=\"En 2021, las hermanas dieron un giro a su estilo.\" data-voc-vtm-id=\"in-text-traffic\"\/><\/p>\n<p>En 2021, las hermanas dieron un giro a su estilo.<\/p>\n<p>GTRES<\/p>\n<p class=\"voc-p\" style=\"\">En cuanto a la Infanta Sof\u00eda a sus 14 a\u00f1os, sigui\u00f3 con un estilo m\u00e1s fresco y desenfadado, apostando por la tendencia &#8216;balletcore&#8217;, con una falda de tul rosa de corte midi, que combin\u00f3 con un top negro con brillos a juego con bailarinas de punta. Adem\u00e1s, recogi\u00f3 el cabello en un mo\u00f1o &#8216;effortless&#8217;<\/p>\n<p class=\"voc-p\" style=\"\">En <strong>2022<\/strong>, el cambio tambi\u00e9n fue importante, porque vemos ya unos looks que se corresponden a dos j\u00f3venes, dejando atr\u00e1s la adolescencia y ni\u00f1ez. Do\u00f1a Leonor eligi\u00f3 un vestido de &#8216;paillettes&#8217; en blanco y negro, con dibujos de palmeras, de <strong>Michael Kors<\/strong>, que combin\u00f3 con salones destalonados en color negro. Para acompa\u00f1ar este dise\u00f1o de mujer adulta, eligi\u00f3 un bonito <strong>recogido a base de trenzas y a\u00f1adi\u00f3 ya maquillaje<\/strong>, con un suave colorete y un tono melocot\u00f3n en los labios, adem\u00e1s de las m\u00e1scara de pesta\u00f1as. Adem\u00e1s, tambi\u00e9n luci\u00f3 unos pendientes de diamantes de Chanel. <\/p>\n<p><img decoding=\"async\" loading=\"lazy\" src=\"https:\/\/www.europesays.com\/es\/wp-content\/uploads\/2025\/10\/sofia-leonor-2022-U75883213122lIo-760x1000@diario_abc.jpg\" class=\"voc-img\" width=\"760\" height=\"1000\" alt=\"En 2021 ambas llevaron tacones y vestido cortos.\" data-voc-vtm-id=\"in-text-traffic\"\/><\/p>\n<p>En 2021 ambas llevaron tacones y vestido cortos.<\/p>\n<p>GTRES<\/p>\n<p class=\"voc-p\" style=\"\">La evoluci\u00f3n del estilo de la Infanta <strong>Sof\u00eda<\/strong> tambi\u00e9n resulta destacable, al elegir un <strong>vestido de lentejuelas<\/strong> en color azul, que combin\u00f3 con <strong>tacones<\/strong>, por primera vez en estos premios. En cuanto a su peinado, opt\u00f3 por una coleta pulida con el pelo muy liso.<\/p>\n<p class=\"voc-p\" style=\"\">En<strong> 2023<\/strong> la princesa Leonor, a punto de cumplir los 18 a\u00f1os y <a href=\"https:\/\/www.abc.es\/estilo\/moda\/jura-constitucion-dona-leonor-brilla-traje-pantalon-20231031111459-nt.html\" target=\"_blank\" data-voc-vtm-id=\"in-text-traffic\" title=\"jurar la Constituci\u00f3n\" data-mrf-link=\"www.abc.es\" rel=\"nofollow noopener\">jurar la Constituci\u00f3n<\/a> como futura Reina de Espa\u00f1a, luci\u00f3 un <strong>vestido de Mois\u00e9s Nieto<\/strong> en tonos azules, con cuerpo de tweed y falda larga plisada. Lo combin\u00f3 con salones destalonados en el mismo tono y melena suelta peinada con ondas suaves. No falt\u00f3 tampoco el maquillaje, y los pendientes de oro blanco. En cuanto a la Infanta Sof\u00eda, mostraba de nuevo su estilo m\u00e1s fresco y desenfadado, eligiendo un vestido en blanco y negro de corte midi, con <strong>&#8216;cut out&#8217; en la parte de la cintura<\/strong>, de la firma sevillana Cardi\u00e9. Lo combin\u00f3 con zapatos planos destalonados y cabello liso semirrecogido con unos mechones peque\u00f1os de pelo. <\/p>\n<p><img decoding=\"async\" loading=\"lazy\" src=\"https:\/\/www.europesays.com\/es\/wp-content\/uploads\/2025\/10\/sofia-leonor-2023-U64734285660ryK-760x1000@diario_abc.jpg\" class=\"voc-img\" width=\"760\" height=\"1000\" alt=\"En 2023, la Princesa de Asturias eligi\u00f3 un dise\u00f1o de Mois\u00e9s Nieto, y Do\u00f1a Sof\u00eda un vestido m\u00e1s informa de la marca Cardi\u00e9.\" data-voc-vtm-id=\"in-text-traffic\"\/><\/p>\n<p>En 2023, la Princesa de Asturias eligi\u00f3 un dise\u00f1o de Mois\u00e9s Nieto, y Do\u00f1a Sof\u00eda un vestido m\u00e1s informa de la marca Cardi\u00e9.<\/p>\n<p>GTRES<\/p>\n<p class=\"voc-p\" style=\"\">En <strong>2024<\/strong>, ya mayor de edad la Princesa de Asturias volv\u00eda a dar un giro a su imagen, eligiendo un <strong>esmoquin en color negro<\/strong>. La Heredera ha hecho del <a href=\"https:\/\/www.abc.es\/estilo\/moda\/reina-letizia-princesa-leonor-confirman-traje-chaqueta-20250926124827-nt.html\" target=\"_blank\" data-voc-vtm-id=\"in-text-traffic\" title=\"traje de chaqueta su signo de identidad\" data-mrf-link=\"www.abc.es\" rel=\"nofollow noopener\">traje de chaqueta su signo de identidad<\/a>, mostrando un estilo elegante, vers\u00e1til y discreto. Lo combin\u00f3 con zapatos negros de tac\u00f3n bajo y un mo\u00f1o &#8216;messy&#8217; que le rest\u00f3 sobriedad al conjunto. <\/p>\n<p><img decoding=\"async\" loading=\"lazy\" src=\"https:\/\/www.europesays.com\/es\/wp-content\/uploads\/2025\/10\/sofia-leonor-2024-U23304636326fGN-760x1000@diario_abc.jpg\" class=\"voc-img\" width=\"760\" height=\"1000\" alt=\"En 2024 las hermanas optaron por los pantalones, cada una en su estilo.\" data-voc-vtm-id=\"in-text-traffic\"\/><\/p>\n<p>En 2024 las hermanas optaron por los pantalones, cada una en su estilo.<\/p>\n<p>GTRES<\/p>\n<p class=\"voc-p\" style=\"\">En cuanto a su hermana, tambi\u00e9n opt\u00f3 por el t\u00e1ndem <a href=\"https:\/\/www.abc.es\/estilo\/moda\/dona-leonor-traje-negro-recogido-messy-entrega-20241025184712-nt.html\" target=\"_blank\" data-voc-vtm-id=\"in-text-traffic\" title=\"blazer y pantalones\" data-mrf-link=\"www.abc.es\" rel=\"nofollow noopener\">blazer y pantalones<\/a>, pero eligi\u00f3 un estilo m\u00e1s informal. Do\u00f1a Sof\u00eda luci\u00f3 una chaqueta con tejido Pr\u00edncipe de Gales y algo de glitter, pantalones anchos y zapatos bajos de la misma marca que su hermana, Pinkchic Guagua. Llev\u00f3 un peinado similar al a\u00f1o anterior, con un semirrecogido con una mini trenza, dejando su cabello muy liso, y luciendo adem\u00e1s un maquillaje m\u00e1s marcado.<\/p>\n","protected":false},"excerpt":{"rendered":"El viernes 24 de octubre es la entrega de los Premios Princesa de Asturias que recaen este a\u00f1o&hellip;\n","protected":false},"author":2,"featured_media":194772,"comment_status":"","ping_status":"","sticky":false,"template":"","format":"standard","meta":{"footnotes":""},"categories":[91],"tags":[1770,146,147,25,24,14465,11646,13949,54123,532,1650,11647,23],"class_list":{"0":"post-194771","1":"post","2":"type-post","3":"status-publish","4":"format-standard","5":"has-post-thumbnail","7":"category-entretenimiento","8":"tag-asturias","9":"tag-entertainment","10":"tag-entretenimiento","11":"tag-es","12":"tag-espana","13":"tag-infanta","14":"tag-leonor","15":"tag-llevado","16":"tag-looks","17":"tag-premios","18":"tag-princesa","19":"tag-sofia","20":"tag-spain"},"share_on_mastodon":{"url":"https:\/\/pubeurope.com\/@es\/115420296012357950","error":""},"_links":{"self":[{"href":"https:\/\/www.europesays.com\/es\/wp-json\/wp\/v2\/posts\/194771","targetHints":{"allow":["GET"]}}],"collection":[{"href":"https:\/\/www.europesays.com\/es\/wp-json\/wp\/v2\/posts"}],"about":[{"href":"https:\/\/www.europesays.com\/es\/wp-json\/wp\/v2\/types\/post"}],"author":[{"embeddable":true,"href":"https:\/\/www.europesays.com\/es\/wp-json\/wp\/v2\/users\/2"}],"replies":[{"embeddable":true,"href":"https:\/\/www.europesays.com\/es\/wp-json\/wp\/v2\/comments?post=194771"}],"version-history":[{"count":0,"href":"https:\/\/www.europesays.com\/es\/wp-json\/wp\/v2\/posts\/194771\/revisions"}],"wp:featuredmedia":[{"embeddable":true,"href":"https:\/\/www.europesays.com\/es\/wp-json\/wp\/v2\/media\/194772"}],"wp:attachment":[{"href":"https:\/\/www.europesays.com\/es\/wp-json\/wp\/v2\/media?parent=194771"}],"wp:term":[{"taxonomy":"category","embeddable":true,"href":"https:\/\/www.europesays.com\/es\/wp-json\/wp\/v2\/categories?post=194771"},{"taxonomy":"post_tag","embeddable":true,"href":"https:\/\/www.europesays.com\/es\/wp-json\/wp\/v2\/tags?post=194771"}],"curies":[{"name":"wp","href":"https:\/\/api.w.org\/{rel}","templated":true}]}}