{"id":194777,"date":"2025-10-22T23:00:18","date_gmt":"2025-10-22T23:00:18","guid":{"rendered":"https:\/\/www.europesays.com\/es\/194777\/"},"modified":"2025-10-22T23:00:18","modified_gmt":"2025-10-22T23:00:18","slug":"la-cij-dice-que-israel-debe-facilitar-entrada-de-ayuda-para-gaza-y-garantizar-las-necesidades-de-la-poblacion","status":"publish","type":"post","link":"https:\/\/www.europesays.com\/es\/194777\/","title":{"rendered":"La CIJ dice que Israel debe facilitar entrada de ayuda para Gaza y garantizar las necesidades de la poblaci\u00f3n"},"content":{"rendered":"<p>    <img src=\"https:\/\/www.europesays.com\/es\/wp-content\/uploads\/2025\/10\/2025-10-22T183A143A42Z-90210352.jpg\" width=\"1024\" height=\"682\" alt=\"\" loading=\"eager\" decoding=\"sync\" fetchpriority=\"high\"\/><\/p>\n<p>            afp_tickers        <\/p>\n<p>        Este contenido fue publicado en    <\/p>\n<p>        22 octubre 2025 &#8211; 20:14\n<\/p>\n<p>La Corte Internacional de Justicia (CIJ) afirm\u00f3 este mi\u00e9rcoles que Israel tiene la obligaci\u00f3n de garantizar las necesidades b\u00e1sicas de la poblaci\u00f3n de Gaza y no debe utilizar el hambre como un \u00abm\u00e9todo de guerra\u00bb.\u00a0\u00a0<\/p>\n<p>La ONU solicit\u00f3 al tribunal con sede en La Haya que aclarara las obligaciones de Israel, como potencia ocupante, ante la organizaci\u00f3n y otros organismos.\u00a0<\/p>\n<p>Esta opini\u00f3n emitida por el tribunal no es jur\u00eddicamente vinculante, pero la corte considera que tiene \u00abgran peso jur\u00eddico y autoridad moral\u00bb.<\/p>\n<p>\u00abComo potencia ocupante, Israel est\u00e1 obligado a garantizar las necesidades b\u00e1sicas de la poblaci\u00f3n local, incluidos los suministros esenciales para su supervivencia\u00bb, declar\u00f3 el presidente del tribunal, Yuji Iwasawa.\u00a0<\/p>\n<p>El magistrado de la CIJ tambi\u00e9n afirm\u00f3 que Israel \u00abno ha fundamentado sus acusaciones de que una parte significativa de los empleados de la UNRWA son miembros de Ham\u00e1s (\u2026) o de otras facciones terroristas\u00bb.\u00a0<\/p>\n<p>Israel prohibi\u00f3 a la UNRWA operar en territorio israel\u00ed tras acusar a algunos de sus empleados de haber participado en el ataque de Ham\u00e1s del 7 de octubre de 2023 que desencaden\u00f3 la guerra en Gaza.\u00a0<\/p>\n<p>\u00abLa Corte considera que Israel tiene la obligaci\u00f3n de aceptar y facilitar los planes de ayuda proporcionados por las Naciones Unidas y sus entidades, incluida la UNRWA\u00bb, afirm\u00f3 Iwasawa.<\/p>\n<p>En ese sentido, el tribunal record\u00f3 que Israel adem\u00e1s tiene la obligaci\u00f3n de \u00abno utilizar el hambre de la poblaci\u00f3n civil como m\u00e9todo de guerra\u00bb.\u00a0<\/p>\n<p>Israel no particip\u00f3 en las audiencias. Su ministro de Relaciones Exteriores, Gideon Saar, las hab\u00eda calificado como \u00abparte de una persecuci\u00f3n sistem\u00e1tica y deslegitimaci\u00f3n de Israel\u00bb.<\/p>\n<p>El portavoz de la canciller\u00eda israel\u00ed, Oren Marmorstein, rechaz\u00f3 este mi\u00e9rcoles categ\u00f3ricamente la opini\u00f3n de la corte.<\/p>\n<p>El vocero indic\u00f3 en X que la opini\u00f3n consultiva era \u00abtotalmente previsible desde el principio en lo que respecta a la UNRWA\u00bb y afirm\u00f3 que se trata de otro intento m\u00e1s de \u00abimponer medidas pol\u00edticas contra Israel usando el pretexto del \u2018derecho internacional&#8217;\u00bb.<\/p>\n<p>La Autoridad Palestina (AP), que administra parcialmente Cisjordania ocupada, celebr\u00f3 el pronunciamiento y su Ministerio de Relaciones Exteriores declar\u00f3 en X que \u00ablos Estados tienen la obligaci\u00f3n de garantizar que Israel cumpla con sus obligaciones\u00bb.<\/p>\n<p>Ham\u00e1s, que gobierna en Gaza, tambi\u00e9n salud\u00f3 la declaraci\u00f3n de la CIJ y destac\u00f3 en un comunicado que \u00abla decisi\u00f3n del Tribunal que proh\u00edbe el uso del hambre como m\u00e9todo de guerra confirma que la ocupaci\u00f3n, al matar de hambre deliberadamente a los palestinos, est\u00e1 cometiendo una forma de genocidio\u00bb.<\/p>\n<p>ric\/tw\/sag-an\/mb<\/p>\n","protected":false},"excerpt":{"rendered":"afp_tickers Este contenido fue publicado en 22 octubre 2025 &#8211; 20:14 La Corte Internacional de Justicia (CIJ) afirm\u00f3&hellip;\n","protected":false},"author":2,"featured_media":194778,"comment_status":"","ping_status":"","sticky":false,"template":"","format":"standard","meta":{"footnotes":""},"categories":[42],"tags":[635,17,18,636,83,13,14,11,61,62,54124,54125,63,86,64,19,20,7657,7658,9,10,15,16,88,90,12,21,22,65,66,67],"class_list":{"0":"post-194777","1":"post","2":"type-post","3":"status-publish","4":"format-standard","5":"has-post-thumbnail","7":"category-internacional","8":"tag-armed-conflict","9":"tag-breaking-news","10":"tag-breakingnews","11":"tag-conflict","12":"tag-diplomacy","13":"tag-featured-news","14":"tag-featurednews","15":"tag-headlines","16":"tag-internacional","17":"tag-international","18":"tag-international-court-or-tribunal","19":"tag-international-law","20":"tag-international-news","21":"tag-international-relations","22":"tag-internationalnews","23":"tag-latest-news","24":"tag-latestnews","25":"tag-law-and-order","26":"tag-laws","27":"tag-news","28":"tag-noticias","29":"tag-noticias-destacadas","30":"tag-noticiasdestacadas","31":"tag-politics","32":"tag-ticker","33":"tag-titulares","34":"tag-ultimas-noticias","35":"tag-ultimasnoticias","36":"tag-world","37":"tag-world-news","38":"tag-worldnews"},"share_on_mastodon":{"url":"","error":"Validation failed: Text character limit of 500 exceeded"},"_links":{"self":[{"href":"https:\/\/www.europesays.com\/es\/wp-json\/wp\/v2\/posts\/194777","targetHints":{"allow":["GET"]}}],"collection":[{"href":"https:\/\/www.europesays.com\/es\/wp-json\/wp\/v2\/posts"}],"about":[{"href":"https:\/\/www.europesays.com\/es\/wp-json\/wp\/v2\/types\/post"}],"author":[{"embeddable":true,"href":"https:\/\/www.europesays.com\/es\/wp-json\/wp\/v2\/users\/2"}],"replies":[{"embeddable":true,"href":"https:\/\/www.europesays.com\/es\/wp-json\/wp\/v2\/comments?post=194777"}],"version-history":[{"count":0,"href":"https:\/\/www.europesays.com\/es\/wp-json\/wp\/v2\/posts\/194777\/revisions"}],"wp:featuredmedia":[{"embeddable":true,"href":"https:\/\/www.europesays.com\/es\/wp-json\/wp\/v2\/media\/194778"}],"wp:attachment":[{"href":"https:\/\/www.europesays.com\/es\/wp-json\/wp\/v2\/media?parent=194777"}],"wp:term":[{"taxonomy":"category","embeddable":true,"href":"https:\/\/www.europesays.com\/es\/wp-json\/wp\/v2\/categories?post=194777"},{"taxonomy":"post_tag","embeddable":true,"href":"https:\/\/www.europesays.com\/es\/wp-json\/wp\/v2\/tags?post=194777"}],"curies":[{"name":"wp","href":"https:\/\/api.w.org\/{rel}","templated":true}]}}