{"id":194779,"date":"2025-10-22T23:01:13","date_gmt":"2025-10-22T23:01:13","guid":{"rendered":"https:\/\/www.europesays.com\/es\/194779\/"},"modified":"2025-10-22T23:01:13","modified_gmt":"2025-10-22T23:01:13","slug":"ramoncin-sentencia-con-muy-poco-a-ayuso-al-recordar-la-noche-que-paso-en-la-real-casa-de-correos-cuando-era-la-dgs","status":"publish","type":"post","link":"https:\/\/www.europesays.com\/es\/194779\/","title":{"rendered":"Ramonc\u00edn sentencia con muy poco a Ayuso al recordar la noche que pas\u00f3 en la Real Casa de Correos cuando era la DGS"},"content":{"rendered":"<p>El cantante Jos\u00e9 Ram\u00f3n Julio Mart\u00ednez M\u00e1rquez, conocido como <a href=\"https:\/\/www.huffingtonpost.es\/virales\/el-19-jovenes-espanoles-creenos-franquismo-muy-buenos-ramoncin-da-clave-respuesta.html\" rel=\"nofollow noopener\" target=\"_blank\"><b>Ramonc\u00edn<\/b><\/a>, autor de\u00a0canciones como La chica de la puerta 16, El rey del pollo frito o L\u00e1grimas de luna, entre otros, ha sido muy breve a la hora de hablar de una de las noticias de la semana:<a href=\"https:\/\/www.huffingtonpost.es\/politica\/la-guerra-ayuso-podido-ganar-que-real-casa-correos-franquismo-que-supone-sea-lugar-memoria-democratica.html\" rel=\"nofollow noopener\" target=\"_blank\"> el Gobierno ha declarado Lugar de Memoria Democr\u00e1tica la Real Casa de Correos<\/a>, que act\u00faa como sede de la Comunidad de Madrid.<\/p>\n<p>Lo ha hecho despu\u00e9s de conocerse que Ayuso recurrir\u00e1, como ya lo hizo en febrero ante el Tribunal de Constitucional por invasi\u00f3n de competencias, tal y como ha anunciado el portavoz de la Comunidad de Madrid, Miguel \u00c1ngel Garc\u00eda Mart\u00edn. Ha anunciado este mi\u00e9rcoles que el gobierno de Pedro S\u00e1nchez ha dado un paso <b>\u00absectario contrario a la historia y a la verdad\u00bb.<\/b><\/p>\n<p>Para el gobierno auton\u00f3mico, la declaraci\u00f3n <b>\u00abya ha caducado, porque ha pasado m\u00e1s de un a\u00f1o\u00bb<\/b>, refiri\u00e9ndose a la incoaci\u00f3n y su posterior resoluci\u00f3n. Por lo tanto, Ramonc\u00edn ha revelado y recordado que pas\u00f3 una noche en la Real Casa de Correos cuando era entonces la DGS.\u00a0<\/p>\n<p>\u00abLo que se o\u00eda era tremendo\u00bb<\/p>\n<p><b>\u00abEsto es lo que me diferencia de Vito Quiles. Yo S\u00cd he estado ah\u00ed\u00bb<\/b>, ha se\u00f1alado el cantante y colaborador habitual del programa M\u00e1s Vale Tarde, presentado por los periodistas de La Sexta, I\u00f1aki L\u00f3pez y Cristina Pardo.\u00a0<\/p>\n<p>\u00abHe pasado una noche entera all\u00ed. Y cuando entr\u00e9 all\u00ed no sab\u00eda si iba a salir por la ma\u00f1ana o no, <b>y lo que se o\u00eda ah\u00ed era TREMENDO<\/b>. Por lo tanto, ese sitio es un sitio de memoria\u00bb, ha sentenciado Ramonc\u00edn tras su breve intervenci\u00f3n.<\/p>\n<p>Preguntado sobre por qu\u00e9 pas\u00f3 la noche en la DGS, Ramonc\u00edn tambi\u00e9n ha sido breve, pero ha esbozado una peque\u00f1a sonrisa: \u00abBueno, porque ten\u00edamos unas octavillas y las tir\u00e1bamos. Si os lo cuento, no os lo vais a creer, sal\u00eda de hacer teatro de una escuela de aparejadores, llevaba una gorra roja de un equipo llamado Houston, que me hab\u00eda mandado una amiga americana.<b> Aquella gorra roja era el objetivo principal de aquellos tipos que me detuvieron all\u00ed<\/b>\u00ab.<\/p>\n","protected":false},"excerpt":{"rendered":"El cantante Jos\u00e9 Ram\u00f3n Julio Mart\u00ednez M\u00e1rquez, conocido como Ramonc\u00edn, autor de\u00a0canciones como La chica de la puerta&hellip;\n","protected":false},"author":2,"featured_media":194780,"comment_status":"","ping_status":"","sticky":false,"template":"","format":"standard","meta":{"footnotes":""},"categories":[8],"tags":[17,18,25,24,13,14,11,19,20,9,193,10,15,16,4191,13184,7197,23,12,21,22],"class_list":{"0":"post-194779","1":"post","2":"type-post","3":"status-publish","4":"format-standard","5":"has-post-thumbnail","7":"category-espana","8":"tag-breaking-news","9":"tag-breakingnews","10":"tag-es","11":"tag-espana","12":"tag-featured-news","13":"tag-featurednews","14":"tag-headlines","15":"tag-latest-news","16":"tag-latestnews","17":"tag-news","18":"tag-noche","19":"tag-noticias","20":"tag-noticias-destacadas","21":"tag-noticiasdestacadas","22":"tag-paso","23":"tag-ramoncin","24":"tag-recuerda","25":"tag-spain","26":"tag-titulares","27":"tag-ultimas-noticias","28":"tag-ultimasnoticias"},"share_on_mastodon":{"url":"https:\/\/pubeurope.com\/@es\/115420311418905077","error":""},"_links":{"self":[{"href":"https:\/\/www.europesays.com\/es\/wp-json\/wp\/v2\/posts\/194779","targetHints":{"allow":["GET"]}}],"collection":[{"href":"https:\/\/www.europesays.com\/es\/wp-json\/wp\/v2\/posts"}],"about":[{"href":"https:\/\/www.europesays.com\/es\/wp-json\/wp\/v2\/types\/post"}],"author":[{"embeddable":true,"href":"https:\/\/www.europesays.com\/es\/wp-json\/wp\/v2\/users\/2"}],"replies":[{"embeddable":true,"href":"https:\/\/www.europesays.com\/es\/wp-json\/wp\/v2\/comments?post=194779"}],"version-history":[{"count":0,"href":"https:\/\/www.europesays.com\/es\/wp-json\/wp\/v2\/posts\/194779\/revisions"}],"wp:featuredmedia":[{"embeddable":true,"href":"https:\/\/www.europesays.com\/es\/wp-json\/wp\/v2\/media\/194780"}],"wp:attachment":[{"href":"https:\/\/www.europesays.com\/es\/wp-json\/wp\/v2\/media?parent=194779"}],"wp:term":[{"taxonomy":"category","embeddable":true,"href":"https:\/\/www.europesays.com\/es\/wp-json\/wp\/v2\/categories?post=194779"},{"taxonomy":"post_tag","embeddable":true,"href":"https:\/\/www.europesays.com\/es\/wp-json\/wp\/v2\/tags?post=194779"}],"curies":[{"name":"wp","href":"https:\/\/api.w.org\/{rel}","templated":true}]}}