{"id":194787,"date":"2025-10-22T23:07:24","date_gmt":"2025-10-22T23:07:24","guid":{"rendered":"https:\/\/www.europesays.com\/es\/194787\/"},"modified":"2025-10-22T23:07:24","modified_gmt":"2025-10-22T23:07:24","slug":"vandalizan-un-mural-con-su-imagen-tras-su-destierro-voluntario-a-grecia","status":"publish","type":"post","link":"https:\/\/www.europesays.com\/es\/194787\/","title":{"rendered":"vandalizan un mural con su imagen tras su destierro voluntario a Grecia"},"content":{"rendered":"<p class=\"paragraph\" id=\"paragraph_1\">El mural que inmortalizaba a <strong>Novak Djokovic<\/strong> en pleno gesto de celebraci\u00f3n, con el pu\u00f1o alzado y la energ\u00eda desbordante que le caracteriza, amaneci\u00f3 a comienzos de la semana cubierto de pintura negra en una c\u00e9ntrica calle de <strong>Belgrado.<\/strong><\/p>\n<p class=\"paragraph\" id=\"paragraph_2\">El acto vand\u00e1lico, perpetrado durante la madrugada del lunes al martes, es solo la \u00faltima expresi\u00f3n de una tensi\u00f3n creciente <a href=\"https:\/\/www.elespanol.com\/mundo\/europa\/20250921\/amor-odio-solo-paso-djokovic-heroe-traidor-serbia-vucic-dar-voz-criticos\/1003743932839_0.html?utm_cmp_rs=linksinline\" rel=\"nofollow noopener\" target=\"_blank\">entre el tenista m\u00e1s laureado de <strong>Serbia<\/strong> y un sector de la opini\u00f3n p\u00fablica alineado con el gobierno del presidente <\/a><strong><a href=\"https:\/\/www.elespanol.com\/mundo\/europa\/20250921\/amor-odio-solo-paso-djokovic-heroe-traidor-serbia-vucic-dar-voz-criticos\/1003743932839_0.html?utm_cmp_rs=linksinline\" rel=\"nofollow noopener\" target=\"_blank\">Aleksandar Vucic<\/a>.<\/strong><\/p>\n<p class=\"paragraph\" id=\"paragraph_3\">La obra, creada por el artista y activista <strong>Andrej Josifovski<\/strong>\u00a0\u2014m\u00e1s conocido como &#8216;El Pianista&#8217;\u2014, representaba el caracter\u00edstico movimiento de bombeo muscular que Djokovic realiz\u00f3 durante <strong>Wimbledon<\/strong> este a\u00f1o.<\/p>\n<p><img loading=\"lazy\" decoding=\"async\" alt=\"Novak Djokovic, en su debut en el US Open ante Learner Tien.\" height=\"180\" src=\"https:\/\/www.europesays.com\/es\/wp-content\/uploads\/2025\/10\/1003743899291_258225464_320x180.jpg\" width=\"320\" data-lazy-status=\"processed\" data-lazy-info=\"remove loading item 1\"\/><\/p>\n<p class=\"paragraph\" id=\"paragraph_4\">Acompa\u00f1ada de la inscripci\u00f3n \u00ab\u00a1Pump, pump! \u00bfPor qu\u00e9 te detuviste?\u00bb, la imagen no era solo un homenaje deportivo: se hab\u00eda convertido en un s\u00edmbolo de apoyo a las protestas estudiantiles y ciudadanas que sacuden Serbia desde noviembre de 2024.<\/p>\n<p class=\"paragraph\" id=\"paragraph_5\">Aquel movimiento en la cancha fue interpretado por muchos como un gesto de solidaridad con quienes exigen justicia tras la tragedia de <strong>Novi Sad,<\/strong> donde el derrumbe de una marquesina en la estaci\u00f3n de tren caus\u00f3 la muerte de diecis\u00e9is personas.<\/p>\n<p class=\"paragraph\" id=\"paragraph_6\">Desde entonces, las manifestaciones contra el gobierno no han cesado, y Djokovic se sum\u00f3 p\u00fablicamente a la causa en diciembre pasado con un mensaje en redes sociales: \u00abSerbia tiene enorme potencial, y la juventud educada es su mayor fortaleza. Lo que todos necesitamos es comprensi\u00f3n y respeto. Con vosotros, Novak\u00bb.<\/p>\n<p class=\"paragraph\" id=\"paragraph_7\">Ese respaldo le cost\u00f3 caro. Los medios afines al gobierno lo tacharon de \u00abfalso patriota\u00bb y \u00abtraidor\u00bb, desatando una campa\u00f1a medi\u00e1tica que ha afectado no solo su reputaci\u00f3n p\u00fablica en Serbia, sino tambi\u00e9n la tranquilidad de su familia.<\/p>\n<p class=\"paragraph\" id=\"paragraph_8\">Ante esta situaci\u00f3n, el tenista de 38 a\u00f1os tom\u00f3 una decisi\u00f3n in\u00e9dita: trasladar a su esposa Jelena y a sus dos hijos, Stefan de diez a\u00f1os y Tara de ocho, a Atenas.<\/p>\n<p class=\"paragraph\" id=\"paragraph_9\">Seg\u00fan medios en Grecia, los ni\u00f1os ya est\u00e1n matriculados en el <strong>St. Lawrence College<\/strong>, una escuela brit\u00e1nica privada situada en la capital griega, y la familia reside actualmente en los suburbios del sur de la ciudad.<\/p>\n<p class=\"paragraph\" id=\"paragraph_10\">Djokovic ha sido visto jugando tenis con su hijo en el club <strong>Kavouri Tennis Club<\/strong> y asistiendo a partidos de la <strong>Copa Davis<\/strong> junto a \u00e9l, en una muestra de que la mudanza no ser\u00eda meramente simb\u00f3lica.<\/p>\n<p class=\"paragraph\" id=\"paragraph_11\">Cuando los medios griegos lo abordaron para preguntarle si el traslado era definitivo, el tenista esquiv\u00f3 la pregunta con cortes\u00eda: \u00abNo lo s\u00e9, no lo s\u00e9. Solo estoy disfrutando el tiempo con mi familia. Estar\u00e9 aqu\u00ed para el torneo\u00bb.<\/p>\n<p class=\"paragraph\" id=\"paragraph_12\">Ese torneo al que se refiere es el <strong>Campeonato Hel\u00e9nico<\/strong>, un <strong>ATP 250<\/strong> que tradicionalmente se celebraba en Belgrado bajo la organizaci\u00f3n de la familia Djokovic, pero que este a\u00f1o se ha mudado tambi\u00e9n a Atenas, previsto para noviembre.<\/p>\n<p><img decoding=\"async\" alt=\"El mural de Novak Djokovic en Belgrado, ya restaurado este mi\u00e9rcoles\" data-imgm=\"true\" height=\"180\" loading=\"lazy\"  src=\"https:\/\/www.europesays.com\/es\/wp-content\/uploads\/2025\/10\/1003743981158_259516626_1024x576.jpg\"  width=\"320\"\/><\/p>\n<p>                                                            El mural de Novak Djokovic en Belgrado, ya restaurado este mi\u00e9rcoles<\/p>\n<p class=\"paragraph\" id=\"paragraph_13\">La reacci\u00f3n del artista Josifovski al vandalismo no se hizo esperar. En redes sociales escribi\u00f3: \u00abPodr\u00edan haber borrado solo las palabras &#8216;Pump, pump&#8217;, pero borrar la figura de Novak&#8230; eso significa que est\u00e1n dispuestos a borrar la historia para mantenerse en el poder\u00bb.<\/p>\n<p class=\"paragraph\" id=\"paragraph_14\">Con iron\u00eda, a\u00f1adi\u00f3 que la venganza llegar\u00eda \u00absin m\u00e1scara, a plena luz del d\u00eda, como lo hacemos nosotros\u00bb.<\/p>\n<p class=\"paragraph\" id=\"paragraph_15\">Lo ocurrido refleja una fractura profunda en Serbia, donde incluso sus m\u00e1ximos referentes deportivos pueden acabar convertidos en objetivos pol\u00edticos cuando su voz disuena del discurso oficial.<\/p>\n<p class=\"paragraph\" id=\"paragraph_16\">Para Djokovic, el precio de expresar solidaridad con su pueblo ha sido el destierro voluntario y la violencia simb\u00f3lica contra su imagen. El mural vandalizado es, en definitiva, el retrato de un pa\u00eds dividido.<\/p>\n","protected":false},"excerpt":{"rendered":"El mural que inmortalizaba a Novak Djokovic en pleno gesto de celebraci\u00f3n, con el pu\u00f1o alzado y la&hellip;\n","protected":false},"author":2,"featured_media":194788,"comment_status":"","ping_status":"","sticky":false,"template":"","format":"standard","meta":{"footnotes":""},"categories":[274],"tags":[168,25,24,547,23,167,327,326],"class_list":{"0":"post-194787","1":"post","2":"type-post","3":"status-publish","4":"format-standard","5":"has-post-thumbnail","7":"category-tenis","8":"tag-deportes","9":"tag-es","10":"tag-espana","11":"tag-novak-djokovic","12":"tag-spain","13":"tag-sports","14":"tag-tenis","15":"tag-tennis"},"share_on_mastodon":{"url":"https:\/\/pubeurope.com\/@es\/115420335104273056","error":""},"_links":{"self":[{"href":"https:\/\/www.europesays.com\/es\/wp-json\/wp\/v2\/posts\/194787","targetHints":{"allow":["GET"]}}],"collection":[{"href":"https:\/\/www.europesays.com\/es\/wp-json\/wp\/v2\/posts"}],"about":[{"href":"https:\/\/www.europesays.com\/es\/wp-json\/wp\/v2\/types\/post"}],"author":[{"embeddable":true,"href":"https:\/\/www.europesays.com\/es\/wp-json\/wp\/v2\/users\/2"}],"replies":[{"embeddable":true,"href":"https:\/\/www.europesays.com\/es\/wp-json\/wp\/v2\/comments?post=194787"}],"version-history":[{"count":0,"href":"https:\/\/www.europesays.com\/es\/wp-json\/wp\/v2\/posts\/194787\/revisions"}],"wp:featuredmedia":[{"embeddable":true,"href":"https:\/\/www.europesays.com\/es\/wp-json\/wp\/v2\/media\/194788"}],"wp:attachment":[{"href":"https:\/\/www.europesays.com\/es\/wp-json\/wp\/v2\/media?parent=194787"}],"wp:term":[{"taxonomy":"category","embeddable":true,"href":"https:\/\/www.europesays.com\/es\/wp-json\/wp\/v2\/categories?post=194787"},{"taxonomy":"post_tag","embeddable":true,"href":"https:\/\/www.europesays.com\/es\/wp-json\/wp\/v2\/tags?post=194787"}],"curies":[{"name":"wp","href":"https:\/\/api.w.org\/{rel}","templated":true}]}}