{"id":194795,"date":"2025-10-22T23:14:06","date_gmt":"2025-10-22T23:14:06","guid":{"rendered":"https:\/\/www.europesays.com\/es\/194795\/"},"modified":"2025-10-22T23:14:06","modified_gmt":"2025-10-22T23:14:06","slug":"abre-una-nueva-convocatoria-del-fellowship-cairo-calling-de-la-feria-internacional-del-libro-de-el-cairo","status":"publish","type":"post","link":"https:\/\/www.europesays.com\/es\/194795\/","title":{"rendered":"Abre una nueva convocatoria del fellowship Cairo Calling de la Feria Internacional del Libro de El Cairo"},"content":{"rendered":"<p>La Feria Internacional del Libro de El Cairo, uno de los acontecimientos culturales m\u00e1s destacados del mundo \u00e1rabe y del continente africano, vuelve en su 57\u00aa edici\u00f3n, del 23 de enero al 6 de febrero de 2025, en el Centro Internacional de Exposiciones de Egipto, en El Nuevo Cairo con Ruman\u00eda como Pa\u00eds Invitado de Honor.\u00a0 Este a\u00f1o, por novena edici\u00f3n, la feria convoca el programa Cairo Calling que ofrece becas a editores, agentes, y otras organizaciones del sector para poder participar del evento.<\/p>\n<p>Desde su creaci\u00f3n, Cairo Calling ha conectado a m\u00e1s de 265 profesionales del mundo editorial de m\u00e1s de 55 pa\u00edses, tendiendo puentes entre idiomas, regiones e ideas. En esta edici\u00f3n el programa se desarrollar\u00e1 durante cuatro d\u00edas del 24 al 27 de enero.<\/p>\n<p>Las solicitudes de participaci\u00f3n se pueden presentar hasta el pr\u00f3ximo 10 de noviembre a trav\u00e9s de <a href=\"https:\/\/docs.google.com\/forms\/d\/e\/1FAIpQLScEfr0lhEYcrGBdiapKOR-x1x5oPfaxk6ywwUp1YXjY7mCHOg\/viewform\" target=\"_blank\" rel=\"noopener nofollow\">este enlace<\/a>:<\/p>\n<p>El programa ofrece la oportunidad de sumergirse en el vibrante mundo de la literatura y la cultura \u00e1rabe y egipcia en particular. Los participantes seleccionados disfrutar\u00e1n de:<\/p>\n<ul>\n<li>Un recorrido guiado por la feria para explorar su rica oferta.<\/li>\n<li>Tiempo y espacio designados para reuniones en las que conectar con otros profesionales.<\/li>\n<li>Oportunidades para presentaciones y valiosas interacciones con l\u00edderes culturales.<\/li>\n<li>Un asiento en primera fila en el primer Centro de Derechos de Egipto en la Feria Internacional del Libro de El Cairo<\/li>\n<\/ul>\n<p>El programa cubre los gastos de alojamiento, transporte y traducci\u00f3n de todos los participantes. No obstante, es importante recordar que los participantes deber\u00e1n adquirir sus propios billetes de avi\u00f3n.<\/p>\n","protected":false},"excerpt":{"rendered":"La Feria Internacional del Libro de El Cairo, uno de los acontecimientos culturales m\u00e1s destacados del mundo \u00e1rabe&hellip;\n","protected":false},"author":2,"featured_media":194796,"comment_status":"","ping_status":"","sticky":false,"template":"","format":"standard","meta":{"footnotes":""},"categories":[172],"tags":[224,146,147,25,24,225,23],"class_list":{"0":"post-194795","1":"post","2":"type-post","3":"status-publish","4":"format-standard","5":"has-post-thumbnail","7":"category-libros","8":"tag-books","9":"tag-entertainment","10":"tag-entretenimiento","11":"tag-es","12":"tag-espana","13":"tag-libros","14":"tag-spain"},"share_on_mastodon":{"url":"https:\/\/pubeurope.com\/@es\/115420362594227023","error":""},"_links":{"self":[{"href":"https:\/\/www.europesays.com\/es\/wp-json\/wp\/v2\/posts\/194795","targetHints":{"allow":["GET"]}}],"collection":[{"href":"https:\/\/www.europesays.com\/es\/wp-json\/wp\/v2\/posts"}],"about":[{"href":"https:\/\/www.europesays.com\/es\/wp-json\/wp\/v2\/types\/post"}],"author":[{"embeddable":true,"href":"https:\/\/www.europesays.com\/es\/wp-json\/wp\/v2\/users\/2"}],"replies":[{"embeddable":true,"href":"https:\/\/www.europesays.com\/es\/wp-json\/wp\/v2\/comments?post=194795"}],"version-history":[{"count":0,"href":"https:\/\/www.europesays.com\/es\/wp-json\/wp\/v2\/posts\/194795\/revisions"}],"wp:featuredmedia":[{"embeddable":true,"href":"https:\/\/www.europesays.com\/es\/wp-json\/wp\/v2\/media\/194796"}],"wp:attachment":[{"href":"https:\/\/www.europesays.com\/es\/wp-json\/wp\/v2\/media?parent=194795"}],"wp:term":[{"taxonomy":"category","embeddable":true,"href":"https:\/\/www.europesays.com\/es\/wp-json\/wp\/v2\/categories?post=194795"},{"taxonomy":"post_tag","embeddable":true,"href":"https:\/\/www.europesays.com\/es\/wp-json\/wp\/v2\/tags?post=194795"}],"curies":[{"name":"wp","href":"https:\/\/api.w.org\/{rel}","templated":true}]}}