{"id":194799,"date":"2025-10-22T23:18:14","date_gmt":"2025-10-22T23:18:14","guid":{"rendered":"https:\/\/www.europesays.com\/es\/194799\/"},"modified":"2025-10-22T23:18:14","modified_gmt":"2025-10-22T23:18:14","slug":"causa-furor-perro-protagonista-de-filme-de-horror-good-boy","status":"publish","type":"post","link":"https:\/\/www.europesays.com\/es\/194799\/","title":{"rendered":"Causa furor perro protagonista de filme de horror &#8216;Good Boy&#8217;"},"content":{"rendered":"<p><img decoding=\"async\" src=\"https:\/\/www.europesays.com\/es\/wp-content\/uploads\/2025\/10\/1761175091_461_expande.png\" alt=\"\"\/><img decoding=\"async\" src=\"https:\/\/www.europesays.com\/es\/wp-content\/uploads\/2025\/10\/6053541.jpg&#038;imagencompleta=1.jpeg\" alt=\"Indy, el perrito estrella de filme de horror 'Good Boy', causa furor a nivel mundial con una historia desde el punto de vista canino.\" class=\"zoomable-image\"\/><\/p>\n<p class=\"gr_pie_de_foto_panoramico\" style=\"text-align: left;\">Indy, el perrito estrella de filme de horror &#8216;Good Boy&#8217;, causa furor a nivel mundial con una historia desde el punto de vista canino. Cr\u00e9dito: Tomada del IG: @goodboy.film<\/p>\n<p><img decoding=\"async\" src=\"https:\/\/www.europesays.com\/es\/wp-content\/uploads\/2025\/10\/1761175091_461_expande.png\" alt=\"\"\/><img decoding=\"async\" src=\"https:\/\/www.europesays.com\/es\/wp-content\/uploads\/2025\/10\/6053542.jpg&#038;imagencompleta=1.jpeg\" alt=\"El perro nunca lleg\u00f3 a comprender el concepto de estar actuando en una pel\u00edcula, pero empez\u00f3 a disfrutar del trabajo.\" class=\"zoomable-image\"\/><\/p>\n<p class=\"gr_pie_de_foto_panoramico\" style=\"text-align: left;\">El perro nunca lleg\u00f3 a comprender el concepto de estar actuando en una pel\u00edcula, pero empez\u00f3 a disfrutar del trabajo. Cr\u00e9dito: Tomada del IG: @goodboy.film<\/p>\n<p><img decoding=\"async\" src=\"https:\/\/www.europesays.com\/es\/wp-content\/uploads\/2025\/10\/1761175091_461_expande.png\" alt=\"\"\/><img decoding=\"async\" src=\"https:\/\/www.europesays.com\/es\/wp-content\/uploads\/2025\/10\/6053544.jpg&#038;imagencompleta=1.jpeg\" alt=\"Aunque el personaje de Indy se esfuerza al m\u00e1ximo para defender a su humano del mal, Leonberg no cree que el Indy de la vida real los defender\u00eda de esa manera.\" class=\"zoomable-image\"\/><\/p>\n<p class=\"gr_pie_de_foto_panoramico\" style=\"text-align: left;\">Aunque el personaje de Indy se esfuerza al m\u00e1ximo para defender a su humano del mal, Leonberg no cree que el Indy de la vida real los defender\u00eda de esa manera. Cr\u00e9dito: IFC Films<\/p>\n","protected":false},"excerpt":{"rendered":"Indy, el perrito estrella de filme de horror &#8216;Good Boy&#8217;, causa furor a nivel mundial con una historia&hellip;\n","protected":false},"author":2,"featured_media":194800,"comment_status":"","ping_status":"","sticky":false,"template":"","format":"standard","meta":{"footnotes":""},"categories":[169],"tags":[11072,177,146,147,25,24,176,30134,29290,260,26398,10437,175,8515,1440,23],"class_list":{"0":"post-194799","1":"post","2":"type-post","3":"status-publish","4":"format-standard","5":"has-post-thumbnail","7":"category-cine","8":"tag-causa","9":"tag-cine","10":"tag-entertainment","11":"tag-entretenimiento","12":"tag-es","13":"tag-espana","14":"tag-film","15":"tag-filme","16":"tag-furor","17":"tag-gente","18":"tag-good-boy","19":"tag-horror","20":"tag-movies","21":"tag-perro","22":"tag-protagonista","23":"tag-spain"},"share_on_mastodon":{"url":"https:\/\/pubeurope.com\/@es\/115420378753316927","error":""},"_links":{"self":[{"href":"https:\/\/www.europesays.com\/es\/wp-json\/wp\/v2\/posts\/194799","targetHints":{"allow":["GET"]}}],"collection":[{"href":"https:\/\/www.europesays.com\/es\/wp-json\/wp\/v2\/posts"}],"about":[{"href":"https:\/\/www.europesays.com\/es\/wp-json\/wp\/v2\/types\/post"}],"author":[{"embeddable":true,"href":"https:\/\/www.europesays.com\/es\/wp-json\/wp\/v2\/users\/2"}],"replies":[{"embeddable":true,"href":"https:\/\/www.europesays.com\/es\/wp-json\/wp\/v2\/comments?post=194799"}],"version-history":[{"count":0,"href":"https:\/\/www.europesays.com\/es\/wp-json\/wp\/v2\/posts\/194799\/revisions"}],"wp:featuredmedia":[{"embeddable":true,"href":"https:\/\/www.europesays.com\/es\/wp-json\/wp\/v2\/media\/194800"}],"wp:attachment":[{"href":"https:\/\/www.europesays.com\/es\/wp-json\/wp\/v2\/media?parent=194799"}],"wp:term":[{"taxonomy":"category","embeddable":true,"href":"https:\/\/www.europesays.com\/es\/wp-json\/wp\/v2\/categories?post=194799"},{"taxonomy":"post_tag","embeddable":true,"href":"https:\/\/www.europesays.com\/es\/wp-json\/wp\/v2\/tags?post=194799"}],"curies":[{"name":"wp","href":"https:\/\/api.w.org\/{rel}","templated":true}]}}