{"id":194850,"date":"2025-10-22T23:49:49","date_gmt":"2025-10-22T23:49:49","guid":{"rendered":"https:\/\/www.europesays.com\/es\/194850\/"},"modified":"2025-10-22T23:49:49","modified_gmt":"2025-10-22T23:49:49","slug":"antonio-sanz-tiende-la-mano-a-una-nueva-era-sanitaria-en-andalucia-y-propone-16-medidas-para-impulsarla","status":"publish","type":"post","link":"https:\/\/www.europesays.com\/es\/194850\/","title":{"rendered":"Antonio Sanz tiende la mano a \u00abuna nueva era sanitaria\u00bb en Andaluc\u00eda y propone 16 medidas para impulsarla"},"content":{"rendered":"<p style=\"\">El consejero de Sanidad, Presidencia y Emergencias de la Junta, <strong>Antonio Sanz,<\/strong> ha abierto este mi\u00e9rcoles el Debate general sobre la situaci\u00f3n de la sanidad p\u00fablica de <strong>Andaluc\u00eda<\/strong> en el Parlamento de Andaluc\u00eda con una oferta a la oposici\u00f3n, a las organizaciones profesionales  &#8230; y a las asociaciones de pacientes para empezar \u00abuna nueva era\u00bb en la gesti\u00f3n de la salud en la comunidad aut\u00f3noma y que se basa en diecis\u00e9is medidas concretas.<\/p>\n<p class=\"voc-p\" style=\"\">Arropado por el <a href=\"https:\/\/www.abc.es\/espana\/andalucia\/junta-andalucia-contratara-4370-profesionales-sanitarios-2026-20251021174006-nts.html\" target=\"_self\" data-voc-vtm-id=\"in-text-traffic\" title=\"presidente de la Junta, Juanma Moreno,\" data-mrf-link=\"www.abc.es\" rel=\"nofollow noopener\">presidente de la Junta, Juanma Moreno,<\/a> en el sal\u00f3n de plenos, el consejero que tom\u00f3 posesi\u00f3n hace justo una semana despu\u00e9s de la dimisi\u00f3n de su antecesora,<strong> Roc\u00edo Hern\u00e1ndez Soto<\/strong>, por la pol\u00e9mica de los cribados del c\u00e1ncer de mama, ha citado entre las diecis\u00e9is acciones que propone la activaci\u00f3n un nuevo plan de infraestructuras que incluya los nuevos hospitales de <strong>M\u00e1laga<\/strong> o <strong>Ja\u00e9n<\/strong>; la ampliaci\u00f3n de la plantilla estructural del <strong>Servicio Andaluz de Salud (SAS)<\/strong> con la creaci\u00f3n de 4.300 plazas, que ha aprobado ya el Consejo de Gobierno; la puesta en marcha de un decreto para los puestos de dif\u00edcil cobertura o el impulso de una nueva bolsa de trabajadores.<\/p>\n<p class=\"voc-p\" style=\"\">En este paquete de medidas planteado por <strong>Sanz<\/strong> est\u00e1 tambi\u00e9n el avance en los trasplantes de \u00f3rganos; el uso racional del medicamento; la \u00abrevoluci\u00f3n digital de la sanidad\u00bb; el refuerzo del plan de salud mental y de la Atenci\u00f3n Primaria; potenciar el papel de las farmacias como \u00abaliadas de la salud\u00bb; y la creaci\u00f3n de un comit\u00e9 de expertos para que abra las puertas a un <a href=\"https:\/\/www.abc.es\/espana\/andalucia\/receta-moreno-adaptar-servicio-andaluz-salud-sas-20251022144034-nts.html\" target=\"_self\" data-voc-vtm-id=\"in-text-traffic\" title=\"nuevo modelo\" data-mrf-link=\"www.abc.es\" rel=\"nofollow noopener\">nuevo modelo<\/a>, que ya ha avanzado el presidente de la Junta.<\/p>\n<p>\nDi\u00e1logo\n<\/p>\n<p class=\"voc-p\" style=\"\">\u00abTiendo la mano para abrir una nueva etapa de la sanidad p\u00fablica en Andaluc\u00eda a la oposici\u00f3n y a las asociaciones. Una nueva etapa sustentada en el di\u00e1logo, en toneladas de di\u00e1logo, en la cercan\u00eda, en la reforma y poniendo a los andaluces en el centro\u00bb, ha dicho <strong>Sanz<\/strong> en su discurso inicial. <\/p>\n<p class=\"voc-p\" style=\"\">\u00abEntre una pancarta y un paciente elegimos a un paciente, entre un titular y una vida elegimos una vida: basta ya de usar a la sanidad andaluza como un campo de batalla pol\u00edtica\u00bb, ha completado Sanz, que ha vuelto a pedir disculpas a las mujeres afectadas por el error en los diagn\u00f3sticos de c\u00e1ncer de mama, \u00absean de la asociaci\u00f3n que sean\u00bb.<\/p>\n<p class=\"voc-title\">El consejero ha avanzado que este viernes se re\u00fane la primera comisi\u00f3n de seguimiento de los planes para mejorar los cribados<\/p>\n<p class=\"voc-p\" style=\"\">Sobre las medidas puestas en marcha para atajar los errores en la comunicaci\u00f3n de los resultados de las <strong>mamograf\u00edas<\/strong>, el consejero ha avanzado que este pr\u00f3ximo viernes se reunir\u00e1 la primera comisi\u00f3n de seguimiento del plan para corregirlos.<\/p>\n<p class=\"voc-p\" style=\"\">Antonio Sanz, que ha resaltado que la encomienda de ponerse al frente de Sanidad es el reto m\u00e1s importante de su carrera pol\u00edtica y que ha vuelto a agradecer al presidente su confianza, ha enfatizado que \u00abmi primer cometido ha sido poner en marcha la mayor agenda de di\u00e1logo de la <strong>Junta<\/strong>\u00bb. \u00abHan sido d\u00edas intensos: me he reunido con representantes de los profesionales y diversas asociaciones de mujeres afectadas por el c\u00e1ncer de mama, y seguir\u00e9 haci\u00e9ndolo, porque hay mucho que hacer y poco tiempo que perder\u00bb, ha reflexionado en voz alta.<\/p>\n<p class=\"voc-p\" style=\"\">El nuevo consejero ha resaltado, al tiempo, que \u00abnuestro sistema p\u00fablico de salud es admirable: se realizan miles de gestas que pasan desapercibidas. Nuestra sanidad p\u00fablica es muy potente, pero en un sistema tan amplio se pueden cometer errores, y lo importante es reconocerlo y tratar de arreglarlos, no como hacen otros\u00bb. As\u00ed, Sanz ha citado las 11,2 millones de pruebas diagn\u00f3sticas realizadas por el <strong>Servicio Andaluz de Salud (SAS)<\/strong> desde que comenz\u00f3 el a\u00f1o, as\u00ed como los ochocientos trasplantes desde que arranc\u00f3 2025.<\/p>\n<p class=\"voc-p\" style=\"\">La oposici\u00f3n, que llevaba m\u00e1s de dos a\u00f1os pidiendo un debate monogr\u00e1fico sobre sanidad en el Parlamento y que ha votado en contra de \u00e9ste con el argumento de que quien deb\u00eda responder era Juanma Moreno y no Antonio Sanz, ha salido en tromba contra el nuevo consejero. <\/p>\n<p>\nBloque de izquierdas y Vox\n<\/p>\n<p class=\"voc-p\" style=\"\">As\u00ed, <strong>Jos\u00e9 Ignacio Garc\u00eda S\u00e1nchez, portavoz de Adelante Andaluc\u00eda<\/strong>, ha criticado que \u00abaqu\u00ed deber\u00eda haber subido el presidente de la Junta, que se esconde detr\u00e1s del consejero, que es su escudero m\u00e1s leal\u00bb.<\/p>\n<p class=\"voc-p\" style=\"\">De su lado,<strong> Inmaculada Nieto, de Por Andaluc\u00eda<\/strong>, se ha dolido de \u00abla cobard\u00eda de Juanma Moreno\u00bb, que se ha ausentado del debate cuando el titular de Sanidad ha terminado su primera intervenci\u00f3n. A rengl\u00f3n seguido, ha acusado a Antonio Sanz de \u00abinsultar a las mujeres\u00bb que sufren los retrasos del diagn\u00f3stico del c\u00e1ncer de mama, y que \u00abse fue a los toros\u00bb cuando la crisis estaba en uno de sus momentos m\u00e1s \u00e1lgidos.<\/p>\n<p class=\"voc-p\" style=\"\">A continuaci\u00f3n, <strong>el diputado de<\/strong><strong> Vox Manuel Gavira<\/strong> se ha preguntado si el PP cree que \u00abva a arreglar en siete meses lo que no ha conseguido arreglar en siete a\u00f1os\u00bb. \u00abUstedes han gestionado la salud en Andaluc\u00eda como lo hizo el PSOE\u00bb, ha lamentado.<\/p>\n<p>\nPSOE\n<\/p>\n<p class=\"voc-p\" style=\"\">Justamente <strong>Mar\u00eda M\u00e1rquez, portavoz socialista<\/strong>, ha ensalzado \u00abla valent\u00eda de las mujeres\u00bb que han denunciado las demoras en la detecci\u00f3n precoz del mal oncol\u00f3gico, y que se han enfrentado \u00aba la cobard\u00eda de los de la mayor\u00eda absoluta\u00bb. \u00abUstedes les han destrozado la vida a algunas mujeres\u00bb, ha afirmado M\u00e1rquez. \u00abEsto no lo vamos a olvidar\u00bb, ha rematado.<\/p>\n<p class=\"voc-title\">\u00abLas mujeres no hemos venido a la pol\u00edtica a usar a otras mujeres como arma electoral\u00bb<\/p>\n<p class=\"voc-article-position__name\">Beatriz Jurado<\/p>\n<p class=\"voc-article-position__employ\">Diputada del PP<\/p>\n<p class=\"voc-p\" style=\"\">La oposici\u00f3n no se ha avenido al plan propuesto de<strong> Antonio Sanz<\/strong>, que se ha defendido con u\u00f1as y dientes en su segunda intervenci\u00f3n. \u00abYo llevar\u00e9 ocho d\u00edas, pero me lo he empapado todo; he estado veinticuatro horas al d\u00eda. Y ustedes no han hecho ninguna propuesta\u00bb, ha dicho. \u00abYo les he tendido la mano y ustedes me la desprecian. Ustedes ver\u00e1n\u00bb.<\/p>\n<p class=\"voc-p\" style=\"\">Adem\u00e1s, el titular de Sanidad se ha defendido de quienes critican que no tenga una formaci\u00f3n acad\u00e9mica sanitaria -es licenciado en Derecho-, y ha citado casos similares al suyo, como por ejemplo al exministro de Sanidad de <strong>Pedro S\u00e1nchez<\/strong> y presidente de la Generalitat,<strong> Salvador Illa,<\/strong> que es titulado en Filosof\u00eda.<\/p>\n<p class=\"voc-p\" style=\"\">De su lado, <strong>Beatriz Jurado (PP),<\/strong> le ha afeado al presidente del Gobierno que en la ma\u00f1ana de este mi\u00e9rcoles se haya referido \u00abal bulo\u00bb de que la Junta estaba eliminando pruebas diagn\u00f3sticas del sistema inform\u00e1tico, y que se ha debido realmente a una ca\u00edda de la red. \u00abEn el PP estamos orgullosos de un presidente como Juanma Moreno que ha respondido con rapidez a una crisis como \u00e9sta\u00bb, ha completado. <\/p>\n<p class=\"voc-p\" style=\"\">\u00abLas mujeres no hemos venido a la pol\u00edtica para usar a otras mujeres como un objeto electoral\u00bb, le ha espetado <strong>Jurado<\/strong> a la socialista Mar\u00eda M\u00e1rquez.<\/p>\n<p>\nCompromisos y silencios\n<\/p>\n<p class=\"voc-p\" style=\"\">En su turno de cierre del debate monogr\u00e1fico de Sanidad, que se ha prolongado durante m\u00e1s de dos horas, Antonio Sanz, ha enfatizado que \u00abhe asumido en esta C\u00e1mara compromisos concretos y s\u00f3lo he escuchado injurias hacia el sistema sanitario andaluz, que es un orgullo para nosotros\u00bb. <\/p>\n<p class=\"voc-p\" style=\"\">\u00abUstedes utilizan el dolor de las mujeres para da\u00f1ar a un Gobierno\u00bb, ha dicho, para sumar a sus argumentos que el <strong>Defensor del Pueblo<\/strong> ha gestionado 157 denuncias por retrasos en tratamientos por el c\u00e1ncer de mama cuando la actual vicepresidenta del Gobierno central, <strong>Mar\u00eda Jes\u00fas Montero,<\/strong><a href=\"https:\/\/www.abc.es\/espana\/andalucia\/etapa-maria-jesus-montero-salud-sumo-numerosas-20251020123354-nts.html\" target=\"_self\" data-voc-vtm-id=\"in-text-traffic\" title=\" era consejera de Salud\" data-mrf-link=\"www.abc.es\" rel=\"nofollow noopener\"> era consejera de Salud<\/a>. Y ha a\u00f1adido que las unidades m\u00f3viles que completan la detecci\u00f3n precoz del c\u00e1ncer de mama las contrat\u00f3 justamente la secretaria general del PSOE-A. <\/p>\n<p class=\"voc-p\" style=\"\">\u00abMar\u00eda Jes\u00fas Mentiras, digo Montero, pasar\u00e1 a la historia como la consejera de Salud de los recortes\u00bb, ha bromeado el consejero.<\/p>\n","protected":false},"excerpt":{"rendered":"El consejero de Sanidad, Presidencia y Emergencias de la Junta, Antonio Sanz, ha abierto este mi\u00e9rcoles el Debate&hellip;\n","protected":false},"author":2,"featured_media":194851,"comment_status":"","ping_status":"","sticky":false,"template":"","format":"standard","meta":{"footnotes":""},"categories":[8],"tags":[17,18,25,24,13,14,11,19,20,9,10,15,16,2464,1811,23,12,21,22],"class_list":{"0":"post-194850","1":"post","2":"type-post","3":"status-publish","4":"format-standard","5":"has-post-thumbnail","7":"category-espana","8":"tag-breaking-news","9":"tag-breakingnews","10":"tag-es","11":"tag-espana","12":"tag-featured-news","13":"tag-featurednews","14":"tag-headlines","15":"tag-latest-news","16":"tag-latestnews","17":"tag-news","18":"tag-noticias","19":"tag-noticias-destacadas","20":"tag-noticiasdestacadas","21":"tag-pleno","22":"tag-sanidad","23":"tag-spain","24":"tag-titulares","25":"tag-ultimas-noticias","26":"tag-ultimasnoticias"},"share_on_mastodon":{"url":"https:\/\/pubeurope.com\/@es\/115420503961965403","error":""},"_links":{"self":[{"href":"https:\/\/www.europesays.com\/es\/wp-json\/wp\/v2\/posts\/194850","targetHints":{"allow":["GET"]}}],"collection":[{"href":"https:\/\/www.europesays.com\/es\/wp-json\/wp\/v2\/posts"}],"about":[{"href":"https:\/\/www.europesays.com\/es\/wp-json\/wp\/v2\/types\/post"}],"author":[{"embeddable":true,"href":"https:\/\/www.europesays.com\/es\/wp-json\/wp\/v2\/users\/2"}],"replies":[{"embeddable":true,"href":"https:\/\/www.europesays.com\/es\/wp-json\/wp\/v2\/comments?post=194850"}],"version-history":[{"count":0,"href":"https:\/\/www.europesays.com\/es\/wp-json\/wp\/v2\/posts\/194850\/revisions"}],"wp:featuredmedia":[{"embeddable":true,"href":"https:\/\/www.europesays.com\/es\/wp-json\/wp\/v2\/media\/194851"}],"wp:attachment":[{"href":"https:\/\/www.europesays.com\/es\/wp-json\/wp\/v2\/media?parent=194850"}],"wp:term":[{"taxonomy":"category","embeddable":true,"href":"https:\/\/www.europesays.com\/es\/wp-json\/wp\/v2\/categories?post=194850"},{"taxonomy":"post_tag","embeddable":true,"href":"https:\/\/www.europesays.com\/es\/wp-json\/wp\/v2\/tags?post=194850"}],"curies":[{"name":"wp","href":"https:\/\/api.w.org\/{rel}","templated":true}]}}