{"id":194852,"date":"2025-10-22T23:51:17","date_gmt":"2025-10-22T23:51:17","guid":{"rendered":"https:\/\/www.europesays.com\/es\/194852\/"},"modified":"2025-10-22T23:51:17","modified_gmt":"2025-10-22T23:51:17","slug":"detenido-en-zaragoza-tras-una-persecucion-de-pelicula-con-varios-coches-danados","status":"publish","type":"post","link":"https:\/\/www.europesays.com\/es\/194852\/","title":{"rendered":"Detenido en Zaragoza tras una persecuci\u00f3n de pel\u00edcula con varios coches da\u00f1ados"},"content":{"rendered":"<p>            Detenido en Zaragoza tras una persecuci\u00f3n de pel\u00edcula con varios coches da\u00f1ados                <\/p>\n<p>Detenido en Zaragoza tras una persecuci\u00f3n de pel\u00edcula con varios coches da\u00f1ados<\/p>\n<p class=\"epigraph\">Un amplio despliegue de la Polic\u00eda Nacional y de la Polic\u00eda Local ha interceptado en la avenida de Alcalde Caballero al conductor, que ha llegado a circular por zonas peatonales.<\/p>\n<p class=\"paragraph\">El conductor de una camioneta ha sido detenido a \u00faltima hora de la tarde de este mi\u00e9rcoles en Zaragoza <b>tras protagonizar una espectacular persecuci\u00f3n que ha requerido una actuaci\u00f3n conjunta de la Polic\u00eda Local y de la Polic\u00eda Nacional. <\/b>El intento de fuga ha comenzado en Parque Goya 2 y finalmente el veh\u00edculo ha sido interceptado en la avenida de Alcalde Caballero despu\u00e9s de que incluso haya circulado por zonas peatonales. En principio, no ha habido que lamentar heridos.<\/p>\n<p>            Conforme a los criterios de<br \/>\n            <a class=\"trustproject_img\" id=\"trustproject_img\" href=\"https:\/\/thetrustproject.org\/\" target=\"_blank\" rel=\"nofollow noopener\" aria-label=\"Trust Project\"><img decoding=\"async\" loading=\"lazy\" src=\"https:\/\/www.heraldo.es\/images\/Trust-Logo-Horizontal.svg\" alt=\"Logo Trust Project\" width=\"200\" height=\"34\"\/><\/a><\/p>\n<p>        <a href=\"https:\/\/www.henneo.com\/\" title=\"Grupo Henneo\" class=\"logo\" rel=\"nofollow noopener\" target=\"_blank\"><br \/>\n            <img decoding=\"async\" src=\"https:\/\/www.heraldo.es\/images\/logo_henneo_gris.svg\" alt=\"Logo Henneo\" width=\"559\" height=\"389\" loading=\"lazy\"\/><br \/>\n        <\/a><\/p>\n<p>\u00a9 HERALDO DE ARAGON EDITORA, S.L.U.<br \/>Tel\u00e9fono 976 765 000 \/ &#8211; P\u00ba. Independencia, 29, 50001 Zaragoza &#8211; CIF: B99288763 &#8211; Inscrita en el Registro Mercantil de Zaragoza al Tomo 3796, Libro 0, Folio 177, Secci\u00f3n 8, Hoja Z-50564<br \/>Queda prohibida toda reproducci\u00f3n sin permiso escrito de la empresa a los efectos del art\u00edculo 32.1, p\u00e1rrafo segundo, de la Ley de Propiedad Intelectual<\/p>\n<p>\n                P\u00ba Independencia, 29, 50001 Zaragoza<br \/> Tel\u00e9fono 976 765 000\n            <\/p>\n<p>                    Actualmente tu navegador no permite ejecutar JavaScript. Para poder disfrutar de nuestro contenido es necesario que lo permita.<br \/>\n                                        <img decoding=\"async\" loading=\"lazy\" alt=\"Heraldo logo\" src=\"https:\/\/dkumiip2e9ary.cloudfront.net\/xalok\/heraldo\/especiales\/hola-de-nuevo\/logo-heraldo.svg\" width=\"215\" height=\"43\"\/><\/p>\n","protected":false},"excerpt":{"rendered":"Detenido en Zaragoza tras una persecuci\u00f3n de pel\u00edcula con varios coches da\u00f1ados Detenido en Zaragoza tras una persecuci\u00f3n&hellip;\n","protected":false},"author":2,"featured_media":194853,"comment_status":"","ping_status":"","sticky":false,"template":"","format":"standard","meta":{"footnotes":""},"categories":[5],"tags":[17,18,54131,1558,54132,8838,25,24,13,14,11,19,20,9,10,15,16,23,12,21,22,491],"class_list":{"0":"post-194852","1":"post","2":"type-post","3":"status-publish","4":"format-standard","5":"has-post-thumbnail","7":"category-titulares","8":"tag-breaking-news","9":"tag-breakingnews","10":"tag-camioneta","11":"tag-coches","12":"tag-danar","13":"tag-detenido","14":"tag-es","15":"tag-espana","16":"tag-featured-news","17":"tag-featurednews","18":"tag-headlines","19":"tag-latest-news","20":"tag-latestnews","21":"tag-news","22":"tag-noticias","23":"tag-noticias-destacadas","24":"tag-noticiasdestacadas","25":"tag-spain","26":"tag-titulares","27":"tag-ultimas-noticias","28":"tag-ultimasnoticias","29":"tag-zaragoza"},"share_on_mastodon":{"url":"https:\/\/pubeurope.com\/@es\/115420508182615198","error":""},"_links":{"self":[{"href":"https:\/\/www.europesays.com\/es\/wp-json\/wp\/v2\/posts\/194852","targetHints":{"allow":["GET"]}}],"collection":[{"href":"https:\/\/www.europesays.com\/es\/wp-json\/wp\/v2\/posts"}],"about":[{"href":"https:\/\/www.europesays.com\/es\/wp-json\/wp\/v2\/types\/post"}],"author":[{"embeddable":true,"href":"https:\/\/www.europesays.com\/es\/wp-json\/wp\/v2\/users\/2"}],"replies":[{"embeddable":true,"href":"https:\/\/www.europesays.com\/es\/wp-json\/wp\/v2\/comments?post=194852"}],"version-history":[{"count":0,"href":"https:\/\/www.europesays.com\/es\/wp-json\/wp\/v2\/posts\/194852\/revisions"}],"wp:featuredmedia":[{"embeddable":true,"href":"https:\/\/www.europesays.com\/es\/wp-json\/wp\/v2\/media\/194853"}],"wp:attachment":[{"href":"https:\/\/www.europesays.com\/es\/wp-json\/wp\/v2\/media?parent=194852"}],"wp:term":[{"taxonomy":"category","embeddable":true,"href":"https:\/\/www.europesays.com\/es\/wp-json\/wp\/v2\/categories?post=194852"},{"taxonomy":"post_tag","embeddable":true,"href":"https:\/\/www.europesays.com\/es\/wp-json\/wp\/v2\/tags?post=194852"}],"curies":[{"name":"wp","href":"https:\/\/api.w.org\/{rel}","templated":true}]}}