{"id":194895,"date":"2025-10-23T00:27:28","date_gmt":"2025-10-23T00:27:28","guid":{"rendered":"https:\/\/www.europesays.com\/es\/194895\/"},"modified":"2025-10-23T00:27:28","modified_gmt":"2025-10-23T00:27:28","slug":"pierre-gasly-hablo-sobre-su-relacion-con-franco-colapinto-tras-la-polemica-con-alpine-en-el-gp-de-austin","status":"publish","type":"post","link":"https:\/\/www.europesays.com\/es\/194895\/","title":{"rendered":"Pierre Gasly habl\u00f3 sobre su relaci\u00f3n con Franco Colapinto tras la pol\u00e9mica con Alpine en el GP de Austin"},"content":{"rendered":"\n<p data-start=\"243\" data-end=\"580\">El equipo franc\u00e9s aprovechar\u00e1 la ventaja de ser \u00faltimos en el campeonato actual para disponer de m\u00e1s horas en el t\u00fanel de viento, lo que permitir\u00e1 avanzar en el dise\u00f1o del A526 y adaptarse a las modificaciones que trae el nuevo reglamento: motor Mercedes en reemplazo del Renault, cambios en aerodin\u00e1mica, neum\u00e1ticos m\u00e1s peque\u00f1os y la incorporaci\u00f3n de combustibles sint\u00e9ticos.<\/p>\n<p>  Qu\u00e9 dijo Gasly sobre Colapinto <\/p>\n<p data-start=\"582\" data-end=\"1045\">\u201c<strong>Tenemos una muy buena relaci\u00f3n con Franco<\/strong>. Creo que \u00e9l sabe aprender r\u00e1pido y trabajar bien con el equipo. Creo que ambos queremos un auto r\u00e1pido y estamos tratando de ayudar al equipo tanto como podamos, porque ves en este momento no es muy divertido para nadie. No queremos quedarnos en esa posici\u00f3n, as\u00ed que es importante trabajar bien y creo que estamos empujando al equipo hacia adelante\u201d, se\u00f1al\u00f3 Gasly durante el Gran Premio de Estados Unidos, en Austin.<\/p>\n<p data-start=\"1047\" data-end=\"1614\">Al mismo tiempo, Gasly se mostr\u00f3 optimista respecto al futuro de Alpine y al desarrollo del auto de 2026. \u201cCreo que, muy temprano este a\u00f1o detuvimos el desarrollo de este auto. Todos los chicos trabajaron en el desarrollo del a\u00f1o que viene muy temprano. Sabemos que hay muchos cambios, vamos a ir a Mercedes, nuevas unidades de potencia. Creo que los procesos en la f\u00e1brica han cambiado mucho y tenemos mucha gente inteligente. Realmente, creo que si logramos trabajar todos juntos, habr\u00e1 mucho rendimiento para salir de eso, as\u00ed que tengo mucho optimismo\u201d, agreg\u00f3.<\/p>\n<p data-start=\"1996\" data-end=\"2236\">A pesar del mal momento en la temporada y de la pol\u00e9mica en pista, Gasly y Colapinto mantienen una din\u00e1mica positiva, con la mirada puesta en 2026 para dejar atr\u00e1s los resultados actuales y regresar m\u00e1s competitivos al campeonato mundial.<\/p>\n<p>  Crece la expectativa por la continuidad de Franco Colapinto en Alpine: el detalle oculto que aliment\u00f3 rumores <\/p>\n<p>El piloto argentino<strong> Franco Colapinto<\/strong> participar\u00e1 este jueves de una serie de actividades oficiales con el equipo <strong>Alpine <\/strong>en la previa al <strong>Gran Premio de M\u00e9xico<\/strong>, en momentos en que crece la expectativa por el anuncio de un eventual contrato que lo mantenga en el equipo franc\u00e9s durante la pr\u00f3xima temporada.<\/p>\n<p>El futuro del pilarense en la m\u00e1xima categor\u00eda del automovilismo podr\u00eda definirse antes del Gran Premio de M\u00e9xico, que se correr\u00e1 el pr\u00f3ximo fin de semana, luego de la pol\u00e9mica que se gener\u00f3 en el circuito de <strong>Austin <\/strong>con el sobrepaso de <strong>Colapinto <\/strong>a <strong>Gasly<\/strong>, en contradicci\u00f3n con las \u00f3rdenes del equipo.<\/p>\n<p>Seg\u00fan trascendi\u00f3, el argentino recibir\u00eda un anuncio clave de <strong>Alpine <\/strong>de cara a la temporada <strong>2026<\/strong>, lo que mantiene en vilo a los fan\u00e1ticos nacionales.<\/p>\n<p> El detalle oculto que podr\u00eda anticipar la renovaci\u00f3n de <strong>Colapinto <\/strong>con <strong>Alpine <\/strong>para 2026 <\/p>\n<p>La \u00faltima publicidad de Mercado Libre despert\u00f3 sospechas entre los fan\u00e1ticos. En la imagen, el tiempo mostrado de <strong>Colapinto <\/strong>es de 1:22:10, cifra que podr\u00eda no ser casual: este mi\u00e9rcoles 22\/10, el piloto y la empresa argentina compartir\u00e1n un evento, lo que muchos interpretan como un gui\u00f1o al posible anuncio de su continuidad en Alpine.<\/p>\n<p>Adem\u00e1s, las iniciales de los nombres que aparecen en la gr\u00e1fica (Franco, Iv\u00e1n, Rub\u00e9n, Mat\u00edas y Agust\u00edn) forman la palabra <strong>\u201cFIRMA\u201d<\/strong>, un detalle que aliment\u00f3 a\u00fan m\u00e1s las teor\u00edas de los seguidores en redes sociales.<\/p>\n<p>Mientras tanto, <strong>Colapinto <\/strong>se enfoca en lo deportivo. El argentino buscar\u00e1 reafirmar su buen momento en el <strong>Gran Premio de M\u00e9xico<\/strong>, que se correr\u00e1 el domingo 26 de octubre a las 17:00 (hora argentina) en el Aut\u00f3dromo Hermanos Rodr\u00edguez.<\/p>\n<p>Si logra terminar por delante de <strong>Gasly<\/strong>, el argentino pasar\u00e1 a liderar el head to head interno del equipo y reforzar\u00e1 su candidatura para seguir siendo parte de la m\u00e1xima categor\u00eda del automovilismo mundial.<\/p>\n","protected":false},"excerpt":{"rendered":"El equipo franc\u00e9s aprovechar\u00e1 la ventaja de ser \u00faltimos en el campeonato actual para disponer de m\u00e1s horas&hellip;\n","protected":false},"author":2,"featured_media":194896,"comment_status":"","ping_status":"","sticky":false,"template":"","format":"standard","meta":{"footnotes":""},"categories":[270],"tags":[168,25,24,306,271,272,23,167],"class_list":{"0":"post-194895","1":"post","2":"type-post","3":"status-publish","4":"format-standard","5":"has-post-thumbnail","7":"category-formula-1","8":"tag-deportes","9":"tag-es","10":"tag-espana","11":"tag-f1","12":"tag-formula-1","13":"tag-formula1","14":"tag-spain","15":"tag-sports"},"share_on_mastodon":{"url":"https:\/\/pubeurope.com\/@es\/115420649585958521","error":""},"_links":{"self":[{"href":"https:\/\/www.europesays.com\/es\/wp-json\/wp\/v2\/posts\/194895","targetHints":{"allow":["GET"]}}],"collection":[{"href":"https:\/\/www.europesays.com\/es\/wp-json\/wp\/v2\/posts"}],"about":[{"href":"https:\/\/www.europesays.com\/es\/wp-json\/wp\/v2\/types\/post"}],"author":[{"embeddable":true,"href":"https:\/\/www.europesays.com\/es\/wp-json\/wp\/v2\/users\/2"}],"replies":[{"embeddable":true,"href":"https:\/\/www.europesays.com\/es\/wp-json\/wp\/v2\/comments?post=194895"}],"version-history":[{"count":0,"href":"https:\/\/www.europesays.com\/es\/wp-json\/wp\/v2\/posts\/194895\/revisions"}],"wp:featuredmedia":[{"embeddable":true,"href":"https:\/\/www.europesays.com\/es\/wp-json\/wp\/v2\/media\/194896"}],"wp:attachment":[{"href":"https:\/\/www.europesays.com\/es\/wp-json\/wp\/v2\/media?parent=194895"}],"wp:term":[{"taxonomy":"category","embeddable":true,"href":"https:\/\/www.europesays.com\/es\/wp-json\/wp\/v2\/categories?post=194895"},{"taxonomy":"post_tag","embeddable":true,"href":"https:\/\/www.europesays.com\/es\/wp-json\/wp\/v2\/tags?post=194895"}],"curies":[{"name":"wp","href":"https:\/\/api.w.org\/{rel}","templated":true}]}}