{"id":194905,"date":"2025-10-23T00:32:38","date_gmt":"2025-10-23T00:32:38","guid":{"rendered":"https:\/\/www.europesays.com\/es\/194905\/"},"modified":"2025-10-23T00:32:38","modified_gmt":"2025-10-23T00:32:38","slug":"tablero-antologia-de-sergio-roldan-indaga-sobre-el-viaje-y-el-destino-del-hombre","status":"publish","type":"post","link":"https:\/\/www.europesays.com\/es\/194905\/","title":{"rendered":"\u00abTablero\u00bb, antolog\u00eda de Sergio Rold\u00e1n, indaga sobre el viaje y el destino del hombre"},"content":{"rendered":"<p>Los <a href=\"https:\/\/www.eleconomista.com.mx\/arteseideas\/El-Colegio-Nacional-da-la-bienvenida-a-Cristina-Rivera-Garza-primera-escritora-en-ingresar-20230721-0071.html\" title=\"El Colegio Nacional da la bienvenida a Cristina Rivera Garza, primera escritora en ingresar\" rel=\"nofollow noopener\" target=\"_blank\">cuentos<\/a> y aforismos de Sergio Rold\u00e1n, viajan de Espa\u00f1a a M\u00e9xico en una maleta literaria a la que adem\u00e1s se suman cuentos nacidos de sus experiencias vitales y de una imaginaci\u00f3n desbordada, lo cual ha sucedido luego de su presentaci\u00f3n a inicios de mes en el Palacio de los Serranos de \u00c1vila de su \u00f3pera prima Tablero (Libros para el Infinito, 2025)\u201d.<\/p>\n<p>La obra est\u00e1 construida de acuerdo con las propias palabras de Sergio Rold\u00e1n como \u201ctablas que pueden <b>construir puentes o un barco<\/b> desde el que observar el mar\u201d.<\/p>\n<p>Durante el acto celebrado en el ya citado Palacio de los Serranos, el tambi\u00e9n actor explic\u00f3 que Tablero encarna <b>el arquetipo del espacio donde decidimos<\/b>, donde jugamos, donde se nos presentan los desaf\u00edos de la vida. Es, dijo, \u201cuna forma de nombrar el dise\u00f1o del destino\u201d.<\/p>\n<p>Conocedor de la literatura griega hom\u00e9rica, <b>para Sergio Rold\u00e1n la estructura del libro se inspira en el viaje del h\u00e9roe<\/b>, el conocido modelo narrativo que simboliza la transformaci\u00f3n personal. Sin embargo, el autor subray\u00f3 que el h\u00e9roe \u201cno es un guerrero con capa y espada, sino cualquier persona que emprende un trayecto: del punto A al punto B; o al punto Z y luego al punto A, trazando una odisea propia, llena de puertos y aventuras, como la de Ulises\u201d.<\/p>\n<p>Rold\u00e1n sabe, como en el poema \u00cdtaca de Constantino Cavafis, que todos estamos inmersos en estos viajes \u2014a veces simult\u00e1neos\u2014. Por ello eligi\u00f3 una estructura universal, com\u00fan a toda experiencia humana. \u201cEl h\u00e9roe es aquel que, en su traves\u00eda, sufre o, mejor dicho, gana una transformaci\u00f3n. Y al regresar, comparte ese \u201celixir\u201d arquet\u00edpico: la sabidur\u00eda que surge de la experiencia\u201d, afirm\u00f3.<\/p>\n<p class=\"c-detail__cite\">Sobre el poder de la narrativa, el autor que ahora pasar\u00e1 una temporada en M\u00e9xico, \u201clos cuentos, lejos de ser mentiras, intentan narrar verdades: unas veces disfrazadas de fantas\u00eda y otras con la piel desnuda\u201d.<\/p>\n<p>Y concluy\u00f3: \u201cNo hace falta cruzar mares para ser un h\u00e9roe; hay mares interiores, viajes que suceden desde un mismo lugar f\u00edsico y que, aun as\u00ed, son verdaderas epopeyas\u201d.<\/p>\n<p>El libro cuenta adem\u00e1s con ilustraciones de varios de sus cuentos, realizadas por el pintor Carmelo Sansegundo, padre del autor, cuyas obras dialogan con el universo simb\u00f3lico y emocional de Tablero, aportando una dimensi\u00f3n visual que complementa la palabra escrita.<\/p>\n<p class=\"c-detail__media__subtitle\">Portada.Foto: Especial<\/p>\n<p>El acto en tierras espa\u00f1olas cont\u00f3 con la participaci\u00f3n de Eduardo Garcinu\u00f1o, maestro de literatura en el Instituto Isabel de Castilla, quien record\u00f3 a Rold\u00e1n como alumno y habl\u00f3 de la influencia que tuvo en \u00e9l el poema \u00cdtaca de Constantino Cavafis, entre otros textos que, como Tablero, comparten el viaje como leitmotiv. Garcinu\u00f1o destac\u00f3 la estructura del libro y su coherencia con esa tradici\u00f3n literaria del tr\u00e1nsito y la b\u00fasqueda.<\/p>\n<p>Tambi\u00e9n intervino <b>Julio Collado, coordinador de los talleres literarios del Palacio de los Serranos<\/b>, quien present\u00f3 el evento con cercan\u00eda y maestr\u00eda, definiendo la obra como \u201cuna experiencia que impacta por su belleza y por su reflexi\u00f3n\u201d.<\/p>\n<p>La m\u00fasica en directo, a cargo de Juan Carlos Delgado, acompa\u00f1\u00f3 con sutileza el tono introspectivo de la velada, evocando el esp\u00edritu del viaje que atraviesa las p\u00e1ginas de Tablero. La actriz de doblaje Sara Heras \u2014voz de Campanilla y de Wicked\u2014 puso voz a los personajes de uno de los cuentos del libro, en una lectura compartida con Collado y el propio autor.<\/p>\n<p>El encuentro finaliz\u00f3 con una sesi\u00f3n de firma de ejemplares y con <b>la lectura de un poema dedicado a Ana<\/b>, amiga del autor y destinataria de la dedicatoria del libro.<\/p>\n<p>La prensa local calific\u00f3 el evento como \u201csatisfacci\u00f3n\u201d, destacando la conexi\u00f3n entre autor, p\u00fablico y obra, y la autenticidad con que Rold\u00e1n transmiti\u00f3 su universo literario: un espacio donde <b>la palabra se convierte en mapa, desaf\u00edo y puerto<\/b>.<\/p>\n","protected":false},"excerpt":{"rendered":"Los cuentos y aforismos de Sergio Rold\u00e1n, viajan de Espa\u00f1a a M\u00e9xico en una maleta literaria a la&hellip;\n","protected":false},"author":2,"featured_media":194906,"comment_status":"","ping_status":"","sticky":false,"template":"","format":"standard","meta":{"footnotes":""},"categories":[172],"tags":[224,146,147,25,24,225,23],"class_list":{"0":"post-194905","1":"post","2":"type-post","3":"status-publish","4":"format-standard","5":"has-post-thumbnail","7":"category-libros","8":"tag-books","9":"tag-entertainment","10":"tag-entretenimiento","11":"tag-es","12":"tag-espana","13":"tag-libros","14":"tag-spain"},"share_on_mastodon":{"url":"https:\/\/pubeurope.com\/@es\/115420669588281792","error":""},"_links":{"self":[{"href":"https:\/\/www.europesays.com\/es\/wp-json\/wp\/v2\/posts\/194905","targetHints":{"allow":["GET"]}}],"collection":[{"href":"https:\/\/www.europesays.com\/es\/wp-json\/wp\/v2\/posts"}],"about":[{"href":"https:\/\/www.europesays.com\/es\/wp-json\/wp\/v2\/types\/post"}],"author":[{"embeddable":true,"href":"https:\/\/www.europesays.com\/es\/wp-json\/wp\/v2\/users\/2"}],"replies":[{"embeddable":true,"href":"https:\/\/www.europesays.com\/es\/wp-json\/wp\/v2\/comments?post=194905"}],"version-history":[{"count":0,"href":"https:\/\/www.europesays.com\/es\/wp-json\/wp\/v2\/posts\/194905\/revisions"}],"wp:featuredmedia":[{"embeddable":true,"href":"https:\/\/www.europesays.com\/es\/wp-json\/wp\/v2\/media\/194906"}],"wp:attachment":[{"href":"https:\/\/www.europesays.com\/es\/wp-json\/wp\/v2\/media?parent=194905"}],"wp:term":[{"taxonomy":"category","embeddable":true,"href":"https:\/\/www.europesays.com\/es\/wp-json\/wp\/v2\/categories?post=194905"},{"taxonomy":"post_tag","embeddable":true,"href":"https:\/\/www.europesays.com\/es\/wp-json\/wp\/v2\/tags?post=194905"}],"curies":[{"name":"wp","href":"https:\/\/api.w.org\/{rel}","templated":true}]}}