{"id":194917,"date":"2025-10-23T00:43:04","date_gmt":"2025-10-23T00:43:04","guid":{"rendered":"https:\/\/www.europesays.com\/es\/194917\/"},"modified":"2025-10-23T00:43:04","modified_gmt":"2025-10-23T00:43:04","slug":"meta-planea-eliminar-600-puestos-de-trabajo-en-su-departamento-de-ia-segun-medios-locales","status":"publish","type":"post","link":"https:\/\/www.europesays.com\/es\/194917\/","title":{"rendered":"Meta planea eliminar 600 puestos de trabajo en su departamento de IA, seg\u00fan medios locales"},"content":{"rendered":"<p class=\"article-text\">\n        El gigante estadounidense de las redes sociales Meta -matriz de Facebook, Instagram y WhatsApp- anunci\u00f3 este mi\u00e9rcoles que planea recortar unos 600 empleos en departamentos de inteligencia artificial (AI), seg\u00fan un memorando enviado a empleados que recogen medios locales.\n    <\/p>\n<p class=\"article-text\">\n        Los despidos se producir\u00e1n en los llamados \u201cLaboratorios de Superinteligencia\u201d de Meta, nombre que engloba las iniciativas de IA de la compa\u00f1\u00eda.\n    <\/p>\n<p class=\"article-text\">\n        La divisi\u00f3n cuenta con varios miles de empleados, aunque se desconoce el n\u00famero exacto. Los despidos buscan \u201cmantenerse al d\u00eda con sus competidores\u201d, recoge el portal especializado Axios y el diario The New York Times.\n    <\/p>\n<p class=\"article-text\">\n        Seg\u00fan el peri\u00f3dico, los recortes tienen como objetivo \u201creducir la sobrecarga organizativa resultante de tres a\u00f1os de desarrollo de las iniciativas de IA de Meta con demasiada rapidez\u201d.\n    <\/p>\n<p class=\"article-text\">\n        Mientras, Axios se\u00f1ala que el memorando incide en que con estos recortes \u201cse requerir\u00e1n menos conversaciones para tomar una decisi\u00f3n, y cada persona tendr\u00e1 mayor capacidad de carga y mayor alcance e impacto\u201d.\n    <\/p>\n<p class=\"article-text\">\n        Los recortes se producen en un momento de intensa competencia para Meta, que ha pasado los \u00faltimos tres a\u00f1os lidiando con la r\u00e1pida expansi\u00f3n de la IA. Tras la irrupci\u00f3n de ChatGPT en 2022, OpenAI, Google y Microsoft comenzaron a contratar a un ritmo fren\u00e9tico para desarrollar la pr\u00f3xima generaci\u00f3n de &#8216;chatbots&#8217; y otros productos.\n    <\/p>\n<p class=\"article-text\">\n        Microsoft ha inyectado m\u00e1s de 13.000 millones de d\u00f3lares en OpenAI, mientras que Amazon ha destinado 8.000 millones de d\u00f3lares en la &#8216;startup&#8217; de inteligencia artificial Anthropic.\n    <\/p>\n<p class=\"article-text\">\n        Mark Zuckerberg, fundador y presidente de Meta, cre\u00f3 el primer laboratorio dedicado a inteligencia artificial de la compa\u00f1\u00eda en 2013 (cuando se llamaba Facebook), tras perder la oportunidad frente a Google al intentar adquirir una startup pionera llamada DeepMind. DeepMind es ahora el centro de la IA de Google.\n    <\/p>\n<p class=\"article-text\">\n        En junio de este a\u00f1o, medios especializados se\u00f1alaron que Zuckerberg, estaba creando un nuevo equipo de \u201csuperinteligencia\u201d dedicado a construir la plataforma de IA m\u00e1s avanzada del mundo -un hipot\u00e9tico sistema de IA que supera las capacidades del cerebro humano- en la que est\u00e1 invirtiendo enormes cantidades de dinero.\n    <\/p>\n<p>    <a href=\"https:\/\/www.eldiario.es\/tecnologia\/nadie-duda-hay-burbuja-inteligencia-artificial-pregunta-explotara_1_12650967.html\" data-mrf-recirculation=\"saber-mas-abajo\" data-dl-event=\"saber-mas-abajo\" rel=\"nofollow noopener\" target=\"_blank\"><\/p>\n<p class=\"know-more__title\">Ya casi nadie duda de que hay una burbuja en la inteligencia artificial: la pregunta es cu\u00e1ndo explotar\u00e1\n<\/p>\n<p>            <img decoding=\"async\" class=\"lazy\" loading=\"lazy\" data-src=\"https:\/\/static.eldiario.es\/clip\/97ecae49-dbed-40e4-92f4-f1f8b8472b7e_16-9-aspect-ratio_default_0.jpg\" src=\"data:image\/svg+xml,%3Csvg xmlns=\" http:=\"\" viewbox=\"0 0 880 495\" alt=\"Ya casi nadie duda de que hay una burbuja en la inteligencia artificial: la pregunta es cu\u00e1ndo explotar\u00e1\"\/><\/p>\n<p>                        <\/a><\/p>\n<p class=\"article-text\">\n        Los recortes de hoy no afectan a contrataciones, seg\u00fan The New York Times, como Alexandr Wang, de 28 a\u00f1os, que lleg\u00f3 este a\u00f1o a Meta tras destacar como director ejecutivo de la &#8216;startup&#8217; de inteligencia artificial Scale AI.\n    <\/p>\n","protected":false},"excerpt":{"rendered":"El gigante estadounidense de las redes sociales Meta -matriz de Facebook, Instagram y WhatsApp- anunci\u00f3 este mi\u00e9rcoles que&hellip;\n","protected":false},"author":2,"featured_media":194918,"comment_status":"","ping_status":"","sticky":false,"template":"","format":"standard","meta":{"footnotes":""},"categories":[80],"tags":[38579,82,10615,95,94,3568,25,24,1636,19102,1827,138,21969,6816,23,2752],"class_list":{"0":"post-194917","1":"post","2":"type-post","3":"status-publish","4":"format-standard","5":"has-post-thumbnail","7":"category-economia","8":"tag-38579","9":"tag-business","10":"tag-departamento","11":"tag-economia","12":"tag-economy","13":"tag-eliminar","14":"tag-es","15":"tag-espana","16":"tag-ia","17":"tag-locales","18":"tag-medios","19":"tag-meta","20":"tag-planea","21":"tag-puestos","22":"tag-spain","23":"tag-trabajo"},"share_on_mastodon":{"url":"https:\/\/pubeurope.com\/@es\/115420712475399317","error":""},"_links":{"self":[{"href":"https:\/\/www.europesays.com\/es\/wp-json\/wp\/v2\/posts\/194917","targetHints":{"allow":["GET"]}}],"collection":[{"href":"https:\/\/www.europesays.com\/es\/wp-json\/wp\/v2\/posts"}],"about":[{"href":"https:\/\/www.europesays.com\/es\/wp-json\/wp\/v2\/types\/post"}],"author":[{"embeddable":true,"href":"https:\/\/www.europesays.com\/es\/wp-json\/wp\/v2\/users\/2"}],"replies":[{"embeddable":true,"href":"https:\/\/www.europesays.com\/es\/wp-json\/wp\/v2\/comments?post=194917"}],"version-history":[{"count":0,"href":"https:\/\/www.europesays.com\/es\/wp-json\/wp\/v2\/posts\/194917\/revisions"}],"wp:featuredmedia":[{"embeddable":true,"href":"https:\/\/www.europesays.com\/es\/wp-json\/wp\/v2\/media\/194918"}],"wp:attachment":[{"href":"https:\/\/www.europesays.com\/es\/wp-json\/wp\/v2\/media?parent=194917"}],"wp:term":[{"taxonomy":"category","embeddable":true,"href":"https:\/\/www.europesays.com\/es\/wp-json\/wp\/v2\/categories?post=194917"},{"taxonomy":"post_tag","embeddable":true,"href":"https:\/\/www.europesays.com\/es\/wp-json\/wp\/v2\/tags?post=194917"}],"curies":[{"name":"wp","href":"https:\/\/api.w.org\/{rel}","templated":true}]}}