{"id":194921,"date":"2025-10-23T00:46:46","date_gmt":"2025-10-23T00:46:46","guid":{"rendered":"https:\/\/www.europesays.com\/es\/194921\/"},"modified":"2025-10-23T00:46:46","modified_gmt":"2025-10-23T00:46:46","slug":"incendio-gijon-el-incendio-del-monte-areo-se-reaviva-y-el-olor-a-quemado-se-extiende-por-todo-gijon-por-el-viento","status":"publish","type":"post","link":"https:\/\/www.europesays.com\/es\/194921\/","title":{"rendered":"INCENDIO GIJ\u00d3N | El incendio del Monte Areo se reaviva y el olor a quemado se extiende por todo Gij\u00f3n por el viento"},"content":{"rendered":"<p class=\"ft-text\">Un fuerte olor a quemado se ha extendido esta noche por buena parte de Gij\u00f3n. El origen est\u00e1 en <strong>un incendio en el Monte Areo<\/strong>, en el l\u00edmite del concejo gijon\u00e9s con Carre\u00f1o, en la misma zona donde intervinieron los bomberos hace una semana. En esta ocasi\u00f3n, seg\u00fan las primeras informaciones, <strong>las llamas han afectado a la nave de un taller pr\u00f3ximo y han terminado descontrol\u00e1ndose hasta tal punto de obligar al desalojo preventivo de vecinos<\/strong>. El viento, que est\u00e1 azotando este mi\u00e9rcoles la costa, ha motivado que el olor a quemado se extienda hacia la ciudad y las fuertes rachas dificultan las labores de extinci\u00f3n del foco, aunque la lluvia ha hecho acto de presencia en torno al mediod\u00eda, lo que puede ayudar a los bomberos.<\/p>\n<p class=\"ft-text\">Los bomberos de Gij\u00f3n ya intervinieron en la zona la semana pasada. Se originaron las llamas el d\u00eda 17 y, tras una larga labor, lograron controlarlo. Ahora se ha vuelto a reavivar. <strong>\u00abEs muy grande y avanza muy r\u00e1pido\u00bb<\/strong>, advierten los vecinos de Monteana, barrio pr\u00f3ximo al incendio.<\/p>\n<p class=\"ft-text\">A los bomberos del ayuntamiento gijon\u00e9s se est\u00e1n sumando medios del<strong> Servicio de Emergencias del Principado de Asturias (SEPA)<\/strong>, que ha decidido desplazar al lugar efectivos del parque de La Morgal y un jefe de zona. Aunque <strong>no constan, por ahora, heridos de gravedad<\/strong>, <strong>tan solo un bombero con una lesi\u00f3n leve<\/strong>, la cercan\u00eda de grandes n\u00facleos poblados y de la autopista \u00abY\u00bb hace necesario un despliegue de bomberos que permita controlar cuanto antes la situaci\u00f3n. El viento, con rachas que superan ampliamente en la zona los 50 kil\u00f3metros por hora, hace m\u00e1s complejas las labores de extinci\u00f3n.<\/p>\n<p><img decoding=\"async\" src=\"https:\/\/www.europesays.com\/es\/wp-content\/uploads\/2025\/10\/c1a21356-0ca5-4478-9151-a58d46f49ed6_alta-libre-aspect-ratio_default_0.jpg\" width=\"1200\" height=\"675\" alt=\"La alcaldesa, Carmen Moriy\u00f3n, hablando con personal de los servicios de emergencias.\" class=\"ft-helper-img-rd\" loading=\"lazy\" hasdataaida=\"true\"\/><\/p>\n<p class=\"ft-helper-fontColor-quaternary ft-helper-fontSize-body-S ft-helper-spacer-t-xxs\">La alcaldesa, Carmen Moriy\u00f3n, hablando con personal de los servicios de emergencias.  \/ LNE<\/p>\n<p class=\"ft-text\">Hay camiones de bomberos desplegados desde el poblado de Monteana hasta buena parte de la parroquia de Ser\u00edn. Adem\u00e1s de Polic\u00eda Local y Guardia Civil. Un ir y venir constante de efectivos de emergencia, incluidas ambulancias desplegadas por si hicieran falta sus servicios, aunque por ahora no hay constancia de heridos de consideraci\u00f3n. <strong>Los agentes avisaron de la situaci\u00f3n por la megafon\u00eda del coche a la gente que est\u00e1 en sus casas. <\/strong><\/p>\n<p>Desalojos<\/p>\n<p class=\"ft-text\">A la zona se han desplazado tambi\u00e9n efectivos de la Guardia Civil. Cinco patrullas del Instituto Armado as\u00ed como agentes de la Polic\u00eda Local. Seg\u00fan estas mismas fuentes, las llamas han afectado a <strong>un taller ubicado en las inmediaciones de la cuesta el Visu, en Ser\u00edn<\/strong>, cuyos propietarios se niegan a abandonar la nave pese a que el fuego ya ha llegado a afectar a la edificaci\u00f3n.<\/p>\n<p class=\"ft-text\">Los equipos de emergencias han comenzado a <strong>desalojar vecinos de las zonas rurales pr\u00f3ximas, aproximadamente unos 50<\/strong>. Sobre todo, han evacuado casas de la zona del <strong>cam\u00edn del Melendreru, en la cercana parroquia de San Andr\u00e9s de los Tacones<\/strong>. Adem\u00e1s, el Ayuntamiento ya ha decidido montar un gabinete de crisis en la sede de la antigua jefatura local de la calle San Jos\u00e9, donde se ha instalado el centro de control de la emergencia.<\/p>\n<p class=\"ft-text\">La Polic\u00eda Local pidi\u00f3 calma a los vecinos y <strong>traslad\u00f3 a los vecinos evacuados de sus hogares al polideportivo del colegio de Monteana<\/strong>. Se cerr\u00f3 igualmente la carretera de acceso al Monte Areo. Todo el parque de Bomberos de Gij\u00f3n est\u00e1 actuando en la zona con el apoyo de los efectivos auton\u00f3micos del SEPA. Igualmente, <strong>voluntarios de asociaciones de vecinos se han sumado para echar una mano a las familias evacuadas. <\/strong><\/p>\n<p class=\"ft-text\">El problema no es \u00fanicamente el fuego, sino tambi\u00e9n <strong>el intenso humo que est\u00e1 generando <\/strong>y que, en torno a la media noche, ya ha hecho acto de presencia con fuerza incluso <strong>en el propio poblado de Monteana, donde se encuentran los desalojados.<\/strong> La Polic\u00eda Local est\u00e1 llevando colchones, agua y v\u00edveres al polideportivo, por si fuera necesario que pasen all\u00ed la noche. Tambi\u00e9n se da la posibilidad, en caso de necesidad, de que quien lo solicite sea acogido en el Hotel Bego\u00f1a. Protecci\u00f3n Civil, que forma parte del dispositivo, ha llevado<strong> mascarillas para los vecinos con el fin de facilitar la respiraci\u00f3n pese a la humareda. <\/strong><\/p>\n<p><img decoding=\"async\" src=\"https:\/\/www.europesays.com\/es\/wp-content\/uploads\/2025\/10\/9117237e-defa-4c0d-8e94-9e25e8c5b41f_alta-libre-aspect-ratio_default_0.jpg\" width=\"1200\" height=\"900\" alt=\"Carmen Moriy\u00f3n, alcaldesa de Gij\u00f3n, ha acudido a Monteana para interesarse por el estado de los afectados.\" class=\"ft-helper-img-rd\" loading=\"lazy\" hasdataaida=\"true\"\/><\/p>\n<p class=\"ft-helper-fontColor-quaternary ft-helper-fontSize-body-S ft-helper-spacer-t-xxs\">Carmen Moriy\u00f3n, alcaldesa de Gij\u00f3n, ha acudido a Monteana para interesarse por el estado de los afectados.  \/ LNE<\/p>\n<p>Declaraciones del Ayuntamiento y del Principado<\/p>\n<p class=\"ft-text\">\u00abVista la situaci\u00f3n generada por el incendio que se est\u00e1 desarrollando en el concejo, seguida la recomendaci\u00f3n de los Servicios de Prevenci\u00f3n y Extinci\u00f3n de Incendios y de la Polic\u00eda Local\u00bb, la alcaldesa de Gij\u00f3n, <strong>Carmen Moriy\u00f3n, ha resuelto activar el Plan Municipal de Emergencias del Ayuntamiento en su nivel 2,<\/strong> lo que implica:<\/p>\n<ul class=\"ft-list ft-list--primary\" data-aida-text=\"\">\n<li class=\"ft-list__item\">Proceder a convocar al CECOPAL (centro de control) en el centro de control de la Polic\u00eda Local de Gij\u00f3n.<\/li>\n<li class=\"ft-list__item\">Proceder a movilizar al personal municipal necesario para afrontar la emergencia.<\/li>\n<li class=\"ft-list__item\">Dar cuenta de la activaci\u00f3n del Plan a los servicios municipales que procedan, al Principado de Asturias y publicar su contenido por los medios disponibles.<\/li>\n<\/ul>\n<p class=\"ft-text\">El servicio de emergencias regional tambi\u00e9n ha decidido, por su parte, activar <strong>en situaci\u00f3n 1 su Plan de Protecci\u00f3n Civil de Emergencia por Incendios Forestales del Principado de Asturias (INFOPA). <\/strong>Esto implica que existe r<strong>iesgo leve para bienes de naturaleza no forestal o poblaciones. <\/strong><\/p>\n<p class=\"ft-text\"><strong>Carmen Moriy\u00f3n<\/strong>, alcaldesa de Gij\u00f3n, ha acudido a Monteana para interesarse por el estado de los afectados. Igualmente, en la zona se encuentra <strong>Olmo Ron<\/strong>, director general de Cooperaci\u00f3n Local y Emergencias del Principado.<\/p>\n","protected":false},"excerpt":{"rendered":"Un fuerte olor a quemado se ha extendido esta noche por buena parte de Gij\u00f3n. El origen est\u00e1&hellip;\n","protected":false},"author":2,"featured_media":194922,"comment_status":"","ping_status":"","sticky":false,"template":"","format":"standard","meta":{"footnotes":""},"categories":[8],"tags":[54153,4343,54156,17,18,25,24,13,14,11,48,19,20,12893,9,10,15,16,54155,54154,23,12,21,22,6641],"class_list":{"0":"post-194921","1":"post","2":"type-post","3":"status-publish","4":"format-standard","5":"has-post-thumbnail","7":"category-espana","8":"tag-areo","9":"tag-bomberos","10":"tag-bomberos-de-gijon","11":"tag-breaking-news","12":"tag-breakingnews","13":"tag-es","14":"tag-espana","15":"tag-featured-news","16":"tag-featurednews","17":"tag-headlines","18":"tag-incendio","19":"tag-latest-news","20":"tag-latestnews","21":"tag-monte","22":"tag-news","23":"tag-noticias","24":"tag-noticias-destacadas","25":"tag-noticiasdestacadas","26":"tag-olor","27":"tag-reaviva","28":"tag-spain","29":"tag-titulares","30":"tag-ultimas-noticias","31":"tag-ultimasnoticias","32":"tag-viento"},"share_on_mastodon":{"url":"https:\/\/pubeurope.com\/@es\/115420725751952893","error":""},"_links":{"self":[{"href":"https:\/\/www.europesays.com\/es\/wp-json\/wp\/v2\/posts\/194921","targetHints":{"allow":["GET"]}}],"collection":[{"href":"https:\/\/www.europesays.com\/es\/wp-json\/wp\/v2\/posts"}],"about":[{"href":"https:\/\/www.europesays.com\/es\/wp-json\/wp\/v2\/types\/post"}],"author":[{"embeddable":true,"href":"https:\/\/www.europesays.com\/es\/wp-json\/wp\/v2\/users\/2"}],"replies":[{"embeddable":true,"href":"https:\/\/www.europesays.com\/es\/wp-json\/wp\/v2\/comments?post=194921"}],"version-history":[{"count":0,"href":"https:\/\/www.europesays.com\/es\/wp-json\/wp\/v2\/posts\/194921\/revisions"}],"wp:featuredmedia":[{"embeddable":true,"href":"https:\/\/www.europesays.com\/es\/wp-json\/wp\/v2\/media\/194922"}],"wp:attachment":[{"href":"https:\/\/www.europesays.com\/es\/wp-json\/wp\/v2\/media?parent=194921"}],"wp:term":[{"taxonomy":"category","embeddable":true,"href":"https:\/\/www.europesays.com\/es\/wp-json\/wp\/v2\/categories?post=194921"},{"taxonomy":"post_tag","embeddable":true,"href":"https:\/\/www.europesays.com\/es\/wp-json\/wp\/v2\/tags?post=194921"}],"curies":[{"name":"wp","href":"https:\/\/api.w.org\/{rel}","templated":true}]}}