{"id":194924,"date":"2025-10-23T00:50:29","date_gmt":"2025-10-23T00:50:29","guid":{"rendered":"https:\/\/www.europesays.com\/es\/194924\/"},"modified":"2025-10-23T00:50:29","modified_gmt":"2025-10-23T00:50:29","slug":"anaitasuna-se-va-de-la-copa-con-la-cabeza-bien-alta","status":"publish","type":"post","link":"https:\/\/www.europesays.com\/es\/194924\/","title":{"rendered":"Anaitasuna se va de la Copa con la cabeza bien alta"},"content":{"rendered":"<p>\n        Era la primera vez que jugaba la<strong> Copa de la Reina<\/strong> y no defraud\u00f3. <a href=\"https:\/\/www.noticiasdenavarra.com\/tags\/anaitasuna\/\" title=\"Anaitasuna\" target=\"_blank\" class=\"link copy\" rel=\"nofollow noopener\">Anaitasuna <\/a>perdi\u00f3 este mi\u00e9rcoles, s\u00ed. Qued\u00f3<strong> eliminado a las primeras<\/strong> de cambio del torneo. Pero lo hizo plantando cara a un equipo de la m\u00e1xima categor\u00eda como es el <strong>CICAR Lanzarote Ciudad de Arrecife<\/strong>, manteniendo el pulso durante <strong>45 minutos de partido<\/strong> y con un equipo que tuvo que tirar de juveniles ante las <strong>cinco bajas <\/strong>que presentaba en la primera l\u00ednea. Todas las jugadoras cumplieron y, a pesar de<strong> la derrota (22-26)<\/strong>, se fueron con la cabeza alta y cargadas de una <strong>confianza <\/strong>que esperan trasladar ahora a la Liga.\n<\/p>\n<p class=\"article-body__text \">\n        Las navarras compensaron sus ausencias y la te\u00f3rica superioridad del rival <strong>con ilusi\u00f3n, atrevimiento y descaro<\/strong> sobre la pista. Apostaron por <strong>atacar con siete jugadoras<\/strong>, con el riesgo que ello siempre supone, con tres de ellas actuando desde la zona del pivote. <strong>Atr\u00e1s apretaban en defensa<\/strong>, lo que dificultaba al conjunto canario \u2013al que por momentos parec\u00eda faltarle ambici\u00f3n\u2013 desenvolverse de cara a porter\u00eda.\n<\/p>\n<p><strong>ANAITASUNA  22<\/strong><\/p>\n<p><strong>CICAR LANZAROTE  26<\/strong><\/p>\n<p><strong>Anaitasuna (13+9)<\/strong> Naiara Bozal (portera), Natalia Ortiz (4), Lorea Mari\u00f1elarena (1), Irene Glar\u00eda (1), Mar\u00eda Monllor (3), Daniela Natale (6) y Marta Jaqu\u00e9s \u2013siete inicial\u2013. Andrea Saez (portera), Naia Hualde (portera), Alba Jurado (2), June Aginagalde (1), Uxue Iriarte, Irune Puncel, Ane Garralda, Iraia Pilart (1), Julia Mendinueta (1) y Marta Jaqu\u00e9s (2).<\/p>\n<p><strong>CICAR Lanzarote Ciudad de Arrecife (13+13)<\/strong> Ana Mar\u00edn (portera), Ana Radovic (1), Andrea Boner, Leticia Cobo (3), Gema Trujillo (6), Celia L\u00f3pez (3), y Thais Fermo (5) \u2013siete inicial\u2013. Irene S\u00e1nchez (portera), Roc\u00edo Sthefani, Mornesa Alfredo (3), Carla Rivas (3), Alba Tort (1), Marilia Correia (1) y Ana Mar\u00edn.\u00a0<\/p>\n<p><strong>Marcador cada cinco minutos <\/strong>1-1, 4-4, 5-5, 8-7, 10-10, 13-13 (descanso); 15-13, 17-16, 18-19, 19-21, 19-24 y 22-26 (final).\u00a0<\/p>\n<p><strong>\u00c1rbitros<\/strong> Jorge L\u00f3pez Gonz\u00e1lez y Jos\u00e9 Luis Hern\u00e1ndez Lara (Madrid). Excluyeron por las locales a Daniela Natale, Iraia Pilart y Julia Mendinueta; y por las visitantes a Gema Trujillo.<\/p>\n<p><strong>Pabell\u00f3n <\/strong>Anaitasuna. Unas 200 personas.<\/p>\n<p class=\"article-body__text \">\n        La primera parte, <strong>muy equilibrada<\/strong>, dej\u00f3 clara una cosa: ante los ojos del espectador resultaba complicado saber cu\u00e1l era el equipo de la<strong> Liga Guerreras Iberdrola<\/strong> y cu\u00e1l el de la<strong> Divisi\u00f3n de Honor Oro.<\/strong> Traspasado el primer cuarto de hora, con marcadores muy igualados, Anaitasuna quiso abrir la primera brecha significativa. <strong>Marta Jaqu\u00e9s,<\/strong> tras un robo defensivo, pon\u00eda el 7-6 (m.17). <strong>Naiara Bozal,<\/strong> con sus paradas, se lo pon\u00eda dif\u00edcil a las atacantes canarias, que sufr\u00edan la exclusi\u00f3n de Trujillo. <strong>Alba Jurado<\/strong> lo aprovechar\u00eda para colocar el 8-6 desde los siete metros (m.18), antes de que se produjese<strong> la acci\u00f3n tr\u00e1gica<\/strong> del partido.\u00a0\n<\/p>\n<p class=\"article-photo__footer\">\n            Lanzamiento de Irene Glar\u00eda.            Unai Beroiz        <\/p>\n<p class=\"article-body__text \">\n        En una circulaci\u00f3n de bal\u00f3n, mientras atacaba, la jugadora del CICAR Lanzarote <strong>Keyla Hern\u00e1ndez<\/strong> se iba al suelo y sus gritos dejaban helado a todo el pabell\u00f3n Anaitasuna. Doli\u00e9ndose de su <strong>rodilla derecha<\/strong>, y acompa\u00f1ada por miembros del equipo local, abandonaba la pista entre los aplausos del p\u00fablico. Su rostro y sus gestos <strong>no presagiaban nada bueno<\/strong>.\n<\/p>\n<p class=\"article-body__text \">\n        Tras este golpe an\u00edmico, el partido continu\u00f3. <strong>Roc\u00edo Shefani<\/strong> lograba igualar la contienda aprovechando una inferioridad navarra. La efectividad de <strong>Daniela Natale<\/strong>, tambi\u00e9n desde los siete metros, resultaba clave y el debutante copero se iba al descanso con un <strong>esperanzador empate a 13<\/strong>.\u00a0\n<\/p>\n<p class=\"article-body__text \">\n        <strong>Andrea Saez<\/strong> supli\u00f3 a Naiara Bozal bajo los palos en la segunda mitad. Tambi\u00e9n participar\u00eda en el partido una tercera guardameta,<strong> Naia Hualde<\/strong>. Las de <strong>Mino Borja <\/strong>salieron enchufadas, con sendos goles de <strong>Irene Glar\u00eda y Natalia Ortiz<\/strong> que obligaban a Alfredo Rodr\u00edguez a parar el tiempo (15-13, m.34). A su equipo, colista en la m\u00e1xima categor\u00eda, parec\u00eda faltarle intensidad ante un rival entusiasta.\n<\/p>\n<p class=\"article-body__text \">\n        <strong>Andrea Saez<\/strong> puso el cerrojo y <strong>Mar\u00eda Monllor<\/strong> la directa con sus goles en ataque. El CICAR busc\u00f3 soluciones en su defensa, con <strong>una 5\/1 con Alba Tort en el avanzado<\/strong>, que le permiti\u00f3 igualar el duelo. Mino Borja paraba el tiempo.\n<\/p>\n<p class=\"article-body__text \">\n        Superada la mitad del segundo per\u00edodo, las canarias parecieron despertar. <strong>Anaitasuna iba en serio<\/strong> y la amenaza de quedarse fuera en la primera fase de la Copa de la Reina ante un rival de Oro parec\u00eda real.\n<\/p>\n<p class=\"article-photo__footer\">\n            El t\u00e9cnico, Mino Borja, con las jugadoras al final del partido.            Unai Beroiz        <\/p>\n<p class=\"article-body__text \">\n        Celia L\u00f3pez adelant\u00f3 al CICAR Lanzarote y Alba Tort, tras una recuperaci\u00f3n defensiva, <strong>colocaba el 18-20 (m.45)<\/strong>. Irene S\u00e1nchez, que cogi\u00f3 el testigo de Ana Mar\u00edn bajo los palos, comenz\u00f3 a entonarse y su equipo lo not\u00f3. Daniela Natale logr\u00f3 acortar distancias (19-20), pero a partir entonces<strong> Anaitasuna se desdibuj\u00f3<\/strong>. Empez\u00f3 a estrellarse con la efectividad de su portera y los lanzamientos se iban fuera, mientras que las de Lanzarote no fallaban y comenzaban a ampliar las diferencias, que llegaron a ser de<strong> hasta seis goles.<\/strong>\n<\/p>\n<p class=\"article-body__text \">\n        El conjunto navarro acab\u00f3 por sucumbir ante su rival, no sin antes<strong> haberle plantado la batalla<\/strong>. La primera experiencia copera terminaba ah\u00ed, con el 22-26, pero con la mejor de las sensaciones.\n<\/p>\n<p>  Daniela Natale: \u00abMuy orgullosa\u00bb<\/p>\n<p class=\"article-body__text \">\n        Tras el partido ante el CICAR Lanzarote las jugadoras se fund\u00edan<strong> en abrazos sobre la cancha<\/strong>. Lo hab\u00edan dado todo. Una de ellas<strong> Daniela Natale<\/strong> que, con seis goles, fue la m\u00e1xima anotadora para su equipo. \u201cEstamos s\u00faper contentas y <strong>muy tranquilas<\/strong> tambi\u00e9n\u201d, dec\u00eda de primeras. \u201cMuy orgullosa del equipo y del planteo. <strong>Nos sali\u00f3 bien<\/strong>. Estamos jugando con gente de la base en este momento complicado que tenemos con las lesiones y <strong>las juveniles est\u00e1n aportando un mont\u00f3n\u201d<\/strong>, defend\u00eda.\n<\/p>\n<p class=\"article-body__text \">\n        La lectura positiva para una de las capitanas era la <strong>motivaci\u00f3n de cara a la Liga<\/strong>: \u201cAn\u00edmicamente nos vamos para arriba. El inicio ha sido complicado, ante equipos que van a pelear por el ascenso. Esto nos ayudar\u00e1\u201d.<\/p>\n","protected":false},"excerpt":{"rendered":"Era la primera vez que jugaba la Copa de la Reina y no defraud\u00f3. Anaitasuna perdi\u00f3 este mi\u00e9rcoles,&hellip;\n","protected":false},"author":2,"featured_media":194925,"comment_status":"","ping_status":"","sticky":false,"template":"","format":"standard","meta":{"footnotes":""},"categories":[278],"tags":[5593,2617,376,1067,2493,168,25,24,375,23,167],"class_list":{"0":"post-194924","1":"post","2":"type-post","3":"status-publish","4":"format-standard","5":"has-post-thumbnail","7":"category-balonmano","8":"tag-alta","9":"tag-anaitasuna","10":"tag-balonmano","11":"tag-cabeza","12":"tag-copa","13":"tag-deportes","14":"tag-es","15":"tag-espana","16":"tag-handball","17":"tag-spain","18":"tag-sports"},"share_on_mastodon":{"url":"https:\/\/pubeurope.com\/@es\/115420739849441065","error":""},"_links":{"self":[{"href":"https:\/\/www.europesays.com\/es\/wp-json\/wp\/v2\/posts\/194924","targetHints":{"allow":["GET"]}}],"collection":[{"href":"https:\/\/www.europesays.com\/es\/wp-json\/wp\/v2\/posts"}],"about":[{"href":"https:\/\/www.europesays.com\/es\/wp-json\/wp\/v2\/types\/post"}],"author":[{"embeddable":true,"href":"https:\/\/www.europesays.com\/es\/wp-json\/wp\/v2\/users\/2"}],"replies":[{"embeddable":true,"href":"https:\/\/www.europesays.com\/es\/wp-json\/wp\/v2\/comments?post=194924"}],"version-history":[{"count":0,"href":"https:\/\/www.europesays.com\/es\/wp-json\/wp\/v2\/posts\/194924\/revisions"}],"wp:featuredmedia":[{"embeddable":true,"href":"https:\/\/www.europesays.com\/es\/wp-json\/wp\/v2\/media\/194925"}],"wp:attachment":[{"href":"https:\/\/www.europesays.com\/es\/wp-json\/wp\/v2\/media?parent=194924"}],"wp:term":[{"taxonomy":"category","embeddable":true,"href":"https:\/\/www.europesays.com\/es\/wp-json\/wp\/v2\/categories?post=194924"},{"taxonomy":"post_tag","embeddable":true,"href":"https:\/\/www.europesays.com\/es\/wp-json\/wp\/v2\/tags?post=194924"}],"curies":[{"name":"wp","href":"https:\/\/api.w.org\/{rel}","templated":true}]}}