{"id":194930,"date":"2025-10-23T00:54:24","date_gmt":"2025-10-23T00:54:24","guid":{"rendered":"https:\/\/www.europesays.com\/es\/194930\/"},"modified":"2025-10-23T00:54:24","modified_gmt":"2025-10-23T00:54:24","slug":"pense-me-lo-estoy-perdiendo","status":"publish","type":"post","link":"https:\/\/www.europesays.com\/es\/194930\/","title":{"rendered":"\u201cPens\u00e9, \u2018me lo estoy perdiendo\u201d"},"content":{"rendered":"<p data-mrf-recirculation=\"Links P\u00e1rrafos\" class=\"ue-c-article__paragraph paragraph ue-c-article--first-letter-highlighted\">La <strong>Ryder Cup 2025<\/strong> ser\u00e1 inolvidable por diferentes motivos, pero especialmente porque <a href=\"https:\/\/www.marca.com\/golf\/ryder-cup\/2025\/09\/28\/europa-frena-brutal-carga-estados-unidos-gana-ryder-cup.html\" rel=\"nofollow noopener\" target=\"_blank\">Europa conquist\u00f3 fuera de casa la copa<\/a>, algo que no suced\u00eda desde el \u2018Milagro de Medinah\u2019 en 2012. El conjunto capitaneado por <strong>Keegan Bradley<\/strong> se \u2018estrell\u00f3\u2019 durante las dos primeras jornadas de competici\u00f3n con los europeos, que <strong>el domingo salieron con una ventaja de siete puntos (4.5-11.5).<\/strong><\/p>\n<p data-mrf-recirculation=\"Links P\u00e1rrafos\" class=\"ue-c-article__paragraph paragraph\">El marcador final fue <strong>13-15<\/strong> tras un espectacular final de los americanos, que se quedaron cerca de consumar una gesta hist\u00f3rica. Es cierto que los estadounidenses ganaron Los estadounidenses <strong>ganaron 8.5 puntos de 12 posibles el domingo<\/strong>, lo que dio la sensaci\u00f3n de que todo hubiera estado muy re\u00f1ido, pero <strong>en la modalidad por parejas fueron arrasados<\/strong>.<\/p>\n<p data-mrf-recirculation=\"Links P\u00e1rrafos\" class=\"ue-c-article__paragraph paragraph\">El capit\u00e1n de EEUU ha sido cr\u00edtico consigo mismo y reconoce que no lo est\u00e1 pasando nada bien tras la derrota de Bethpage (Nueva York). <strong>\u00abDesde la Ryder Cup hasta ahora ha sido uno de los momentos m\u00e1s dif\u00edciles de mi vida\u00bb<\/strong>, asegur\u00f3 durante la rueda de prensa correspondiente al Travelers Championship, torneo de esta semana en el PGA Tour.<\/p>\n<p data-mrf-recirculation=\"Links P\u00e1rrafos\" class=\"ue-c-article__paragraph paragraph\">Bradley, de <strong>39 a\u00f1os<\/strong>, reflexion\u00f3: <strong>\u00abMe encantar\u00eda jugar una m\u00e1s. No s\u00e9 si tendr\u00e9 la oportunidad.<\/strong> Este maldito evento ha sido brutal para m\u00ed. No s\u00e9 si quiero jugar\u201d, dijo, y se corrigi\u00f3 de inmediato: \u201cNo, quiero [jugar]\u201d. \u201cEs tan raro amar tanto algo que simplemente no te aporta nada\u201d, a\u00f1adi\u00f3.<\/p>\n<p data-mrf-recirculation=\"Links P\u00e1rrafos\" class=\"ue-c-article__paragraph paragraph\">El capit\u00e1n, tambi\u00e9n coment\u00f3 al respecto: <strong>\u00abSi ganas, es la gloria para toda la vida. Si pierdes, es como si dijera: &#8216;Voy a tener que aguantar esto el resto de mi vida\u201d<\/strong>. En un arrebato de sinceridad, dijo: \u201cNo hay nada de m\u00ed que piense que alguna vez superar\u00e9 esto\u201d. El l\u00edder de EEUU explic\u00f3: \u201cLe dedicaste tanto esfuerzo y toda esa planificaci\u00f3n, y luego los dos primeros d\u00edas fueron tan mal como jam\u00e1s hubi\u00e9ramos imaginado\u201d.<\/p>\n<p data-mrf-recirculation=\"Links P\u00e1rrafos\" class=\"ue-c-article__paragraph paragraph\"><strong>\u00bfSe arrepiente de no haber jugado?<\/strong> \u00abSiempre me lo preguntar\u00e9 y desear\u00e9 haber tenido la oportunidad de jugar all\u00ed. El primer d\u00eda de pr\u00e1ctica, estaba en el tee y ve\u00eda a los chicos caminar juntos por la calle, y pens\u00e9: &#8216;Ojal\u00e1 estuviera jugando. De eso se trata. Me lo estoy perdiendo\u00bb.<\/p>\n","protected":false},"excerpt":{"rendered":"La Ryder Cup 2025 ser\u00e1 inolvidable por diferentes motivos, pero especialmente porque Europa conquist\u00f3 fuera de casa la&hellip;\n","protected":false},"author":2,"featured_media":194931,"comment_status":"","ping_status":"","sticky":false,"template":"","format":"standard","meta":{"footnotes":""},"categories":[275],"tags":[168,25,24,329,23,167],"class_list":{"0":"post-194930","1":"post","2":"type-post","3":"status-publish","4":"format-standard","5":"has-post-thumbnail","7":"category-golf","8":"tag-deportes","9":"tag-es","10":"tag-espana","11":"tag-golf","12":"tag-spain","13":"tag-sports"},"share_on_mastodon":{"url":"https:\/\/pubeurope.com\/@es\/115420755601010638","error":""},"_links":{"self":[{"href":"https:\/\/www.europesays.com\/es\/wp-json\/wp\/v2\/posts\/194930","targetHints":{"allow":["GET"]}}],"collection":[{"href":"https:\/\/www.europesays.com\/es\/wp-json\/wp\/v2\/posts"}],"about":[{"href":"https:\/\/www.europesays.com\/es\/wp-json\/wp\/v2\/types\/post"}],"author":[{"embeddable":true,"href":"https:\/\/www.europesays.com\/es\/wp-json\/wp\/v2\/users\/2"}],"replies":[{"embeddable":true,"href":"https:\/\/www.europesays.com\/es\/wp-json\/wp\/v2\/comments?post=194930"}],"version-history":[{"count":0,"href":"https:\/\/www.europesays.com\/es\/wp-json\/wp\/v2\/posts\/194930\/revisions"}],"wp:featuredmedia":[{"embeddable":true,"href":"https:\/\/www.europesays.com\/es\/wp-json\/wp\/v2\/media\/194931"}],"wp:attachment":[{"href":"https:\/\/www.europesays.com\/es\/wp-json\/wp\/v2\/media?parent=194930"}],"wp:term":[{"taxonomy":"category","embeddable":true,"href":"https:\/\/www.europesays.com\/es\/wp-json\/wp\/v2\/categories?post=194930"},{"taxonomy":"post_tag","embeddable":true,"href":"https:\/\/www.europesays.com\/es\/wp-json\/wp\/v2\/tags?post=194930"}],"curies":[{"name":"wp","href":"https:\/\/api.w.org\/{rel}","templated":true}]}}