{"id":194940,"date":"2025-10-23T01:02:16","date_gmt":"2025-10-23T01:02:16","guid":{"rendered":"https:\/\/www.europesays.com\/es\/194940\/"},"modified":"2025-10-23T01:02:16","modified_gmt":"2025-10-23T01:02:16","slug":"romero-de-torres-cordoba-dedicara-noviembre-a-la-figura-de-romero-de-torres-con-teatro-moda-y-visitas","status":"publish","type":"post","link":"https:\/\/www.europesays.com\/es\/194940\/","title":{"rendered":"ROMERO DE TORRES | C\u00f3rdoba dedicar\u00e1 noviembre a la figura de Romero de Torres con teatro, moda y visitas"},"content":{"rendered":"<p class=\"ft-text\">Noviembre, mes en el que naci\u00f3 el <strong>pintor <\/strong><a class=\"ft-link ft-link--decoration\" href=\"https:\/\/www.diariocordoba.com\/tags\/julio-romero-de-torres\/\" rel=\"nofollow noopener\" target=\"_blank\">Julio Romero de Torres<\/a>, estar\u00e1 lleno de actividades en <a class=\"ft-link ft-link--decoration\" href=\"https:\/\/www.diariocordoba.com\/cordoba\/cordoba\/\" rel=\"nofollow noopener\" target=\"_blank\">C\u00f3rdoba<\/a> organizadas en torno a la figura de este <strong>artista <\/strong>y que van desde teatro, a moda o visitas guiadas a los <strong>museos<\/strong> municipales.<\/p>\n<p class=\"ft-text\">Esta iniciativa, seg\u00fan ha explicado la teniente de alcalde de Cultura del <a class=\"ft-link ft-link--decoration\" href=\"https:\/\/www.diariocordoba.com\/tags\/ayuntamiento-de-cordoba\/\" rel=\"nofollow noopener\" target=\"_blank\">Ayuntamiento de C\u00f3rdoba<\/a>, <a class=\"ft-link ft-link--decoration\" href=\"https:\/\/www.diariocordoba.com\/tags\/isabel-albas\/\" rel=\"nofollow noopener\" target=\"_blank\">Isabel Alb\u00e1s<\/a>, surge como continuaci\u00f3n de la celebraci\u00f3n el pasado a\u00f1o del 150 aniversario del nacimiento del pintor cordob\u00e9s.<\/p>\n<p class=\"ft-text\">Alb\u00e1s ha afirmado que tras esa celebraci\u00f3n, \u00abno pod\u00edamos quedarnos ah\u00ed, hab\u00eda que seguir poniendo el foco en la figura de nuestro <strong>pintor m\u00e1s universal <\/strong>para que forme parte de la vida cultural cotidiana de nuestra ciudad de manera estable\u00bb.<\/p>\n<p class=\"ft-text\">Las actividades que se van a llevar a cabo son, entre otras, un ciclo de cinco <strong>conferencias <\/strong>y tres coloquios que abrir\u00e1 Carmen Castilla que presentar\u00e1 un documental de m\u00e1s de 4 minutos grabado en vida en el estudio del pintor, que fue encontrado en los fondos de una universidad de Estados Unidos, y que se proyectar\u00e1 en el museo durante el mes de noviembre.<\/p>\n<p class=\"ft-text\">Le seguir\u00e1n otras cuatro conferencias sobre la simbolog\u00eda e iconos en el <a class=\"ft-link ft-link--decoration\" href=\"https:\/\/www.diariocordoba.com\/tags\/arte\/\" rel=\"nofollow noopener\" target=\"_blank\">arte<\/a> espa\u00f1ol de finales del siglo XIX y principios del XX; las \u00faltimas investigaciones acerca del sombrero cordob\u00e9s y su papel en la obra de<strong> Julio Romero<\/strong>; el archivo fotogr\u00e1fico de la familia Romero de Torres que se conserva en el Archivo Hist\u00f3rico Provincial, y por \u00faltimo visi\u00f3n de C\u00f3rdoba en los diarios de viajeros rom\u00e1nticos en la \u00e9poca de Julio Romero.<\/p>\n<p>Fundaci\u00f3n Gala<\/p>\n<p class=\"ft-text\">Por otra la<strong> Fundaci\u00f3n Gala <\/strong>acoger\u00e1 el estreno de un espect\u00e1culo \u00fanico Tableaux Vivants, que sigue la l\u00ednea de trabajo de la directora teatral italiana Dora del Maio que recrear\u00e1 en vivo una serie de cuadros de Julio Romero de Torres a trav\u00e9s de seis actores; una uni\u00f3n de escenograf\u00eda, teatro y <a class=\"ft-link ft-link--decoration\" href=\"https:\/\/www.diariocordoba.com\/tags\/musica\/\" rel=\"nofollow noopener\" target=\"_blank\">m\u00fasica<\/a>.<\/p>\n<p class=\"ft-text\">Otra de las actividades tendr\u00e1 lugar en el museo Julio Romero de Torres que acoger\u00e1 un concierto de clausura del guitarrista Javier Riba, que interpretar\u00e1 obras de la \u00e9poca de la vida del pintor, algunas de ellas con su propia guitarra conservada en el museo.<\/p>\n<p class=\"ft-text\">Tambi\u00e9n habr\u00e1 en el <a class=\"ft-link ft-link--decoration\" href=\"https:\/\/www.diariocordoba.com\/tags\/templo-romano\/\" rel=\"nofollow noopener\" target=\"_blank\">Templo romano<\/a> un desfile de moda a cargo de <strong>Mancini Costura<\/strong>, que ha inspirado su \u00faltima colecci\u00f3n en la obra y \u00e9poca del pintor y que la presentar\u00e1 en C\u00f3rdoba.<\/p>\n<p class=\"ft-text\">Ser\u00e1 \u00abuna forma de acercarse a su est\u00e9tica y sus personajes de una forma totalmente diferente, vanguardista y con sello muy cordob\u00e9s\u00bb.<\/p>\n<p class=\"ft-text\">Las visitas guiadas a los museos municipales y el reparto de obsequios recordatorios del pintor son otras de las actividades que incluir\u00e1n tambi\u00e9n un concurso de escaparates en torno a la figura de Romero de Torres, su est\u00e9tica y sus cuadros, durante la primera quincena de noviembre.<\/p>\n","protected":false},"excerpt":{"rendered":"Noviembre, mes en el que naci\u00f3 el pintor Julio Romero de Torres, estar\u00e1 lleno de actividades en C\u00f3rdoba&hellip;\n","protected":false},"author":2,"featured_media":194941,"comment_status":"","ping_status":"","sticky":false,"template":"","format":"standard","meta":{"footnotes":""},"categories":[173],"tags":[229,233,231,230,2760,21503,232,234,146,147,25,24,20670,54163,54164,15355,13603,23],"class_list":{"0":"post-194940","1":"post","2":"type-post","3":"status-publish","4":"format-standard","5":"has-post-thumbnail","7":"category-arte-y-diseno","8":"tag-arte","9":"tag-arte-y-diseno","10":"tag-arts","11":"tag-arts-and-design","12":"tag-cordoba","13":"tag-dedicara","14":"tag-design","15":"tag-diseno","16":"tag-entertainment","17":"tag-entretenimiento","18":"tag-es","19":"tag-espana","20":"tag-figura","21":"tag-julio-romero-de-torres","22":"tag-museo-julio-romero-de-torres","23":"tag-noviembre","24":"tag-romero","25":"tag-spain"},"share_on_mastodon":{"url":"https:\/\/pubeurope.com\/@es\/115420787010856244","error":""},"_links":{"self":[{"href":"https:\/\/www.europesays.com\/es\/wp-json\/wp\/v2\/posts\/194940","targetHints":{"allow":["GET"]}}],"collection":[{"href":"https:\/\/www.europesays.com\/es\/wp-json\/wp\/v2\/posts"}],"about":[{"href":"https:\/\/www.europesays.com\/es\/wp-json\/wp\/v2\/types\/post"}],"author":[{"embeddable":true,"href":"https:\/\/www.europesays.com\/es\/wp-json\/wp\/v2\/users\/2"}],"replies":[{"embeddable":true,"href":"https:\/\/www.europesays.com\/es\/wp-json\/wp\/v2\/comments?post=194940"}],"version-history":[{"count":0,"href":"https:\/\/www.europesays.com\/es\/wp-json\/wp\/v2\/posts\/194940\/revisions"}],"wp:featuredmedia":[{"embeddable":true,"href":"https:\/\/www.europesays.com\/es\/wp-json\/wp\/v2\/media\/194941"}],"wp:attachment":[{"href":"https:\/\/www.europesays.com\/es\/wp-json\/wp\/v2\/media?parent=194940"}],"wp:term":[{"taxonomy":"category","embeddable":true,"href":"https:\/\/www.europesays.com\/es\/wp-json\/wp\/v2\/categories?post=194940"},{"taxonomy":"post_tag","embeddable":true,"href":"https:\/\/www.europesays.com\/es\/wp-json\/wp\/v2\/tags?post=194940"}],"curies":[{"name":"wp","href":"https:\/\/api.w.org\/{rel}","templated":true}]}}