{"id":194942,"date":"2025-10-23T01:04:26","date_gmt":"2025-10-23T01:04:26","guid":{"rendered":"https:\/\/www.europesays.com\/es\/194942\/"},"modified":"2025-10-23T01:04:26","modified_gmt":"2025-10-23T01:04:26","slug":"la-ardilla-que-ensena-a-leer-jugando","status":"publish","type":"post","link":"https:\/\/www.europesays.com\/es\/194942\/","title":{"rendered":"la ardilla que ense\u00f1a a leer jugando"},"content":{"rendered":"<p class=\"paragraph\">El pasado 17 de octubre, el Espacio H de HERALDO se llen\u00f3 de risas, curiosidad y entusiasmo. <b>Ni\u00f1os y familias disfrutaron de \u2018La ardilla poeta y su pandilla secreta\u2019,<\/b> en una sesi\u00f3n de cuentaversos conducida por la propia autora, Pilimar Aguilar. Her\u00f3n, Alicia, Irene, Victoria, Juan, Mart\u00edn y Julia, entre otros, participaron en este encuentro en el que ayudaron y jugaron sin bajar el ritmo.<\/p>\n<p class=\"paragraph\">Pilimar explic\u00f3 la esencia del libro: \u00ab<b>Es para toda la familia<\/b>, para compartir la ilusi\u00f3n del aprendizaje de la lectura por primera vez, para descubrir la alegr\u00eda de tener amigos, de pertenecer a un grupo y de compartir\u00bb.<\/p>\n<p>Sus amigos en una maleta<\/p>\n<p class=\"paragraph\">La protagonista de esta historia viaja con su maleta secreta, llena de peluches que representan distintas emociones: la jirafa peque\u00f1aja, la rata pirata, el le\u00f3n gru\u00f1\u00f3n, la rana en pijama o el oso amoroso. Cada uno de ellos ense\u00f1a a los ni\u00f1os valores como la ternura, la empat\u00eda y la diversidad a trav\u00e9s de la poes\u00eda que, tal y como consider\u00f3, <b>\u00abtransmite el ritmo, la alegr\u00eda y la escucha como pilares fundamentales de la vida\u00bb.<\/b><\/p>\n<p class=\"paragraph\">As\u00ed, entre versos, colores, asombro, mariposas y juegos, los ni\u00f1os se sumergieron en el mundo de esta ardilla, <b>descubriendo emociones con sus familias y aprendiendo a leer con alegr\u00eda.<\/b> La actividad se desarroll\u00f3 en tres partes. Primero, se present\u00f3 este libro y dos anteriores, como \u2018La ardilla poeta y su libro de recetas\u2019 y \u2018La ardilla poeta y el futuro del planeta\u2019.<\/p>\n<p class=\"paragraph\">Tras la lectura y presentaci\u00f3n de los personajes,<b> lleg\u00f3 la m\u00fasica con el rap de las hormigas,<\/b> que los peque\u00f1os siguieron con soltura antes de construir su propia maleta de papel como recuerdo de un divertido encuentro con juegos, lectura y amigos.<\/p>\n<p class=\"paragraph\">En esta tarde de algarab\u00eda, la autora record\u00f3 su etapa de profesora y destac\u00f3 la importancia de compartir estos momentos: \u00ab<b>Leer con un ni\u00f1o es lo m\u00e1s grande que se puede hacer en la vida.<\/b> Es darle lo mejor de ti: curiosidad, ternura y deseo de aprender\u00bb.<\/p>\n<p class=\"paragraph\">Tampoco faltaron en <b>Espacio H los versos, improvisados, las risas atrevidas y los trazos de XCAR Malavida<\/b>. Y es que, durante \u00abesta fiesta de la lectura\u00bb, la creatividad y los valores de amistad y empat\u00eda se dieron la mano para ser transmitidos a todo el p\u00fablico. Como resumi\u00f3 Pilimar, \u00abal final, la meta de todo escritor es leer con ellos, para ellos, junto a ellos, por ellos y desde ellos\u00bb.<\/p>\n<p class=\"paragraph\">As\u00ed, la ardilla poeta y su pandilla secreta lograron <b>que cada ni\u00f1o se sintiera protagonista<\/b> y que la magia de la lectura siguiera viva en cada verso y sonrisa.<\/p>\n","protected":false},"excerpt":{"rendered":"El pasado 17 de octubre, el Espacio H de HERALDO se llen\u00f3 de risas, curiosidad y entusiasmo. Ni\u00f1os&hellip;\n","protected":false},"author":2,"featured_media":194943,"comment_status":"","ping_status":"","sticky":false,"template":"","format":"standard","meta":{"footnotes":""},"categories":[172],"tags":[42340,224,54165,5558,146,147,25,10558,24,25771,225,23],"class_list":{"0":"post-194942","1":"post","2":"type-post","3":"status-publish","4":"format-standard","5":"has-post-thumbnail","7":"category-libros","8":"tag-ardilla","9":"tag-books","10":"tag-cuentaversos","11":"tag-ensena","12":"tag-entertainment","13":"tag-entretenimiento","14":"tag-es","15":"tag-espacio","16":"tag-espana","17":"tag-jugando","18":"tag-libros","19":"tag-spain"},"share_on_mastodon":{"url":"https:\/\/pubeurope.com\/@es\/115420794941543205","error":""},"_links":{"self":[{"href":"https:\/\/www.europesays.com\/es\/wp-json\/wp\/v2\/posts\/194942","targetHints":{"allow":["GET"]}}],"collection":[{"href":"https:\/\/www.europesays.com\/es\/wp-json\/wp\/v2\/posts"}],"about":[{"href":"https:\/\/www.europesays.com\/es\/wp-json\/wp\/v2\/types\/post"}],"author":[{"embeddable":true,"href":"https:\/\/www.europesays.com\/es\/wp-json\/wp\/v2\/users\/2"}],"replies":[{"embeddable":true,"href":"https:\/\/www.europesays.com\/es\/wp-json\/wp\/v2\/comments?post=194942"}],"version-history":[{"count":0,"href":"https:\/\/www.europesays.com\/es\/wp-json\/wp\/v2\/posts\/194942\/revisions"}],"wp:featuredmedia":[{"embeddable":true,"href":"https:\/\/www.europesays.com\/es\/wp-json\/wp\/v2\/media\/194943"}],"wp:attachment":[{"href":"https:\/\/www.europesays.com\/es\/wp-json\/wp\/v2\/media?parent=194942"}],"wp:term":[{"taxonomy":"category","embeddable":true,"href":"https:\/\/www.europesays.com\/es\/wp-json\/wp\/v2\/categories?post=194942"},{"taxonomy":"post_tag","embeddable":true,"href":"https:\/\/www.europesays.com\/es\/wp-json\/wp\/v2\/tags?post=194942"}],"curies":[{"name":"wp","href":"https:\/\/api.w.org\/{rel}","templated":true}]}}