{"id":194962,"date":"2025-10-23T01:23:31","date_gmt":"2025-10-23T01:23:31","guid":{"rendered":"https:\/\/www.europesays.com\/es\/194962\/"},"modified":"2025-10-23T01:23:31","modified_gmt":"2025-10-23T01:23:31","slug":"estrella-de-ufc-nathaniel-wood-culpe-a-mi-oponente-cuando-mi-hija-recien-nacida-estaba-en-cuidados-intensivos","status":"publish","type":"post","link":"https:\/\/www.europesays.com\/es\/194962\/","title":{"rendered":"Estrella de UFC Nathaniel Wood: \u2018Culp\u00e9 a mi oponente cuando mi hija reci\u00e9n nacida estaba en cuidados intensivos\u2019"},"content":{"rendered":"<p> Tu apoyo nos ayuda a contar la historia.<\/p>\n<p class=\"sc-1uza6dc-0 jEZjIj\"> Desde los derechos reproductivos hasta el cambio clim\u00e1tico y las grandes tecnolog\u00edas, The Independent est\u00e1 en el terreno cuando se desarrolla la historia. Ya sea investigando las finanzas del political action committee pro-Trump de Elon Musk o produciendo nuestro \u00faltimo documental, \u2018The A Word\u2019, que arroja luz sobre las mujeres estadounidenses que luchan por los derechos reproductivos, sabemos lo importante que es analizar los hechos a partir de los mensajes.<\/p>\n<p class=\"sc-1uza6dc-0 jEZjIj\"> En un momento tan cr\u00edtico de la historia de Estados Unidos, necesitamos periodistas sobre el terreno. Su donaci\u00f3n nos permite seguir enviando periodistas para hablar de ambos lados de la historia.<\/p>\n<p class=\"sc-1uza6dc-0 jEZjIj\"> Los estadounidenses de todo el espectro pol\u00edtico conf\u00edan en The Independent. Y a diferencia de muchos otros medios de noticias de calidad, optamos por no excluir a los estadounidenses de nuestros informes y an\u00e1lisis con barreras de pago. Creemos que el periodismo de calidad debe estar disponible para todos y ser pagado por quienes puedan permit\u00edrselo.<\/p>\n<p> <strong class=\"sc-1uza6dc-1 gunhQQ\"> Tu apoyo hace toda la diferencia. <\/strong><\/p>\n<p>    Leer m\u00e1s      <\/p>\n<p> \u201cCulpo a este tipo por poner a mi hija en la unidad de cuidados intensivos\u201d. No, no se trata de las divagaciones trastornadas de un hombre desconectado de la realidad. As\u00ed fue como el luchador de UFC Nathaniel Wood se anim\u00f3 a hacer su trabajo cuando su reci\u00e9n nacida, con un agujero en el coraz\u00f3n, luchaba por su vida.<\/p>\n<p> \u201cSoy muy bueno aprovechando mis debilidades para aprovechar mis fortalezas\u201d, dice.  el independiente  reflexionando sobre el cambio que tuvo que hacer para prepararse para una pelea opposite Daniel Pineda en julio del a\u00f1o pasado. \u201cMi hija ten\u00eda apenas un the same level de meses de nacida y estaba en una unidad de cuidados intensivos, ten\u00eda muchas complicaciones de salud. As\u00ed que le di la vuelta y me desquit\u00e9 disadvantage \u00e9l. Me dije a m\u00ed mismo durante todo el campo de lucha que \u00e9l es la raz\u00f3n por la que ella est\u00e1 lidiando disadvantage esto\u201d.<\/p>\n<p> Las implicaciones de tal declaraci\u00f3n no pasaron desapercibidas para Wood, un encantador ni\u00f1o del sur de Londres que naci\u00f3 y se cri\u00f3 en Morden. \u201cSuena un poco dreadful, suena un poco duro, pero voy a usarlo a mi favor. Es mejor que creas que entren\u00e9 como si no hubiera un ma\u00f1ana; imagina entrenar disadvantage esas intenciones\u201d.<\/p>\n<p> Tanto Timber como su primog\u00e9nito, Arla, ganaron sus respectivas batallas en las semanas siguientes.<\/p>\n<p> Ha pasado m\u00e1s de un a\u00f1o desde aquel angustioso episodio. El jugador de 32 a\u00f1os, ahora padre de dos hijos, se encuentra en los preparativos finales de su pr\u00f3xima pelea, que se enfrentar\u00e1 a Jos\u00e9 Delgado en UFC 321 el s\u00e1bado. Pero es la vida fuera de la jaula lo que significa todo para Wood, quien se alegra stake la oportunidad de hablar sobre su joven familia.<\/p>\n<p> \u201cLa familia es buena\u201d, dice. \u201cTengo otra hija en casa, tengo dos menores y dos (a\u00f1os), y ella es genial. Arla tiene un agujero en el coraz\u00f3n, por lo que necesitar\u00e1 una operaci\u00f3n en alg\u00fan momento. Pero en este momento, los m\u00e9dicos han dicho, \u2018mira, vete y deja que crezca lo m\u00e1s que pueda\u2019 ya que cuanto m\u00e1s grande sea, mejor ser\u00e1 la operaci\u00f3n. Pero ella es la ni\u00f1a m\u00e1s feliz que jam\u00e1s hayas conocido. No pensar\u00edas que hay nada malo en ella. Ella es feliz, ella sonr\u00ede, ella simplemente parece el beb\u00e9 m\u00e1s sano del mundo. Estamos todos absolutamente bendecidos\u201d.<\/p>\n<p> Convertirse en padre, entre otras cosas, ha cambiado la perspectiva de Timber sobre c\u00f3mo compite. El londinense ha hablado con franqueza anteriormente sobre su lucha opposite la ansiedad y el TOC, pero la paternidad conlleva un nivel de responsabilidad completamente nuevo.<\/p>\n<p> \u201cNo puedo darme el lujo de morir\u201d, dice Timber. \u201cSol\u00eda andar en motocicleta y no me preocupaba tanto por mi salud. Ahora pienso, hombre, necesito cuidar a esta ni\u00f1a. Quiero verla crecer, ser el mejor padre que pueda ser. Y no quiero que mi peque\u00f1a vea a pap\u00e1 convertirse en un saco de boxeo.<\/p>\n<p> \u201cNo voy a mencionar nombres, pero hay muchos peleadores de UFC, actualmente o que se acaban de retirar, donde la gente dice \u2018ret\u00edrate, \u00bf qu\u00e9 est\u00e1s haciendo?\u2019 Quedando eliminado por izquierda, derecha y centro. No quiero eso. No quiero que el deporte me retire. Quiero retirarme disadvantage mi salud, con mis m\u00e1rmoles intactos y pasar el resto de mi vida viendo crecer a mis hijas\u201d.<\/p>\n<p> El conocimiento de que no es \u201cinvencible\u201d juega en la mente de Timber ahora m\u00e1s que nunca, pero los bloqueos mentales en la lucha no kid nada nuevo para \u00e9l.<\/p>\n<p> \u201cCreo que con el TOC y la ansiedad, definitivamente pienso m\u00e1s oscuro al respecto\u201d, admite Timber. \u201cIncluso en mis \u00faltimas peleas, los pensamientos de lastimarme, por alguna raz\u00f3n mi TOC dec\u00eda \u2018podr\u00edas sufrir una hemorragia cerebral en esta\u2019. No me preguntes por qu\u00e9 me dije eso. Pero ahora, en la semana de la pelea, estoy sentado all\u00ed preocup\u00e1ndome por las hemorragias cerebrales y mi cerebro no deja de obsesionarse disadvantage eso.<\/p>\n<p>   abrir imagen en la galer\u00eda  <\/p>\n<p> Nathaniel Wood ha hablado con franqueza sobre su lucha converse el TOC y la ansiedad.   ( Im\u00e1genes falsas  <\/p>\n<p> \u201cEs muy agotador y es una forma muy oscura de verlo, pero desafortunadamente child las cartas con las que me he topado. Tengo esta enfermedad, si se quiere, y desafortunadamente a veces no puedo sacarme estas cosas de la cabeza. S\u00f3lo tengo que seguir adelante lo mejor que pueda\u201d.<\/p>\n<p> La forma de pensar de Timber resulta \u00fatil de vez en cuando. \u201cSoy muy bueno usando mi oscuro TOC, mi ansiedad y mi dolor para impulsarme a convertirme en el mejor luchador posible\u201d, dice, citando c\u00f3mo la naturaleza obsesiva de su cerebro lo ayud\u00f3 a encontrar una manera de concentrarse en la prueba de Pineda cuando Arla estaba en la UCI.<\/p>\n<p> Pero es su mentalidad en evoluci\u00f3n la que tambi\u00e9n ha cambiado lo que \u00e9l considera el objetivo last en UFC.<\/p>\n<p> Hace dos a\u00f1os, Timber deb\u00eda abandonar su enemistad con su compa\u00f1ero de peso pluma brit\u00e1nico Lerone Murphy, pero una sore cancel\u00f3 la pelea. Murphy ahora mira hacia el ca\u00f1\u00f3n de una oportunidad por el t\u00edtulo en las 145 libras, mientras que Timber, que tiene marca de 5 \u2013 1 desde que ascendi\u00f3 del peso gallo, todav\u00eda busca romper el leading 15<\/p>\n<p> <img data-lazyloaded=\"1\" width=\"1024\" height=\"683\" decoding=\"async\" src=\"https:\/\/www.europesays.com\/es\/wp-content\/uploads\/2025\/10\/GettyImages-2230531441.jpg\"  loading=\"lazy\" alt=\"Wood estaba destinado a luchar contra Lerone Murphy en 2023.\" class=\"sc-1mc30lb-0 ggpMaE inline-gallery-btn\"\/><\/p>\n<p>   abrir imagen en la galer\u00eda  <\/p>\n<p> Timber estaba destinado a luchar opposite Lerone Murphy en 2023   ( Im\u00e1genes falsas  <\/p>\n<p> Timber todav\u00eda quiere convertirse en campe\u00f3n. Todav\u00eda cree que puede vencer a Murphy. Sin embargo, el hombre anteriormente conocido como \u201cThe Prospect\u201d reconoce que ya no lo es. Ahora, con el apodo de \u201cThe Last Kingsman\u201d, un apodo que adopt\u00f3 principalmente porque \u201csonaba genial\u201d, a Wood realmente no le importa si logra el sue\u00f1o que albergaba su yo de 16 a\u00f1os de ganar el oro de UFC. Su prioridad es dejar el deporte con su salud.<\/p>\n<p> \u201cSi me dijeras \u2018 \u00bf puedes pelear por el cintur\u00f3n de UFC ma\u00f1ana?\u2019, dir\u00eda\u2019s \u00ed, vamos, \u00a1 hag\u00e1moslo!\u2019 Pero ya no me preocupa mucho\u201d, confiesa. \u201cLo \u00fanico que me importa boy mis hijas, ganar todo el dinero que pueda en este deporte mientras lo practico, lo que obviamente significar\u00eda (convertirme) en campeona de UFC, pero obviamente eso est\u00e1 a unos pasos de distancia todav\u00eda.<\/p>\n<p> \u201cS\u00f3lo quiero que se sientan orgullosos, hombre. Mis hijas a\u00fan no pueden entender que pap\u00e1 es un luchador, pero quiero que miren hacia atr\u00e1s y digan, \u2018guau, nuestro pap\u00e1 fue uno de los mejores peleadores del planeta\u2019. Si puedo vencer al n\u00famero uno, incre\u00edble. Pero si no, genial, no hay problema\u201d.<\/p>\n<p>  Nathaniel Wood se enfrenta a Jos\u00e9 Delgado en la cartelera de UFC: 321 Aspinall vs Gane en vivo el s\u00e1bado 25 de octubre en el Etihad Field de Abu Dhabi. Para saber m\u00e1s sobre c\u00f3mo ver la pelea en TNT Sports Box Office haga clic en el enlace  <a rel=\"nofollow noopener\" target=\"_blank\" href=\"https:\/\/www.tntsports.co.uk\/boxoffice\/\">  aqu\u00ed  <\/a><\/p>\n","protected":false},"excerpt":{"rendered":"Tu apoyo nos ayuda a contar la historia. Desde los derechos reproductivos hasta el cambio clim\u00e1tico y las&hellip;\n","protected":false},"author":2,"featured_media":194963,"comment_status":"","ping_status":"","sticky":false,"template":"","format":"standard","meta":{"footnotes":""},"categories":[276],"tags":[168,25,24,23,167,343],"class_list":{"0":"post-194962","1":"post","2":"type-post","3":"status-publish","4":"format-standard","5":"has-post-thumbnail","7":"category-ufc","8":"tag-deportes","9":"tag-es","10":"tag-espana","11":"tag-spain","12":"tag-sports","13":"tag-ufc"},"share_on_mastodon":{"url":"https:\/\/pubeurope.com\/@es\/115420869970314469","error":""},"_links":{"self":[{"href":"https:\/\/www.europesays.com\/es\/wp-json\/wp\/v2\/posts\/194962","targetHints":{"allow":["GET"]}}],"collection":[{"href":"https:\/\/www.europesays.com\/es\/wp-json\/wp\/v2\/posts"}],"about":[{"href":"https:\/\/www.europesays.com\/es\/wp-json\/wp\/v2\/types\/post"}],"author":[{"embeddable":true,"href":"https:\/\/www.europesays.com\/es\/wp-json\/wp\/v2\/users\/2"}],"replies":[{"embeddable":true,"href":"https:\/\/www.europesays.com\/es\/wp-json\/wp\/v2\/comments?post=194962"}],"version-history":[{"count":0,"href":"https:\/\/www.europesays.com\/es\/wp-json\/wp\/v2\/posts\/194962\/revisions"}],"wp:featuredmedia":[{"embeddable":true,"href":"https:\/\/www.europesays.com\/es\/wp-json\/wp\/v2\/media\/194963"}],"wp:attachment":[{"href":"https:\/\/www.europesays.com\/es\/wp-json\/wp\/v2\/media?parent=194962"}],"wp:term":[{"taxonomy":"category","embeddable":true,"href":"https:\/\/www.europesays.com\/es\/wp-json\/wp\/v2\/categories?post=194962"},{"taxonomy":"post_tag","embeddable":true,"href":"https:\/\/www.europesays.com\/es\/wp-json\/wp\/v2\/tags?post=194962"}],"curies":[{"name":"wp","href":"https:\/\/api.w.org\/{rel}","templated":true}]}}