{"id":194966,"date":"2025-10-23T01:25:24","date_gmt":"2025-10-23T01:25:24","guid":{"rendered":"https:\/\/www.europesays.com\/es\/194966\/"},"modified":"2025-10-23T01:25:24","modified_gmt":"2025-10-23T01:25:24","slug":"serena-williams-da-su-primer-paseo-por-oviedo","status":"publish","type":"post","link":"https:\/\/www.europesays.com\/es\/194966\/","title":{"rendered":"Serena Williams da su primer paseo por Oviedo"},"content":{"rendered":"<p class=\"v-mdl-ath__p v-mdl-ath__p--6\">\nMi\u00e9rcoles, 22 de octubre 2025, 17:55<\/p>\n<p>| Actualizado 20:58h.<\/p>\n<p class=\"v-p\">Serena Williams, la tenista estadounidense Premio Princesa de Asturias de los Deportes, ya est\u00e1 en Asturias. Lleg\u00f3 este mi\u00e9rcoles al aeropuerto, donde fue recibida por personal de la Fundaci\u00f3n Princesa de Asturias y donde ya se encontr\u00f3 con algunos fans que quisieron hacerse fotos con ella. Vestida con ropa comoda, con una gorra cubriendo su cabeza pero dejando ver una larga melena rubia, se desplaz\u00f3 hasta Oviedo, donde tras alojarse en el Hotel Reconquista, dio un primer paseo por la capital. <\/p>\n<p class=\"v-p\">Ser\u00e1 ma\u00f1ana protagonizar\u00e1 uno los actos m\u00e1s esperados de esta edici\u00f3n de los Premios Princesa, un encuentro con el p\u00fablico en el Palacio de Congresos y Exposiciones de Oviedo a las seis de la tarde que reunir\u00e1 a m\u00e1s de dos mil personas. Estar\u00e1 acompa\u00f1ada en esa cita por otros dos deportistas, Theresa Zabell y Feliciano L\u00f3pez, que guiar\u00e1n la charla por su ampl\u00edsima y exitosa carrera deportiva.<\/p>\n<p class=\"v-p\">Algunos de los afortunados que podr\u00e1n escucharla esta jueves, acceder\u00e1n al Calatrava por invitaci\u00f3n al ser miembros de clubes de tenis de la regi\u00f3n, pero la mayor\u00eda tuvieron que luchar en la web de la Fundaci\u00f3n Princesa de Asturias por hacerse con una de las localidades que se distribuyeron de forma gratuita, que duraron exactamente 14 minutos cuando el domingo se pusieron a disposici\u00f3n del p\u00fablico.<\/p>\n<p><img decoding=\"async\" loading=\"lazy\" src=\"https:\/\/www.europesays.com\/es\/wp-content\/uploads\/2025\/10\/serena2.jpg\" class=\"v-a-img\" width=\"650\" height=\"455\" alt=\"\" data-voc-vtm-id=\"in-text-traffic\"\/><\/p>\n<p><img loading=\"lazy\" decoding=\"async\" src=\"https:\/\/www.europesays.com\/es\/wp-content\/uploads\/2025\/10\/serena2.jpg\" class=\"v-mdl__img-z\" width=\"1920\" height=\"1344\" alt=\"\"\/><\/p>\n<p class=\"v-p\">Tras ese acto en el Calatrava, Serena Williams se unir\u00e1 al resto de los galardonados en la cena que compartir\u00e1n con los Reyes, la Princesa Leonor y la infanta Sof\u00eda junto con los patronos de la Fundaci\u00f3n y que se celebrar\u00e1 al finalizar el Concierto de los Premios en el Auditorio Pr\u00edncipe Felipe de Oviedo.<\/p>\n<p><a href=\"http:\/\/www.elcomercio.es\/premios-princesa\/deportes\/cayeron-lagrimas-salir-serena-williams-puerta-20251022205644-nt.html#vtm_modulosEngag=mod-rel:premios-princesa:noticia:1:cmp:1-not\" class=\"v-a-link\" title=\"\u00abSe me cayeron las l\u00e1grimas cuando vi salir a Serena Williams por la puerta\u00bb\" rel=\"nofollow noopener\" target=\"_blank\"><br \/>\n<img decoding=\"async\" loading=\"lazy\" src=\"https:\/\/www.europesays.com\/es\/wp-content\/uploads\/2025\/10\/foto-llegada-kFgE--1200x840@El Comercio.jpeg\" class=\"v-a-img\" width=\"258\" height=\"180\" alt=\"\u00abSe me cayeron las l\u00e1grimas cuando vi salir a Serena Williams por la puerta\u00bb\"\/><\/p>\n<p><\/a><\/p>\n<p class=\"v-p\">Ha viajado a Asturias acompa\u00f1ada por su familia, pero no est\u00e1 su hermana Venus entre sus acompa\u00f1antes. Ser\u00e1 el viernes cuando Serena reciba la insignia de la Fundaci\u00f3n Princesa de Asturias de manos de la Princesa Leonor en el sal\u00f3n Covadonga del Hotel de la Reconquista a mediod\u00eda y cuando, ya durante la tarde, se suba al escenario del Teatro Campoamor de Oviedo para recoger su Princesa de Asturias de los Deportes.<\/p>\n<p class=\"v-p\">.<\/p>\n<p>Reporta un error<\/p>\n","protected":false},"excerpt":{"rendered":"Mi\u00e9rcoles, 22 de octubre 2025, 17:55 | Actualizado 20:58h. Serena Williams, la tenista estadounidense Premio Princesa de Asturias&hellip;\n","protected":false},"author":2,"featured_media":194967,"comment_status":"","ping_status":"","sticky":false,"template":"","format":"standard","meta":{"footnotes":""},"categories":[274],"tags":[1770,168,25,24,54090,23,167,327,326,308],"class_list":{"0":"post-194966","1":"post","2":"type-post","3":"status-publish","4":"format-standard","5":"has-post-thumbnail","7":"category-tenis","8":"tag-asturias","9":"tag-deportes","10":"tag-es","11":"tag-espana","12":"tag-serena","13":"tag-spain","14":"tag-sports","15":"tag-tenis","16":"tag-tennis","17":"tag-williams"},"share_on_mastodon":{"url":"https:\/\/pubeurope.com\/@es\/115420877556759382","error":""},"_links":{"self":[{"href":"https:\/\/www.europesays.com\/es\/wp-json\/wp\/v2\/posts\/194966","targetHints":{"allow":["GET"]}}],"collection":[{"href":"https:\/\/www.europesays.com\/es\/wp-json\/wp\/v2\/posts"}],"about":[{"href":"https:\/\/www.europesays.com\/es\/wp-json\/wp\/v2\/types\/post"}],"author":[{"embeddable":true,"href":"https:\/\/www.europesays.com\/es\/wp-json\/wp\/v2\/users\/2"}],"replies":[{"embeddable":true,"href":"https:\/\/www.europesays.com\/es\/wp-json\/wp\/v2\/comments?post=194966"}],"version-history":[{"count":0,"href":"https:\/\/www.europesays.com\/es\/wp-json\/wp\/v2\/posts\/194966\/revisions"}],"wp:featuredmedia":[{"embeddable":true,"href":"https:\/\/www.europesays.com\/es\/wp-json\/wp\/v2\/media\/194967"}],"wp:attachment":[{"href":"https:\/\/www.europesays.com\/es\/wp-json\/wp\/v2\/media?parent=194966"}],"wp:term":[{"taxonomy":"category","embeddable":true,"href":"https:\/\/www.europesays.com\/es\/wp-json\/wp\/v2\/categories?post=194966"},{"taxonomy":"post_tag","embeddable":true,"href":"https:\/\/www.europesays.com\/es\/wp-json\/wp\/v2\/tags?post=194966"}],"curies":[{"name":"wp","href":"https:\/\/api.w.org\/{rel}","templated":true}]}}