{"id":194985,"date":"2025-10-23T01:44:26","date_gmt":"2025-10-23T01:44:26","guid":{"rendered":"https:\/\/www.europesays.com\/es\/194985\/"},"modified":"2025-10-23T01:44:26","modified_gmt":"2025-10-23T01:44:26","slug":"como-ver-el-cometa-lemmon-ya-distinguible-a-simple-vista-3","status":"publish","type":"post","link":"https:\/\/www.europesays.com\/es\/194985\/","title":{"rendered":"C\u00f3mo ver el cometa Lemmon, ya distinguible a simple vista"},"content":{"rendered":"<p class=\"paragraph\">En las pr\u00f3ximas semanas podremos disfrutar de la contemplaci\u00f3n \u2013y, a la vez, tomar fotograf\u00edas\u2013 de un brillante cometa <b>visible al anochecer<\/b>. Se trata del cometa C\/2025 A6 Lemmon, descubierto el 3 de enero de 2025 por el astr\u00f3nomo Carson Fuls en el marco del programa de seguimiento de cuerpos menores del Observatorio Mount Lemmon.<\/p>\n<p class=\"paragraph\">Para completar una \u00f3rbita muy exc\u00e9ntrica, en la que puede llegar a distanciarse 36.000 millones de kil\u00f3metros del Sol, este cometa invierte unos 1.350 a\u00f1os. Por eso <b>debemos espabilar e intentar verlo durante el pr\u00f3ximo mes<\/b>, antes de que se vuelva diminuto y se adentre de nuevo en el espacio profundo.<\/p>\n<p>Pistas para encontrar el cometa Lemmon en el firmamento<\/p>\n<p class=\"paragraph\">Si nunca hasta ahora ha contemplado un cometa con sus propios ojos y, pese a no saber mucho de estrellas, desea intentar esa haza\u00f1a, \u00a1no desespere! <b>Es posible verlo<\/b> siguiendo algunas pistas.<\/p>\n<p class=\"paragraph\">La primera recomendaci\u00f3n es <b>buscar un entorno oscuro, alejado de las grandes urbes<\/b>, en el que el cielo sea lo suficientemente oscuro. Elija, a ser posible, una noche despejada con el horizonte oeste libre de obst\u00e1culos, alejado de farolas y luminarias.<\/p>\n<p class=\"paragraph\">Lo ideal es <b>empezar la contemplaci\u00f3n del cielo justo al anochecer.<\/b> Cuando comience a ver las primeras estrellas, localice sobre el horizonte noroeste la silueta de la Osa Mayor. Se trata de una agrupaci\u00f3n de siete estrellas tambi\u00e9n conocidas como El Carro, por su forma. Las dos m\u00e1s brillantes las tendremos m\u00e1s al norte y, trazando una l\u00ednea que las una hacia arriba, nos ayudar\u00e1 a situar ese astro tan famoso conocido como la estrella Polar.<\/p>\n<p>            <img decoding=\"async\" loading=\"lazy\" width=\"990\" height=\"556\" alt=\"Recorrido del cometa Lemmon entre las constelaciones visibles al atardecer entre mediados de octubre y noviembre de 2025. Debe interpolarse la posici\u00f3n del cometa con las marcas para las fechas indicadas. La Imagen adaptada por el autor a partir de una carta realizada con el programa Stellarium.\" src=\"https:\/\/imagenes.heraldo.es\/files\/image_990_556\/uploads\/imagenes\/2025\/10\/20\/recorrido-del-cometa-lemmon.jpeg\" data-full-src=\"https:\/\/www.europesays.com\/es\/wp-content\/uploads\/2025\/10\/recorrido-del-cometa-lemmon.jpeg\"\/><\/p>\n<p>        Recorrido del cometa Lemmon entre las constelaciones visibles al atardecer entre mediados de octubre y noviembre de 2025. Debe interpolarse la posici\u00f3n del cometa con las marcas para las fechas indicadas. La Imagen adaptada por el autor a partir de una carta realizada con el programa Stellarium.Observatorio Astron\u00f3mico Nacional-IGN<\/p>\n<p class=\"paragraph\">Pues bien, una vez ubicada la Osa Mayor en el firmamento, <b>trace una l\u00ednea curva a partir de su cola<\/b> (cuya \u2018\u00faltima estrella\u2019 se denomina Alkaid) hacia la estrella m\u00e1s brillante de esa regi\u00f3n celeste: Arturo. Nos va a resultar muy \u00fatil encontrarla porque el martes 21 de octubre, coincidiendo con su mayor proximidad a la Tierra (101 millones de kil\u00f3metros), el cometa se nos presentar\u00e1 en la constelaci\u00f3n de Boyero, cercano a Arturo.<\/p>\n<p>A simple vista o con prism\u00e1ticos<\/p>\n<p class=\"paragraph\">El cometa Lemmon es perfectamente visible a simple vista en entornos oscuros, sobre todo desde Espa\u00f1a, M\u00e9xico y Centroam\u00e9rica, dado que <b>se desplaza por el hemisferio norte celeste.<\/b> Alcanzar\u00e1 una magnitud estelar entre la m\u00e1s luminosa estrella Alkaid, en la cola de la Osa Mayor, y la m\u00e1s d\u00e9bil estrella Korneforos, en la constelaci\u00f3n de H\u00e9rcules, aunque podr\u00eda ser incluso m\u00e1s brillante.<\/p>\n<p class=\"paragraph\">Si nuestro entorno est\u00e1 contaminado lum\u00ednicamente, <b>podremos ver el cometa empleando unos prism\u00e1ticos astron\u00f3micos, preferentemente de 7 a 12 aumentos. <\/b>Lo ideal es apuntarlos sobre la estrella Arturo y desplazarlos hacia Alkaid hasta encontrar el cometa. Podemos repetir ese recorrido con los prism\u00e1ticos lentamente tantas veces como sea necesario hasta que topemos con una estrella nebulosa dotada de una cola en direcci\u00f3n contraria al Sol.<\/p>\n<p>El cometa y su colorida cola<\/p>\n<p class=\"paragraph\">En las \u00faltimas semanas ha crecido exponencialmente el n\u00famero de <b>im\u00e1genes espectaculares del cometa <\/b>que circulan por las redes. Muchos astrofot\u00f3grafos se apasionan por estos objetos, particularmente cuando son astros tan cambiantes.<\/p>\n<p class=\"paragraph\">En el caso del cometa Lemmon, lo m\u00e1s llamativo es que se acerca al Sol y comienza a sublimar sus hielos conforme se calienta su superficie, por lo que en las fotograf\u00edas vemos que <b>posee una cola azulada llamada i\u00f3nica<\/b>, ondulante y capaz de distorsionarse bajo el influjo del viento solar.<\/p>\n<p class=\"paragraph\">La cola se extiende muchos grados desde la envoltura difusa del cometa, llamada coma. Adem\u00e1s, <b>es de esperar que el cometa Lemmon desarrolle una cola de polvo producida por las part\u00edculas microm\u00e9tricas contenidas en los hielos que se subliman. <\/b>Las diminutas motas de polvo reflejan la luz del Sol por lo que, a mayor n\u00famero de part\u00edculas, m\u00e1s luminosa ser\u00e1 esa otra cola, m\u00e1s amarillenta y difusa, f\u00e1cil de distinguir.<\/p>\n<p class=\"paragraph\"><a href=\"https:\/\/astronomia.ign.es\/\" target=\"_blank\" rel=\"nofollow noopener\">En el mapa celeste del Observatorio Astron\u00f3mico Nacional<\/a> (OAN-IGN) comprobamos que <b>el cometa se va desplazando noche tras noche hacia el oeste. <\/b>A finales de octubre el cometa pasar\u00e1 entre las estrellas Korneforos, segunda estrella m\u00e1s luminosa de la constelaci\u00f3n de H\u00e9rcules, y la estrella Unukalhai, la m\u00e1s destacada de Serpens.<\/p>\n<p class=\"paragraph\"><b>A mediados de noviembre<\/b> el cometa se ir\u00e1 acercando a Antares, la estrella m\u00e1s luminosa del Escorpi\u00f3n (Scorpius).<\/p>\n<p class=\"paragraph\">En un cielo muy iluminado, los cometas pierden contraste. Por eso, estos d\u00edas <b>tenemos la excusa perfecta para alejarnos de las grandes ciudades<\/b> y sumergirnos por unos minutos en la contemplaci\u00f3n del cielo y de un cometa \u00fanico.<\/p>\n<p class=\"paragraph\"><b>Josep M. Trigo Rodr\u00edguez <\/b>Instituto de Ciencias del Espacio (ICE \u2013 CSIC)<\/p>\n<p class=\"paragraph\">Este art\u00edculo ha sido facilitado por <a href=\"https:\/\/theconversation.com\/\" target=\"_blank\" rel=\"nofollow noopener\">The Conversation<\/a><\/p>\n<p><img decoding=\"async\" loading=\"lazy\" src=\"https:\/\/www.europesays.com\/es\/wp-content\/uploads\/2025\/10\/1761183866_167_count.gif\" alt=\"The Conversation\" width=\"1\" height=\"1\" style=\"border: none !important; box-shadow: none !important; margin: 0 !important; max-height: 1px !important; max-width: 1px !important; min-height: 1px !important; min-width: 1px !important; opacity: 0 !important; outline: none !important; padding: 0 !important\" referrerpolicy=\"no-referrer-when-downgrade\"\/><\/p>\n<p class=\"paragraph\">-Ir al suplemento de ciencia <a href=\"https:\/\/www.heraldo.es\/tags\/temas\/tercer_milenio.html\" title=\"Tercer Milenio\" rel=\"nofollow noopener\" target=\"_blank\">Tercer Milenio<\/a><\/p>\n","protected":false},"excerpt":{"rendered":"En las pr\u00f3ximas semanas podremos disfrutar de la contemplaci\u00f3n \u2013y, a la vez, tomar fotograf\u00edas\u2013 de un brillante&hellip;\n","protected":false},"author":2,"featured_media":194986,"comment_status":"","ping_status":"","sticky":false,"template":"","format":"standard","meta":{"footnotes":""},"categories":[81],"tags":[119,123,124,8613,54170,25,24,53476,117,121,122,45329,23,118,120,6989],"class_list":{"0":"post-194985","1":"post","2":"type-post","3":"status-publish","4":"format-standard","5":"has-post-thumbnail","7":"category-ciencia-y-tecnologia","8":"tag-ciencia","9":"tag-ciencia-y-tecnologia","10":"tag-cienciaytecnologia","11":"tag-cometa","12":"tag-distinguible","13":"tag-es","14":"tag-espana","15":"tag-lemmon","16":"tag-science","17":"tag-science-and-technology","18":"tag-scienceandtechnology","19":"tag-simple","20":"tag-spain","21":"tag-technology","22":"tag-tecnologia","23":"tag-vista"},"share_on_mastodon":{"url":"https:\/\/pubeurope.com\/@es\/115420952433479456","error":""},"_links":{"self":[{"href":"https:\/\/www.europesays.com\/es\/wp-json\/wp\/v2\/posts\/194985","targetHints":{"allow":["GET"]}}],"collection":[{"href":"https:\/\/www.europesays.com\/es\/wp-json\/wp\/v2\/posts"}],"about":[{"href":"https:\/\/www.europesays.com\/es\/wp-json\/wp\/v2\/types\/post"}],"author":[{"embeddable":true,"href":"https:\/\/www.europesays.com\/es\/wp-json\/wp\/v2\/users\/2"}],"replies":[{"embeddable":true,"href":"https:\/\/www.europesays.com\/es\/wp-json\/wp\/v2\/comments?post=194985"}],"version-history":[{"count":0,"href":"https:\/\/www.europesays.com\/es\/wp-json\/wp\/v2\/posts\/194985\/revisions"}],"wp:featuredmedia":[{"embeddable":true,"href":"https:\/\/www.europesays.com\/es\/wp-json\/wp\/v2\/media\/194986"}],"wp:attachment":[{"href":"https:\/\/www.europesays.com\/es\/wp-json\/wp\/v2\/media?parent=194985"}],"wp:term":[{"taxonomy":"category","embeddable":true,"href":"https:\/\/www.europesays.com\/es\/wp-json\/wp\/v2\/categories?post=194985"},{"taxonomy":"post_tag","embeddable":true,"href":"https:\/\/www.europesays.com\/es\/wp-json\/wp\/v2\/tags?post=194985"}],"curies":[{"name":"wp","href":"https:\/\/api.w.org\/{rel}","templated":true}]}}