{"id":194989,"date":"2025-10-23T01:46:14","date_gmt":"2025-10-23T01:46:14","guid":{"rendered":"https:\/\/www.europesays.com\/es\/194989\/"},"modified":"2025-10-23T01:46:14","modified_gmt":"2025-10-23T01:46:14","slug":"los-lideres-europeos-debaten-la-factura-de-apoyar-a-zelenski-frente-a-putin-ucrania-va-a-necesitar-hasta-160-000-millones-en-los-proximos-tres-anos-el-mundo","status":"publish","type":"post","link":"https:\/\/www.europesays.com\/es\/194989\/","title":{"rendered":"Los l\u00edderes europeos debaten la factura de apoyar a Zelenski frente a Putin: &quot;Ucrania va a necesitar hasta 160.000 millones en los pr\u00f3ximos tres a\u00f1os&quot; &#8211; El Mundo"},"content":{"rendered":"<ol>\n<li><a href=\"https:\/\/news.google.com\/rss\/articles\/CBMigwFBVV95cUxNajZzcnZ5R1dTdU9TbmpUdmlGUTZhc29qZ1NXeGoyVVU2WHdwbmdVcHNRUjNsa1Z2b3ZLcjQtLXQtY3plSDJVeUhudXVITnVlX1ZfcmJsX041NmQ3TzdjeGYwS1NubzBUN3RNLWRzQTEtRFhlME9uUUdFNFdCT1dJWGZxTdIBgwFBVV95cUxPZlNmcFZWWHJnQkZYbnBPRG5KZmFaYzUzUEpJa3M3R1VjdWRuSFZBY3g4VDVGbVU5dmM4ODRyV24xNjBIVFdUQ3BVSWV0LVhVVFVLMTZ2bEdKSzV0eEVnM0ZydGJzeTVMdF85cmQ5Z3BFYjJBUlBzVkphZHNYMlFIeXlFQQ?oc=5\" target=\"_blank\" rel=\"nofollow noopener\">Los l\u00edderes europeos debaten la factura de apoyar a Zelenski frente a Putin: \u00abUcrania va a necesitar hasta 160.000 millones en los pr\u00f3ximos tres a\u00f1os\u00bb<\/a>&nbsp;&nbsp;El Mundo<\/li>\n<li><a href=\"https:\/\/news.google.com\/rss\/articles\/CBMiwAFBVV95cUxOaE8teVFQWkUxRVk3ZnBVbnRkQTIxaXB5cDZGUjdyOEwtbEpSOEhDX2NWd2FsWGVZa3U0eFRCNWp1TnhnaTN3X3VJT2J0WDVKZUFNa3BqbDIxQWI4clpwUlFrRG5vN2tpT0JQZVk4YThuR0cwSjRVWDZWM3luZlBqRG5QZ2dHYjVhYktyUlp2MjdPc0dfVHBNOC1WQUczZXJiaEVoelptS3dvQUkzellHWVBTTHRmaUpkR25NaERXdzE?oc=5\" target=\"_blank\" rel=\"nofollow noopener\">Pocas opciones de acuerdo sobre Ucrania en una cumbre de la UE que tocar\u00e1 por primera vez la crisis de la vivienda<\/a>&nbsp;&nbsp;elDiario.es<\/li>\n<li><a href=\"https:\/\/news.google.com\/rss\/articles\/CBMikwFBVV95cUxQd3NGTEU2UWZ3bGFYSi1neWxHbDI5bE13N0I5NW1yVDV4MFg4Tk5tSjVER3hzRUF6STFpeFFSN1dFRW5GX1M2VjBUcFdmaUkxNzFoaGxlbm1oNWp2U2RqRlFyM0ZZUDg2MzZWM2JOeTE5UEZoYmxNWEdRa1pJbG5SMEdUc2hSV0VNX1BvUTBLeHpJWGc?oc=5\" target=\"_blank\" rel=\"nofollow noopener\">La UE encara una cumbre clave marcada por Ucrania, China y el clima<\/a>&nbsp;&nbsp;Euronews.com<\/li>\n<li><a href=\"https:\/\/news.google.com\/rss\/articles\/CBMilAFBVV95cUxOSm85cHpyek93emZWdHd4YkRwYlU5R2hvbHFHTWl4SVM1OXdHNmVXWXBuZDZVM3k3OTdZdHJKRG96bk9kN1k2Sm9MOTFwdkFEc1VKNEE2ZXVHUjNaMGVKbFUzUTdVSnM0ZFV4YVFYZWNjYTRmdDVseXU0c1NFTzVCbjVWSnpaeG1TS3dLMkd3QWRfRzVM?oc=5\" target=\"_blank\" rel=\"nofollow noopener\">Los l\u00edderes de la UE abordar\u00e1n c\u00f3mo dar m\u00e1s apoyo a Ucrania a partir de activos rusos inmovilizados<\/a>&nbsp;&nbsp;EFE &#8211; Agencia de noticias<\/li>\n<li><a href=\"https:\/\/news.google.com\/rss\/articles\/CBMi2AFBVV95cUxQSE1oS0tCMHMzSkxtVktNRUE1OFRmVW5DSTg1ZHdsUDlrelNicUNqNXJ1Y3RWdFZFTW9yNmNXejN4bUhBRktEdThIaTFNWUpQWFpxN1NGLVM3cVkzNlppLXQtckNOekVyRllTOEUxbUEySk9XNU1MeFhocXVQSmhmZWRMSUxXRjViNkNBRzQ1Qmt1QjZFUXFOczBHMkhkOHVFam1LSk9aRTZaVm8wZVpvdzBqOFRCOXR5VHlKNTc3WkNHZVE0RU9KSldQUXRYZjJvX0hTeGw4Si0?oc=5\" target=\"_blank\" rel=\"nofollow noopener\">Los eurodiputados, incluidos los eslovacos, hablaron sobre el uso de los activos rusos congelados para Ucrania<\/a>&nbsp;&nbsp;European Newsroom<\/li>\n<\/ol>\n","protected":false},"excerpt":{"rendered":"Los l\u00edderes europeos debaten la factura de apoyar a Zelenski frente a Putin: \u00abUcrania va a necesitar hasta&hellip;\n","protected":false},"author":2,"featured_media":194990,"comment_status":"","ping_status":"","sticky":false,"template":"","format":"standard","meta":{"footnotes":""},"categories":[42],"tags":[17,18,13,14,11,61,62,63,64,19,20,9,10,15,16,12,21,22,1617,1707,65,66,67],"class_list":{"0":"post-194989","1":"post","2":"type-post","3":"status-publish","4":"format-standard","5":"has-post-thumbnail","7":"category-internacional","8":"tag-breaking-news","9":"tag-breakingnews","10":"tag-featured-news","11":"tag-featurednews","12":"tag-headlines","13":"tag-internacional","14":"tag-international","15":"tag-international-news","16":"tag-internationalnews","17":"tag-latest-news","18":"tag-latestnews","19":"tag-news","20":"tag-noticias","21":"tag-noticias-destacadas","22":"tag-noticiasdestacadas","23":"tag-titulares","24":"tag-ultimas-noticias","25":"tag-ultimasnoticias","26":"tag-union-europea","27":"tag-ursula-von-der-leyen","28":"tag-world","29":"tag-world-news","30":"tag-worldnews"},"share_on_mastodon":{"url":"","error":"Validation failed: Text character limit of 500 exceeded"},"_links":{"self":[{"href":"https:\/\/www.europesays.com\/es\/wp-json\/wp\/v2\/posts\/194989","targetHints":{"allow":["GET"]}}],"collection":[{"href":"https:\/\/www.europesays.com\/es\/wp-json\/wp\/v2\/posts"}],"about":[{"href":"https:\/\/www.europesays.com\/es\/wp-json\/wp\/v2\/types\/post"}],"author":[{"embeddable":true,"href":"https:\/\/www.europesays.com\/es\/wp-json\/wp\/v2\/users\/2"}],"replies":[{"embeddable":true,"href":"https:\/\/www.europesays.com\/es\/wp-json\/wp\/v2\/comments?post=194989"}],"version-history":[{"count":0,"href":"https:\/\/www.europesays.com\/es\/wp-json\/wp\/v2\/posts\/194989\/revisions"}],"wp:featuredmedia":[{"embeddable":true,"href":"https:\/\/www.europesays.com\/es\/wp-json\/wp\/v2\/media\/194990"}],"wp:attachment":[{"href":"https:\/\/www.europesays.com\/es\/wp-json\/wp\/v2\/media?parent=194989"}],"wp:term":[{"taxonomy":"category","embeddable":true,"href":"https:\/\/www.europesays.com\/es\/wp-json\/wp\/v2\/categories?post=194989"},{"taxonomy":"post_tag","embeddable":true,"href":"https:\/\/www.europesays.com\/es\/wp-json\/wp\/v2\/tags?post=194989"}],"curies":[{"name":"wp","href":"https:\/\/api.w.org\/{rel}","templated":true}]}}