{"id":195009,"date":"2025-10-23T02:02:18","date_gmt":"2025-10-23T02:02:18","guid":{"rendered":"https:\/\/www.europesays.com\/es\/195009\/"},"modified":"2025-10-23T02:02:18","modified_gmt":"2025-10-23T02:02:18","slug":"tve-cancela-tras-solo-dos-programas-cuanto-cuanto-cuanto-el-concurso-de-eva-soriano-y-anibal-gomez","status":"publish","type":"post","link":"https:\/\/www.europesays.com\/es\/195009\/","title":{"rendered":"TVE cancela tras solo dos programas &#8216;Cu\u00e1nto, cu\u00e1nto, cu\u00e1nto&#8217;, el concurso de Eva Soriano y An\u00edbal G\u00f3mez"},"content":{"rendered":"<p><strong>Radio y Televisi\u00f3n Espa\u00f1ola<\/strong> (RTVE) ha tomado la decisi\u00f3n de eliminar de la parrilla\u00a0<strong>Cu\u00e1nto, cu\u00e1nto, cu\u00e1nto<\/strong>, el concurso que buscaba revitalizar las noches de los s\u00e1bados en <strong>La 1<\/strong>. Este formato, presentado por\u00a0<strong>Eva Soriano<\/strong> y <strong>An\u00edbal G\u00f3mez<\/strong>, ha sido cancelado tras emitir \u00fanicamente dos entregas.<\/p>\n<p>La noticia, confirmada por diversos medios de comunicaci\u00f3n, evidencia la preocupaci\u00f3n por los <strong>bajos \u00edndices de audiencia<\/strong> registrados en sus primeras semanas de emisi\u00f3n.<\/p>\n<p>El programa, una coproducci\u00f3n entre la propia organizaci\u00f3n p\u00fablica, <strong>Encofrados Encofrasa<\/strong> y <strong>El Terrat<\/strong> (The Mediapro Studio), tuvo su debut el 11 de octubre. Aquella primera emisi\u00f3n logr\u00f3 un <strong>10,6% de cuota de pantalla<\/strong> y congreg\u00f3 a 881.000 espectadores. Se pudo haber beneficiado entonces por el hecho de que antes se emiti\u00f3 en la misma cadena\u00a0el partido de f\u00fatbol entre Espa\u00f1a y Georgia, que alcanz\u00f3 un 32,7% de share.<\/p>\n<p>La prueba de fuego lleg\u00f3 en su segunda semana, el 18 de octubre, cuando los datos se desplomaron a la mitad, con un <strong>5,1%<\/strong> de share y 492.000 espectadores.<\/p>\n<p>Ante esta notable ca\u00edda en la acogida del p\u00fablico, la direcci\u00f3n de TVE ha optado por prescindir de la emisi\u00f3n del concurso de manera definitiva. La cancelaci\u00f3n no solo implica la retirada inmediata del programa, sino tambi\u00e9n la <strong>anulaci\u00f3n de futuras grabaciones<\/strong>.<\/p>\n<p>La nueva apuesta de La 1 para los s\u00e1bados: el cine<\/p>\n<p>Tras la fulminante cancelaci\u00f3n de Cu\u00e1nto, cu\u00e1nto, cu\u00e1nto, La 1 ha decidido apostar por una f\u00f3rmula m\u00e1s segura y tradicional para las noches de los s\u00e1bados: el <strong>cine<\/strong>.<\/p>\n<p>Esta estrategia busca ofrecer un contenido que, hist\u00f3ricamente, ha demostrado ser un <strong>valor refugio<\/strong> en la programaci\u00f3n televisiva, capaz de atraer a un p\u00fablico diverso sin las exigencias de un formato de entretenimiento novedoso.<\/p>\n","protected":false},"excerpt":{"rendered":"Radio y Televisi\u00f3n Espa\u00f1ola (RTVE) ha tomado la decisi\u00f3n de eliminar de la parrilla\u00a0Cu\u00e1nto, cu\u00e1nto, cu\u00e1nto, el concurso&hellip;\n","protected":false},"author":2,"featured_media":195010,"comment_status":"","ping_status":"","sticky":false,"template":"","format":"standard","meta":{"footnotes":""},"categories":[171],"tags":[146,147,25,24,1534,260,23,807,214,3156],"class_list":{"0":"post-195009","1":"post","2":"type-post","3":"status-publish","4":"format-standard","5":"has-post-thumbnail","7":"category-tv","8":"tag-entertainment","9":"tag-entretenimiento","10":"tag-es","11":"tag-espana","12":"tag-eva-soriano","13":"tag-gente","14":"tag-spain","15":"tag-television","16":"tag-tv","17":"tag-tve"},"share_on_mastodon":{"url":"https:\/\/pubeurope.com\/@es\/115421022963429314","error":""},"_links":{"self":[{"href":"https:\/\/www.europesays.com\/es\/wp-json\/wp\/v2\/posts\/195009","targetHints":{"allow":["GET"]}}],"collection":[{"href":"https:\/\/www.europesays.com\/es\/wp-json\/wp\/v2\/posts"}],"about":[{"href":"https:\/\/www.europesays.com\/es\/wp-json\/wp\/v2\/types\/post"}],"author":[{"embeddable":true,"href":"https:\/\/www.europesays.com\/es\/wp-json\/wp\/v2\/users\/2"}],"replies":[{"embeddable":true,"href":"https:\/\/www.europesays.com\/es\/wp-json\/wp\/v2\/comments?post=195009"}],"version-history":[{"count":0,"href":"https:\/\/www.europesays.com\/es\/wp-json\/wp\/v2\/posts\/195009\/revisions"}],"wp:featuredmedia":[{"embeddable":true,"href":"https:\/\/www.europesays.com\/es\/wp-json\/wp\/v2\/media\/195010"}],"wp:attachment":[{"href":"https:\/\/www.europesays.com\/es\/wp-json\/wp\/v2\/media?parent=195009"}],"wp:term":[{"taxonomy":"category","embeddable":true,"href":"https:\/\/www.europesays.com\/es\/wp-json\/wp\/v2\/categories?post=195009"},{"taxonomy":"post_tag","embeddable":true,"href":"https:\/\/www.europesays.com\/es\/wp-json\/wp\/v2\/tags?post=195009"}],"curies":[{"name":"wp","href":"https:\/\/api.w.org\/{rel}","templated":true}]}}