{"id":195020,"date":"2025-10-23T02:10:16","date_gmt":"2025-10-23T02:10:16","guid":{"rendered":"https:\/\/www.europesays.com\/es\/195020\/"},"modified":"2025-10-23T02:10:16","modified_gmt":"2025-10-23T02:10:16","slug":"la-ue-estrecha-lazos-con-egipto-para-que-colabore-en-la-estabilizacion-del-mediterraneo-internacional","status":"publish","type":"post","link":"https:\/\/www.europesays.com\/es\/195020\/","title":{"rendered":"La UE estrecha lazos con Egipto para que colabore en la estabilizaci\u00f3n del Mediterr\u00e1neo | Internacional"},"content":{"rendered":"<p class=\"\">La Uni\u00f3n Europea necesita ayuda para estabilizar el sur del <a href=\"https:\/\/elpais.com\/internacional\/elecciones-europeas\/2024-07-22\/bruselas-refuerza-el-modelo-de-pactos-migratorios-con-un-nuevo-comisario-para-el-mediterraneo.html\" target=\"_self\" rel=\"nofollow noopener\" title=\"https:\/\/elpais.com\/internacional\/elecciones-europeas\/2024-07-22\/bruselas-refuerza-el-modelo-de-pactos-migratorios-con-un-nuevo-comisario-para-el-mediterraneo.html\">Mediterr\u00e1neo<\/a>. Egipto es un actor clave para lograrlo y con ese prop\u00f3sito lleva tiempo estrechando la relaci\u00f3n con el r\u00e9gimen de <a href=\"https:\/\/elpais.com\/internacional\/2025-10-13\/trump-y-al-sisi-presiden-una-cumbre-en-egipto-para-apuntalar-el-plan-de-paz-en-gaza.html\" target=\"_self\" rel=\"nofollow noopener\" title=\"https:\/\/elpais.com\/internacional\/2025-10-13\/trump-y-al-sisi-presiden-una-cumbre-en-egipto-para-apuntalar-el-plan-de-paz-en-gaza.html\">Abdelfat\u00e1 al Sisi<\/a>. Ese acercamiento se ha escenificado sin tapujos este mi\u00e9rcoles en Bruselas, donde la UE ha celebrado con Egipto su primera cumbre bilateral con un pa\u00eds del norte de \u00c1frica y ha suscrito cuatro nuevos acuerdos, entre ellos uno que eleva asistencia macrofinanciera europea a la naci\u00f3n \u00e1rabe hasta los 5.000 millones de euros, seg\u00fan <a href=\"https:\/\/ec.europa.eu\/commission\/presscorner\/detail\/en\/SPEECH_25_2485\" target=\"_self\" rel=\"nofollow noopener\" title=\"https:\/\/ec.europa.eu\/commission\/presscorner\/detail\/en\/SPEECH_25_2485\">ha anunciado la propia presidenta de la Comisi\u00f3n Europea, Ursula von der Leyen<\/a>. <\/p>\n<p class=\"\">Egipto, apuntan fuentes de las instituciones europeas, \u201cjuega un papel clave en la estabilizaci\u00f3n del conflicto en Oriente Pr\u00f3ximo\u201d, es decir, <a href=\"https:\/\/elpais.com\/internacional\/2025-10-22\/ultima-hora-del-conflicto-en-oriente-proximo-en-directo.html\" target=\"_self\" rel=\"nofollow noopener\" title=\"https:\/\/elpais.com\/internacional\/2025-10-22\/ultima-hora-del-conflicto-en-oriente-proximo-en-directo.html\">Gaza<\/a>. Pero no es el \u00fanico elemento sobre el que El Cairo gravita con fuerza en la geopol\u00edtica regional. Egipto tambi\u00e9n tiene mucho que decir sobre lo que sucede en sus pa\u00edses vecinos: Libia, Sud\u00e1n o el mar Rojo. Y esto es capital para atenuar la presi\u00f3n migratoria procedente de esas zonas lim\u00edtrofes del pa\u00eds africano en las que ha crecido <a href=\"https:\/\/elpais.com\/internacional\/2024-01-22\/rusia-agranda-su-presencia-en-el-sahel.html\" target=\"_self\" rel=\"nofollow noopener\" title=\"https:\/\/elpais.com\/internacional\/2024-01-22\/rusia-agranda-su-presencia-en-el-sahel.html\">la influencia rusa<\/a> y se emplea por Mosc\u00fa en las diferentes vertientes que despliega en su guerra h\u00edbrida. <\/p>\n<p class=\"\">Con este marco, la cumbre con Al Sisi, previa al Consejo Europeo de este jueves, supone una puesta de largo en una relaci\u00f3n que lleva meses estrech\u00e1ndose. El acuerdo de cooperaci\u00f3n entre la UE y Egipto es viejo, se firm\u00f3 en 2000, cuando todav\u00eda gobernaba el pa\u00eds \u00e1rabe el difunto Hosni Mubarak. <\/p>\n<p class=\"\">En junio del a\u00f1o pasado, sin embargo, se dio un paso m\u00e1s, como ha se\u00f1alado la comisaria europea para el Mediterr\u00e1neo, Dubravka Suica, en un encuentro de alto nivel con empresarios y representantes de agencias de desarrollo, organismos internacionales y de 15 Estados miembros. \u201cHemos mejorado nuestra relaci\u00f3n hasta convertirla en una Asociaci\u00f3n Estrat\u00e9gica y Global. Esta asociaci\u00f3n ha dado lugar a reformas e inversiones\u201d, ha se\u00f1alado la croata. <\/p>\n<p class=\"\">Sobre este aspecto, se ha firmado el acuerdo que eleva hasta los 5.000 millones la asistencia macrofinanciera que la UE presta a Egipto. En diciembre pasado la UE ya desembols\u00f3 1.000 millones en cr\u00e9ditos de un total de 4.000 millones previstos en un inicio. El pacto suscrito este mi\u00e9rcoles lo eleva en otros 1.000 millones. <a href=\"https:\/\/south.euneighbours.eu\/wp-content\/uploads\/2024\/03\/STR_EU-EG_partnership.pdf.pdf\" target=\"_self\" rel=\"nofollow noopener\" title=\"https:\/\/south.euneighbours.eu\/wp-content\/uploads\/2024\/03\/STR_EU-EG_partnership.pdf.pdf\">Este programa es la parte m\u00e1s sustancial del paquete total de ayuda al pa\u00eds africano, que asciende a 7.400 millones<\/a>. <\/p>\n<p class=\"\">Junto a estos pr\u00e9stamos, la UE tambi\u00e9n se ha comprometido a donar 75 millones, para apoyar \u201ciniciativas clave en Egipto destinadas a abordar los retos socioecon\u00f3micos y promover el crecimiento inclusivo a nivel local\u201d. \u201cEl programa mejorar\u00e1 el acceso a servicios b\u00e1sicos de calidad (salud, educaci\u00f3n, agua, saneamiento) y complementar\u00e1 las redes de seguridad social, en particular para las mujeres y los j\u00f3venes\u201d, se a\u00f1ade en un comunicado emitido por la Comisi\u00f3n Europea. <\/p>\n<p>Socio estrat\u00e9gico<\/p>\n<p class=\"\">\u201cEuropa ha sido el principal socio comercial de Egipto. Egipto exporta a Europa casi tres veces m\u00e1s mercanc\u00edas que a Estados Unidos, China, Rusia, Brasil e India juntos. Pero el a\u00f1o pasado decidimos llevar nuestra asociaci\u00f3n al siguiente nivel y firmamos una nueva Asociaci\u00f3n Estrat\u00e9gica y Global. Se trata de algo m\u00e1s que un acuerdo pol\u00edtico, ya que ha comenzado a dar resultados econ\u00f3micos reales\u201d, ha se\u00f1alado la presidenta de la Comisi\u00f3n, Ursula von der Leyen. \u201cNuestra visi\u00f3n compartida de cooperaci\u00f3n y verdadera asociaci\u00f3n entre Egipto, Europa y el conjunto del Mediterr\u00e1neo se est\u00e1 haciendo realidad. Este es el resultado directo de la ambiciosa Asociaci\u00f3n Estrat\u00e9gica y Global que firmamos el a\u00f1o pasado, que ofrece nuevas inversiones y oportunidades concretas para las personas y las empresas de Egipto y Europa\u201d, ha a\u00f1adido. <\/p>\n<p class=\"\">\u201cSabemos lo mucho que Europa representa para la balanza comercial de Egipto, y sabemos que la inversi\u00f3n representa una enorme inversi\u00f3n\u201d, ha reconocido Al Sisi. \u201cEste acontecimiento econ\u00f3mico no es algo que haya surgido hoy [por este mi\u00e9rcoles]. Se trata de un proceso que comenz\u00f3 en marzo de 2024, cuando se tom\u00f3 la decisi\u00f3n conjunta de elevar las relaciones entre Egipto y la UE para crear una asociaci\u00f3n estrat\u00e9gica global\u201d, ha agregado. <\/p>\n","protected":false},"excerpt":{"rendered":"La Uni\u00f3n Europea necesita ayuda para estabilizar el sur del Mediterr\u00e1neo. Egipto es un actor clave para lograrlo&hellip;\n","protected":false},"author":2,"featured_media":195021,"comment_status":"","ping_status":"","sticky":false,"template":"","format":"standard","meta":{"footnotes":""},"categories":[42],"tags":[5404,54171,17,18,1708,26254,5284,700,13,14,11,61,62,63,64,19,20,8987,9,10,15,16,12,21,22,1617,1707,65,66,67],"class_list":{"0":"post-195020","1":"post","2":"type-post","3":"status-publish","4":"format-standard","5":"has-post-thumbnail","7":"category-internacional","8":"tag-africa","9":"tag-antonio-costa","10":"tag-breaking-news","11":"tag-breakingnews","12":"tag-comision-europea","13":"tag-consejo-europeo","14":"tag-egipto","15":"tag-europa","16":"tag-featured-news","17":"tag-featurednews","18":"tag-headlines","19":"tag-internacional","20":"tag-international","21":"tag-international-news","22":"tag-internationalnews","23":"tag-latest-news","24":"tag-latestnews","25":"tag-mar-mediterraneo","26":"tag-news","27":"tag-noticias","28":"tag-noticias-destacadas","29":"tag-noticiasdestacadas","30":"tag-titulares","31":"tag-ultimas-noticias","32":"tag-ultimasnoticias","33":"tag-union-europea","34":"tag-ursula-von-der-leyen","35":"tag-world","36":"tag-world-news","37":"tag-worldnews"},"share_on_mastodon":{"url":"","error":"Validation failed: Text character limit of 500 exceeded"},"_links":{"self":[{"href":"https:\/\/www.europesays.com\/es\/wp-json\/wp\/v2\/posts\/195020","targetHints":{"allow":["GET"]}}],"collection":[{"href":"https:\/\/www.europesays.com\/es\/wp-json\/wp\/v2\/posts"}],"about":[{"href":"https:\/\/www.europesays.com\/es\/wp-json\/wp\/v2\/types\/post"}],"author":[{"embeddable":true,"href":"https:\/\/www.europesays.com\/es\/wp-json\/wp\/v2\/users\/2"}],"replies":[{"embeddable":true,"href":"https:\/\/www.europesays.com\/es\/wp-json\/wp\/v2\/comments?post=195020"}],"version-history":[{"count":0,"href":"https:\/\/www.europesays.com\/es\/wp-json\/wp\/v2\/posts\/195020\/revisions"}],"wp:featuredmedia":[{"embeddable":true,"href":"https:\/\/www.europesays.com\/es\/wp-json\/wp\/v2\/media\/195021"}],"wp:attachment":[{"href":"https:\/\/www.europesays.com\/es\/wp-json\/wp\/v2\/media?parent=195020"}],"wp:term":[{"taxonomy":"category","embeddable":true,"href":"https:\/\/www.europesays.com\/es\/wp-json\/wp\/v2\/categories?post=195020"},{"taxonomy":"post_tag","embeddable":true,"href":"https:\/\/www.europesays.com\/es\/wp-json\/wp\/v2\/tags?post=195020"}],"curies":[{"name":"wp","href":"https:\/\/api.w.org\/{rel}","templated":true}]}}