{"id":195056,"date":"2025-10-23T02:33:10","date_gmt":"2025-10-23T02:33:10","guid":{"rendered":"https:\/\/www.europesays.com\/es\/195056\/"},"modified":"2025-10-23T02:33:10","modified_gmt":"2025-10-23T02:33:10","slug":"la-ia-se-vuelve-contra-meta-recorta-600-empleos-en-su-division-de-ia-para-facilitar-la-toma-de-decisiones-economia","status":"publish","type":"post","link":"https:\/\/www.europesays.com\/es\/195056\/","title":{"rendered":"La IA se vuelve contra Meta: recorta 600 empleos en su divisi\u00f3n de IA para facilitar la toma de decisiones | Econom\u00eda"},"content":{"rendered":"<p class=\"\">Meta Platforms va a reducir cerca de 600 puestos de trabajo en su unidad de inteligencia artificial (IA), Meta Superintelligence Labs, con el objetivo de avanzar con mayor rapidez en la competitiva carrera en torno a esta tecnolog\u00eda revolucionaria, donde la matriz de Facebook y Instagram WhatsApp, compite <a href=\"https:\/\/elpais.com\/economia\/2025-07-22\/openai-sube-la-presion-sobre-google-chatgpt-recibe-mas-de-2500-millones-de-instrucciones-al-dia.html\" target=\"_self\" rel=\"nofollow noopener\" title=\"https:\/\/elpais.com\/economia\/2025-07-22\/openai-sube-la-presion-sobre-google-chatgpt-recibe-mas-de-2500-millones-de-instrucciones-al-dia.html\">con grupos como OpenAI<\/a> y Alphabet, matriz de Google. <\/p>\n<p class=\"\">Los empleados afectados por los recortes han recibido la notificaci\u00f3n este mi\u00e9rcoles, seg\u00fan un memorando interno remitido a los trabajadores, citado por medios como Bloomberg News y The Wall Street Journal. <\/p>\n<p class=\"\">No obstante, el reci\u00e9n formado grupo TBD Lab de la propia compa\u00f1\u00eda, que incluye a muchas de las contrataciones recientes con altos salarios, no se ha visto afectado por estos ajustes. <\/p>\n<p class=\"\">\u201cAl reducir el tama\u00f1o de nuestro equipo, se requerir\u00e1n menos conversaciones para tomar una decisi\u00f3n, y cada persona tendr\u00e1 mayor responsabilidad, alcance e impacto\u201d, escribi\u00f3 Alexandr Wang, responsable de IA de Meta, en un memorando a sus compa\u00f1eros de trabajo.<\/p>\n<p class=\"\">En cualquier caso, Meta ha animado a los trabajadores afectados a postularse a otros puestos dentro de la compa\u00f1\u00eda, que tiene intenci\u00f3n de continuar contratando personal para sus equipos de IA. <\/p>\n<p class=\"\">Lo cierto es que Meta est\u00e1 invirtiendo con fuerza en la IA, que se ha convertido en una de las obsesiones de su consejero delegado, Mark Zuckerberg. Entre otras operaciones, la matriz de Facebook invirti\u00f3 14.300 millones de d\u00f3lares en junio pasado en la start-up Scale AI, que llev\u00f3 a la empresa al citado Wang, para que dirigiera esta divisi\u00f3n. Adem\u00e1s, en julio pasado, Meta incorpor\u00f3 a Ruoming Pang, ingeniero a cargo del <a href=\"https:\/\/cincodias.elpais.com\/companias\/2025-07-08\/guerra-en-la-ia-meta-arrebata-a-apple-su-principal-directivo-en-esta-nueva-tecnologia.html\" target=\"_self\" rel=\"nofollow noopener\" title=\"https:\/\/cincodias.elpais.com\/companias\/2025-07-08\/guerra-en-la-ia-meta-arrebata-a-apple-su-principal-directivo-en-esta-nueva-tecnologia.html\">equipo de modelos de IA de Apple<\/a>.<\/p>\n<p class=\"\">Meta, adem\u00e1s, est\u00e1 haciendo un amplio esfuerzo inversor en infraestructuras de IA. La compa\u00f1\u00eda empresa prev\u00e9 un capex para 2025, incluyendo los pagos para arrendamientos financieros, en un rango entre 66.000 y 72.000 millones de d\u00f3lares, cerca de 30.000 millones m\u00e1s en t\u00e9rminos interanuales. La firma, que acaba de cerrar una operaci\u00f3n de deuda privada de 27.000 millones, duplic\u00f3 su capex en el primer semestre del a\u00f1o, <a href=\"https:\/\/elpais.com\/economia\/2025-08-01\/meta-y-microsoft-responden-a-alphabet-disparando-la-inversion-en-ia.html\" target=\"_self\" rel=\"nofollow noopener\" title=\"https:\/\/elpais.com\/economia\/2025-08-01\/meta-y-microsoft-responden-a-alphabet-disparando-la-inversion-en-ia.html\">hasta alcanzar los 30.704 millones<\/a>. <\/p>\n<p class=\"\">Las acciones de Meta ceden este mi\u00e9rcoles cerca de un 0,5%, y cotizan en 729 d\u00f3lares. Desde principios de a\u00f1o, las acciones se revalorizan un 24%, si bien, desde el m\u00e1ximo anual de 796 d\u00f3lares, alcanzado el pasado 15 de agosto, se dejan casi un 9%. Meta tiene, actualmente, una capitalizaci\u00f3n burs\u00e1til de 1,83 billones de d\u00f3lares. <\/p>\n","protected":false},"excerpt":{"rendered":"Meta Platforms va a reducir cerca de 600 puestos de trabajo en su unidad de inteligencia artificial (IA),&hellip;\n","protected":false},"author":2,"featured_media":195057,"comment_status":"","ping_status":"","sticky":false,"template":"","format":"standard","meta":{"footnotes":""},"categories":[80],"tags":[11404,82,1275,95,94,2308,25,24,142,11314,136,143,138,5004,23],"class_list":{"0":"post-195056","1":"post","2":"type-post","3":"status-publish","4":"format-standard","5":"has-post-thumbnail","7":"category-economia","8":"tag-alphabet","9":"tag-business","10":"tag-chatgpt","11":"tag-economia","12":"tag-economy","13":"tag-empresas","14":"tag-es","15":"tag-espana","16":"tag-facebook","17":"tag-grandes-tecnologicas","18":"tag-inteligencia-artificial","19":"tag-mark-zuckerberg","20":"tag-meta","21":"tag-openai","22":"tag-spain"},"share_on_mastodon":{"url":"https:\/\/pubeurope.com\/@es\/115421145016530700","error":""},"_links":{"self":[{"href":"https:\/\/www.europesays.com\/es\/wp-json\/wp\/v2\/posts\/195056","targetHints":{"allow":["GET"]}}],"collection":[{"href":"https:\/\/www.europesays.com\/es\/wp-json\/wp\/v2\/posts"}],"about":[{"href":"https:\/\/www.europesays.com\/es\/wp-json\/wp\/v2\/types\/post"}],"author":[{"embeddable":true,"href":"https:\/\/www.europesays.com\/es\/wp-json\/wp\/v2\/users\/2"}],"replies":[{"embeddable":true,"href":"https:\/\/www.europesays.com\/es\/wp-json\/wp\/v2\/comments?post=195056"}],"version-history":[{"count":0,"href":"https:\/\/www.europesays.com\/es\/wp-json\/wp\/v2\/posts\/195056\/revisions"}],"wp:featuredmedia":[{"embeddable":true,"href":"https:\/\/www.europesays.com\/es\/wp-json\/wp\/v2\/media\/195057"}],"wp:attachment":[{"href":"https:\/\/www.europesays.com\/es\/wp-json\/wp\/v2\/media?parent=195056"}],"wp:term":[{"taxonomy":"category","embeddable":true,"href":"https:\/\/www.europesays.com\/es\/wp-json\/wp\/v2\/categories?post=195056"},{"taxonomy":"post_tag","embeddable":true,"href":"https:\/\/www.europesays.com\/es\/wp-json\/wp\/v2\/tags?post=195056"}],"curies":[{"name":"wp","href":"https:\/\/api.w.org\/{rel}","templated":true}]}}