{"id":195103,"date":"2025-10-23T03:09:12","date_gmt":"2025-10-23T03:09:12","guid":{"rendered":"https:\/\/www.europesays.com\/es\/195103\/"},"modified":"2025-10-23T03:09:12","modified_gmt":"2025-10-23T03:09:12","slug":"alineaciones-probables-del-genk-betis-de-la-europa-league-2025-2026-onces-y-banquillo-de-suplentes","status":"publish","type":"post","link":"https:\/\/www.europesays.com\/es\/195103\/","title":{"rendered":"Alineaciones probables del Genk &#8211; Betis de la Europa League 2025-2026: onces y banquillo de suplentes"},"content":{"rendered":"<p style=\"\">El <strong>Real Betis<\/strong> retoma la <a href=\"https:\/\/es.uefa.com\/uefaeuropaleague\/\" target=\"_self\" data-voc-vtm-id=\"in-text-traffic\" title=\"UEFA Europa League\" data-mrf-link=\"es.uefa.com\" rel=\"nofollow noopener\">UEFA Europa League<\/a> cuando, tras m\u00e1s de dos meses desde que oficialmente comenzase la temporada, el equipo atraviesa <strong>un gran estado de forma<\/strong>, dado que solo ha perdido un partido de once disputados. En esta ocasi\u00f3n, con  &#8230; motivo de <a href=\"https:\/\/www.abc.es\/deportes\/alfinaldelapalmera\/noticias-betis\/betis-conoce-fechas-horarios-europa-league-20250830203836-nts.html\" target=\"_self\" data-voc-vtm-id=\"in-text-traffic\" title=\"la tercera jornada de la fase de liga\" data-mrf-link=\"www.abc.es\" rel=\"nofollow noopener\">la tercera jornada de la fase de liga<\/a> del torneo continental, los verdiblancos visitan este jueves el <a href=\"https:\/\/www.abc.es\/deportes\/alfinaldelapalmera\/noticias-betis\/betis-contara-apoyo-450-aficionados-belgica-20251020140230-nts.html\" target=\"_self\" data-voc-vtm-id=\"in-text-traffic\" title=\"Cegeka Arena\" data-mrf-link=\"www.abc.es\" rel=\"nofollow noopener\">Cegeka Arena<\/a> para medirse al <strong>KRC Genk<\/strong>, a partir de las <strong>18.45 horas<\/strong>.<\/p>\n<p class=\"voc-p\" style=\"\">Ser\u00e1 este<strong> el cuarto choque consecutivo que los b\u00e9ticos afronten a domicilio<\/strong>, despu\u00e9s de haber visitado al <a href=\"https:\/\/www.abc.es\/deportes\/alfinaldelapalmera\/noticias-betis\/cronica-ludogorets-betis-20251002131747-nts.html\" target=\"_self\" data-voc-vtm-id=\"in-text-traffic\" title=\"Ludogorets (0-2)\" data-mrf-link=\"www.abc.es\" rel=\"nofollow noopener\">Ludogorets (0-2)<\/a>, al <a href=\"https:\/\/www.abc.es\/deportes\/alfinaldelapalmera\/noticias-betis\/ddd-20251005201444-nts.html\" target=\"_self\" data-voc-vtm-id=\"in-text-traffic\" title=\"Espanyol (1-2)\" data-mrf-link=\"www.abc.es\" rel=\"nofollow noopener\">Espanyol (1-2)<\/a> y al <a href=\"https:\/\/www.abc.es\/deportes\/alfinaldelapalmera\/noticias-betis\/villarreal-betis-antony-premia-buena-letra-betis-20251018202919-nts.html\" target=\"_self\" data-voc-vtm-id=\"in-text-traffic\" title=\"Villarreal (2-2)\" data-mrf-link=\"www.abc.es\" rel=\"nofollow noopener\">Villarreal (2-2)<\/a>. Por su parte, <strong>el Genk solo ha ganado dos partidos de siete como local<\/strong> en lo que llevamos de curso (3-2 al Zulte Waregem y 2-1 al Dender).<\/p>\n<p>\nLa posible alineaci\u00f3n del Betis ante el Genk\n<\/p>\n<p class=\"voc-p\" style=\"\">Tras recuperar a Bartra, Llorente y Deossa para el partido del pasado s\u00e1bado en Villarreal, ahora Manuel Pellegrini suma tambi\u00e9n a la <a href=\"https:\/\/www.abc.es\/deportes\/alfinaldelapalmera\/noticias-betis\/pellegrini-fuerza-amrabat-baja-genk-betis-20251021143537-nts.html\" target=\"_self\" data-voc-vtm-id=\"in-text-traffic\" title=\"lista de convocados\" data-mrf-link=\"www.abc.es\" rel=\"nofollow noopener\">lista de convocados<\/a> a <strong>Bakambu<\/strong>, quien se perdi\u00f3 el choque anterior. Eso s\u00ed, <strong>Amrabat no forma parte de la expedici\u00f3n b\u00e9tica que viaja a B\u00e9lgica<\/strong>, debido a unas leves molestias que arrastra desde el partido ante el Ludogorets. Con lo cual, las \u00fanicas bajas son la del centrocampista marroqu\u00ed y la de <strong>Isco<\/strong>, quien sigue con su proceso de recuperaci\u00f3n.<\/p>\n<ul class=\"voc-list\">\n<li class=\"voc-list__item\">\n<strong>Real Betis<\/strong><br \/>\n\u00c1lvaro Valles; Aitor Ruibal, Bartra, Valent\u00edn G\u00f3mez, Ricardo Rodr\u00edguez; Deossa, Altimira; Antony, Lo Celso, Riquelme; y Bakambu.\n<\/li>\n<\/ul>\n<p class=\"voc-p\" style=\"\">Como es habitual cuando el Betis juega competici\u00f3n europea entresemana, el t\u00e9cnico chileno realizar\u00eda <strong>varias rotaciones<\/strong> con respecto al anterior encuentro liguero. Eso s\u00ed, se mantendr\u00eda en el once jugadores como <a href=\"https:\/\/www.abc.es\/deportes\/alfinaldelapalmera\/noticias-betis\/betis-antony-nueve-novedades-visitar-genk-20251022140557-nts.html\" target=\"_self\" data-voc-vtm-id=\"in-text-traffic\" title=\"Antony y Valent\u00edn G\u00f3mez\" data-mrf-link=\"www.abc.es\" rel=\"nofollow noopener\">Antony y Valent\u00edn G\u00f3mez<\/a>.<\/p>\n<p>\nLa posible alineaci\u00f3n del Genk ante el Betis\n<\/p>\n<p class=\"voc-p\" style=\"\">En cuanto al Genk, el equipo dirigido por Thorsten Fink contar\u00e1 con <strong>tres bajas<\/strong> para recibir este jueves al Betis, todas ellas por lesi\u00f3n: el portero <strong>Tobias Lawal<\/strong>, el lateral derecho <strong>Zakaria El Ouahdi<\/strong> y el extremo <strong>Junya Ito<\/strong>.<\/p>\n<ul class=\"voc-list\">\n<li class=\"voc-list__item\">\n<strong>KRC Genk<\/strong><br \/>\nVan Crombrugge; Nkuba, Sadick, Smets, Kayembe; Bangoura, Heynen, Hrosovsky; Steuckers, Sor y Hyeon-Gyu Oh.\n<\/li>\n<\/ul>\n<p class=\"voc-p\" style=\"\">En el caso del conjunto belga, la formaci\u00f3n de inicio frente al Betis podr\u00eda <strong>parecerse a la que ya plante\u00f3 el pasado domingo<\/strong> ante el C\u00edrculo de Brujas.<\/p>\n","protected":false},"excerpt":{"rendered":"El Real Betis retoma la UEFA Europa League cuando, tras m\u00e1s de dos meses desde que oficialmente comenzase&hellip;\n","protected":false},"author":2,"featured_media":195104,"comment_status":"","ping_status":"","sticky":false,"template":"","format":"standard","meta":{"footnotes":""},"categories":[268],"tags":[13519,26170,2953,291,168,25,24,700,280,282,53326,1211,26172,281,23,167,26173],"class_list":{"0":"post-195103","1":"post","2":"type-post","3":"status-publish","4":"format-standard","5":"has-post-thumbnail","7":"category-futbol","8":"tag-13519","9":"tag-alineaciones","10":"tag-banquillo","11":"tag-betis","12":"tag-deportes","13":"tag-es","14":"tag-espana","15":"tag-europa","16":"tag-football","17":"tag-futbol","18":"tag-genk","19":"tag-league","20":"tag-onces","21":"tag-soccer","22":"tag-spain","23":"tag-sports","24":"tag-suplentes"},"share_on_mastodon":{"url":"https:\/\/pubeurope.com\/@es\/115421286551597587","error":""},"_links":{"self":[{"href":"https:\/\/www.europesays.com\/es\/wp-json\/wp\/v2\/posts\/195103","targetHints":{"allow":["GET"]}}],"collection":[{"href":"https:\/\/www.europesays.com\/es\/wp-json\/wp\/v2\/posts"}],"about":[{"href":"https:\/\/www.europesays.com\/es\/wp-json\/wp\/v2\/types\/post"}],"author":[{"embeddable":true,"href":"https:\/\/www.europesays.com\/es\/wp-json\/wp\/v2\/users\/2"}],"replies":[{"embeddable":true,"href":"https:\/\/www.europesays.com\/es\/wp-json\/wp\/v2\/comments?post=195103"}],"version-history":[{"count":0,"href":"https:\/\/www.europesays.com\/es\/wp-json\/wp\/v2\/posts\/195103\/revisions"}],"wp:featuredmedia":[{"embeddable":true,"href":"https:\/\/www.europesays.com\/es\/wp-json\/wp\/v2\/media\/195104"}],"wp:attachment":[{"href":"https:\/\/www.europesays.com\/es\/wp-json\/wp\/v2\/media?parent=195103"}],"wp:term":[{"taxonomy":"category","embeddable":true,"href":"https:\/\/www.europesays.com\/es\/wp-json\/wp\/v2\/categories?post=195103"},{"taxonomy":"post_tag","embeddable":true,"href":"https:\/\/www.europesays.com\/es\/wp-json\/wp\/v2\/tags?post=195103"}],"curies":[{"name":"wp","href":"https:\/\/api.w.org\/{rel}","templated":true}]}}