{"id":195105,"date":"2025-10-23T03:10:13","date_gmt":"2025-10-23T03:10:13","guid":{"rendered":"https:\/\/www.europesays.com\/es\/195105\/"},"modified":"2025-10-23T03:10:13","modified_gmt":"2025-10-23T03:10:13","slug":"victoria-beckham-rompe-el-silencio-sobre-el-distanciamiento-de-su-hijo-brooklyn","status":"publish","type":"post","link":"https:\/\/www.europesays.com\/es\/195105\/","title":{"rendered":"Victoria Beckham rompe el silencio sobre el distanciamiento de su hijo Brooklyn"},"content":{"rendered":"<p>\n          Victoria Beckham lanza indirecta a su Brooklyn tras distanciamiento familiar<\/p>\n<p>Desde hace meses atr\u00e1s, de acuerdo con diversos medios, tanto Victoria como su esposo,  <a class=\"Link\" href=\"https:\/\/www.quien.com\/espectaculos\/2025\/09\/25\/belinda-nos-cuenta-en-exclusiva-como-fue-su-encuentro-con-david-beckham-en-milan-fashion-week?utm_source=internal&amp;utm_medium=link-recommended\" rel=\"nofollow noopener\" target=\"_blank\">David Beckham<\/a>  atraviesan una profunda disputa con su hijo mayor, <b>Brooklyn Beckham y su esposa, la actriz Nicola Peltz.<\/b> Las diferencias habr\u00edan crecido al punto de provocar un profundo distanciamiento, en el que, supuestamente, ninguna de las partes se ha dirigido la palabra durante meses.<\/p>\n<p>Bajo este contexto, <b>Victoria Beckham <\/b>se sincer\u00f3 sobre c\u00f3mo ha aprendido a dar espacio a sus hijos en medio de los reflectores que da la fama y los cambios en la din\u00e1mica familiar.<\/p>\n<p>             <img loading=\"lazy\" decoding=\"async\" src=\"https:\/\/www.europesays.com\/es\/wp-content\/uploads\/2025\/10\/1761189012_895_\" class=\"lazyload\" alt=\"&quot;Victoria Beckham&quot; World Premiere - Arrivals\"  width=\"600\" height=\"402\"\/> <\/p>\n<p>              Brooklyn Beckham no fue al estreno del nuevo documental de Victoria Beckham.<br \/>\n              (Gareth Cattermole\/Gareth Cattermole\/Getty Images)<\/p>\n<p>Tras guardar lo que describe como un \u201csilencio estoico\u201d, <b>Victoria <\/b>admiti\u00f3 que ha tenido que aceptar que sus hijos deben forjar su propio camino, incluso cuando eso implique tomar decisiones con las que ella no siempre est\u00e9 de acuerdo.<\/p>\n<p>\u00abQuiero decir, somos una familia muy unida. Sabes, la comunicaci\u00f3n es clave y siempre les hacemos saber que, para cualquier tema que quieran abordar, este es un lugar seguro. Eso es muy importante, pero tienen que seguir su propio camino\u00bb, se\u00f1al\u00f3.<\/p>\n<p>Cuando le preguntaron m\u00e1s sobre c\u00f3mo ella y David lidian con la din\u00e1mica cambiante de su familia, sostuvo: \u00abDe nuevo, se trata simplemente de comunicaci\u00f3n. Siempre hemos sido as\u00ed con los ni\u00f1os. Y estoy emocionada por ellos; todos son muy diferentes. A todos les gusta hacer cosas distintas\u00bb.<\/p>\n<p>             <img loading=\"lazy\" decoding=\"async\" src=\"https:\/\/www.europesays.com\/es\/wp-content\/uploads\/2025\/10\/1761189013_507_\" class=\"lazyload\" alt=\"Victoria Beckham Spring\/Summer 2023 Runway show\"  width=\"600\" height=\"430\"\/> <\/p>\n<p>              Cruz Beckham, Harper Beckham, David Beckham, Victoria Beckham, Romeo Beckham, Brooklyn Beckham y Nicola Peltz.<br \/>\n              (Getty Images)<\/p>\n<p>Aunque Victoria evit\u00f3 mencionar directamente la tensi\u00f3n familiar que viven, su \u00e9nfasis en la importancia de la comunicaci\u00f3n sugiere que, puertas adentro, la familia Beckham est\u00e1 intentando manejar la pol\u00e9mica.<\/p>\n","protected":false},"excerpt":{"rendered":"Victoria Beckham lanza indirecta a su Brooklyn tras distanciamiento familiar Desde hace meses atr\u00e1s, de acuerdo con diversos&hellip;\n","protected":false},"author":2,"featured_media":195106,"comment_status":"","ping_status":"","sticky":false,"template":"","format":"standard","meta":{"footnotes":""},"categories":[174],"tags":[54178,255,146,147,25,24,2793,256,54179,54180,23,3063,54181,54182,54183],"class_list":{"0":"post-195105","1":"post","2":"type-post","3":"status-publish","4":"format-standard","5":"has-post-thumbnail","7":"category-famosos","8":"tag-brooklyn-beckham-distanciamiento-familia","9":"tag-celebrities","10":"tag-entertainment","11":"tag-entretenimiento","12":"tag-es","13":"tag-espana","14":"tag-espectaculos","15":"tag-famosos","16":"tag-los-beckham-distanciamiento","17":"tag-los-beckham-polemica","18":"tag-spain","19":"tag-victoria-beckham","20":"tag-victoria-beckham-call-her-daddy","21":"tag-victoria-beckham-distanciamiento-familiar","22":"tag-victoria-beckham-polemica-familia"},"share_on_mastodon":{"url":"https:\/\/pubeurope.com\/@es\/115421290882959265","error":""},"_links":{"self":[{"href":"https:\/\/www.europesays.com\/es\/wp-json\/wp\/v2\/posts\/195105","targetHints":{"allow":["GET"]}}],"collection":[{"href":"https:\/\/www.europesays.com\/es\/wp-json\/wp\/v2\/posts"}],"about":[{"href":"https:\/\/www.europesays.com\/es\/wp-json\/wp\/v2\/types\/post"}],"author":[{"embeddable":true,"href":"https:\/\/www.europesays.com\/es\/wp-json\/wp\/v2\/users\/2"}],"replies":[{"embeddable":true,"href":"https:\/\/www.europesays.com\/es\/wp-json\/wp\/v2\/comments?post=195105"}],"version-history":[{"count":0,"href":"https:\/\/www.europesays.com\/es\/wp-json\/wp\/v2\/posts\/195105\/revisions"}],"wp:featuredmedia":[{"embeddable":true,"href":"https:\/\/www.europesays.com\/es\/wp-json\/wp\/v2\/media\/195106"}],"wp:attachment":[{"href":"https:\/\/www.europesays.com\/es\/wp-json\/wp\/v2\/media?parent=195105"}],"wp:term":[{"taxonomy":"category","embeddable":true,"href":"https:\/\/www.europesays.com\/es\/wp-json\/wp\/v2\/categories?post=195105"},{"taxonomy":"post_tag","embeddable":true,"href":"https:\/\/www.europesays.com\/es\/wp-json\/wp\/v2\/tags?post=195105"}],"curies":[{"name":"wp","href":"https:\/\/api.w.org\/{rel}","templated":true}]}}