{"id":195111,"date":"2025-10-23T03:13:29","date_gmt":"2025-10-23T03:13:29","guid":{"rendered":"https:\/\/www.europesays.com\/es\/195111\/"},"modified":"2025-10-23T03:13:29","modified_gmt":"2025-10-23T03:13:29","slug":"de-ignacio-maria-lopez-a-jose-ramon-julio-marquez-y-martin","status":"publish","type":"post","link":"https:\/\/www.europesays.com\/es\/195111\/","title":{"rendered":"de Ignacio Mar\u00eda L\u00f3pez a Jos\u00e9 Ram\u00f3n Julio M\u00e1rquez y Mart\u00edn"},"content":{"rendered":"<p class=\"L6-news-detail__text\">Como cada d\u00eda, <b>I\u00f1aki L\u00f3pez y Cristina Pardo<\/b> arrancan saludando a los colaboradores de hoy, con especial atenci\u00f3n a <b>Jos\u00e9 Enrique Monrosi<\/b> que, seg\u00fan Cristina, \u00abtiene nombre compuesto, como si fuera de la alta nobleza\u00bb.<\/p>\n<p class=\"L6-news-detail__text\">\u00abYo soy <b>Ignacio Mar\u00eda<\/b>, igual deber\u00eda sacarlo a gala\u00bb, reacciona I\u00f1aki L\u00f3pez en el v\u00eddeo sobre estas l\u00edneas, donde propone al periodista pasarle a \u00abJos\u00e9 Enrique de Monrosi, que tiene m\u00e1s alcurnia\u00bb. \u00abYa Monrosi lleva impl\u00edcito el glamour\u00bb, le responde Jos\u00e9 Enrique.<\/p>\n<p class=\"L6-news-detail__text\">Bea de Vicente, por su parte, se presenta como \u00ab<b>Beatriz de Vicente de Castro<\/b>, para abolengo el m\u00edo\u00bb y <b>Ramonc\u00edn <\/b>desvela que su verdadero nombre es <b>Jos\u00e9 Ram\u00f3n Julio M\u00e1rquez y Mart\u00edn<\/b>: \u00abTodo eso para llamarme Ramonc\u00edn\u00bb, comenta con humor.<\/p>\n<p class=\"L6-news-detail__text\">El segundo apellido de Cristina es <b>Virto<\/b>, como el del grupo de congelados que, aclara, \u00abno son m\u00edos\u00bb.<\/p>\n<p class=\"L6-news-detail__text\"><b><a title=\"*Sigue a laSexta en Google. Toda la actualidad y el mejor contenido aqu\u00ed.\" href=\"https:\/\/profile.google.com\/cp\/CgkvbS8wZG5xejA\" target=\"_blank\" rel=\"nofollow noopener\">*Sigue a laSexta en Google. Toda la actualidad y el mejor contenido aqu\u00ed.<\/a><\/b><\/p>\n<p class=\"L6-support-news-video__title\">Concentraci\u00f3n sin autorizaci\u00f3n<\/p>\n<p>            <a href=\"https:\/\/www.lasexta.com\/programas\/mas-vale-tarde\/denuncia-monrosi-acreditacion-vito-quiles-congreso-nos-persigue-nos-hace-fotos-nos-amenaza_2025102268f90bba5ddd5447a1bf4a21.html\" class=\"L6-news__link\" rel=\"nofollow noopener\" target=\"_blank\"><br \/>\n                La denuncia de Monrosi sobre la acreditaci\u00f3n de Vito Quiles en el Congreso: \u00abNos persigue, nos hace fotos y nos amenaza\u00bb<\/p>\n<p class=\"recirculation-video-desc\">\u00bfQu\u00e9 est\u00e1n diciendo? Vito Quiles ha organizado una concentraci\u00f3n en Granada sin estar autorizado y lleva a\u00f1os accediendo al Congreso de los Diputados pese a las denuncias de muchos periodistas.<\/p>\n<p>            <\/a><\/p>\n","protected":false},"excerpt":{"rendered":"Como cada d\u00eda, I\u00f1aki L\u00f3pez y Cristina Pardo arrancan saludando a los colaboradores de hoy, con especial atenci\u00f3n&hellip;\n","protected":false},"author":2,"featured_media":195112,"comment_status":"","ping_status":"","sticky":false,"template":"","format":"standard","meta":{"footnotes":""},"categories":[171],"tags":[146,147,25,24,23,214],"class_list":{"0":"post-195111","1":"post","2":"type-post","3":"status-publish","4":"format-standard","5":"has-post-thumbnail","7":"category-tv","8":"tag-entertainment","9":"tag-entretenimiento","10":"tag-es","11":"tag-espana","12":"tag-spain","13":"tag-tv"},"share_on_mastodon":{"url":"https:\/\/pubeurope.com\/@es\/115421302252050316","error":""},"_links":{"self":[{"href":"https:\/\/www.europesays.com\/es\/wp-json\/wp\/v2\/posts\/195111","targetHints":{"allow":["GET"]}}],"collection":[{"href":"https:\/\/www.europesays.com\/es\/wp-json\/wp\/v2\/posts"}],"about":[{"href":"https:\/\/www.europesays.com\/es\/wp-json\/wp\/v2\/types\/post"}],"author":[{"embeddable":true,"href":"https:\/\/www.europesays.com\/es\/wp-json\/wp\/v2\/users\/2"}],"replies":[{"embeddable":true,"href":"https:\/\/www.europesays.com\/es\/wp-json\/wp\/v2\/comments?post=195111"}],"version-history":[{"count":0,"href":"https:\/\/www.europesays.com\/es\/wp-json\/wp\/v2\/posts\/195111\/revisions"}],"wp:featuredmedia":[{"embeddable":true,"href":"https:\/\/www.europesays.com\/es\/wp-json\/wp\/v2\/media\/195112"}],"wp:attachment":[{"href":"https:\/\/www.europesays.com\/es\/wp-json\/wp\/v2\/media?parent=195111"}],"wp:term":[{"taxonomy":"category","embeddable":true,"href":"https:\/\/www.europesays.com\/es\/wp-json\/wp\/v2\/categories?post=195111"},{"taxonomy":"post_tag","embeddable":true,"href":"https:\/\/www.europesays.com\/es\/wp-json\/wp\/v2\/tags?post=195111"}],"curies":[{"name":"wp","href":"https:\/\/api.w.org\/{rel}","templated":true}]}}