{"id":195113,"date":"2025-10-23T03:14:09","date_gmt":"2025-10-23T03:14:09","guid":{"rendered":"https:\/\/www.europesays.com\/es\/195113\/"},"modified":"2025-10-23T03:14:09","modified_gmt":"2025-10-23T03:14:09","slug":"la-epoca-de-las-drogas-estuvo-super-bien-y-les-debo-mucho-pero-sobrevivi-y-ahora-toca-estar-bien","status":"publish","type":"post","link":"https:\/\/www.europesays.com\/es\/195113\/","title":{"rendered":"\u00abLa \u00e9poca de las drogas estuvo s\u00faper bien y les debo mucho, pero sobreviv\u00ed y ahora toca estar bien\u00bb"},"content":{"rendered":"<p style=\"\">Aunque su historia da para un guion cinematogr\u00e1fico de categor\u00eda, dice nuestro &#8216;boss&#8217; espa\u00f1ol (si no es \u00e9l, \u00bfqui\u00e9n?) que \u00abni de co\u00f1a\u00bb le gustar\u00eda verse en <a href=\"https:\/\/www.abc.es\/play\/cine\/noticias\/jeremy-allen-white-desnuda-mito-bruce-springsteen-20251007150347-nt.html\" target=\"_blank\" data-voc-vtm-id=\"in-text-traffic\" title=\"un biopic como el que Springsteen estrena esta semana\" data-mrf-link=\"www.abc.es\" rel=\"nofollow noopener\">un biopic como el que Springsteen estrena esta semana<\/a> coincidiendo con el lanzamiento de su <strong>nuevo disco, <\/strong> &#8230; <strong>el octavo con los Fitipaldis<\/strong>. \u00abEs que me parecer\u00eda rar\u00edsimo.. A m\u00ed me han hecho un c\u00f3mic, que mola m\u00e1s\u00bb, asegura sonriente. \u00abAdem\u00e1s yo soy de contar mi vida m\u00e1s con canciones que con cualquier otra cosa. Es lo que mejor se me da\u00bb. <\/p>\n<p class=\"voc-p\" style=\"\"><strong>Fito<\/strong> escribe un cap\u00edtulo de sus memorias en cada \u00e1lbum, y todo lo que le ha ocurrido mientras estaba ocupado haciendo otros planes en los cuatro a\u00f1os que han pasado desde &#8216;Cada vez cad\u00e1ver&#8217;, llena ahora los textos de <strong>&#8216;El Monte de los Aullidos&#8217;<\/strong>, un \u00e1lbum expuesto a los elementos y s\u00f3lido como un acantilado por el que asoman algunos Fitos nuevos, muy sugerentes por casi irreconocibles, sin dejar de estampar su marca de la casa en cada riff. <\/p>\n<p class=\"voc-p\" style=\"\">Breve rese\u00f1a que les importa un pito a sus fans, que sin haberlo escuchado han comprado 400.000 entradas para no perd\u00e9rselo en directo. \u00abTen\u00eda que haber hecho un disco de acordeones (risas). No, es broma, que me perdone <a href=\"https:\/\/www.abc.es\/cultura\/musica\/muere-flaco-jimenez-leyenda-texmex-enamoro-cooder-20250801120659-nt.html\" target=\"_blank\" data-voc-vtm-id=\"in-text-traffic\" title=\"Flaco Jim\u00e9nez\" data-mrf-link=\"www.abc.es\" rel=\"nofollow noopener\">Flaco Jim\u00e9nez<\/a>\u00bb, dice juntando las manos y buscando al genio del tex-mex entre las nubes.<\/p>\n<p class=\"voc-p\" style=\"\">La hoja en blanco que otras veces ha sido \u00abaterradora\u00bb para el maestro Cabrales, esta vez no lo ha sido tanto porque ya tiene m\u00e1s que aceptado \u00abque uno no puede sentarse a hacer una canci\u00f3n\u00bb, y que \u00abes la constancia la que te lleva a conseguir algo que te pueda parecer bonito\u00bb. En cualquier caso, diserta el enjuto artista bilba\u00edno, \u00ab<strong>hay una diferencia fundamental entre componer con dieciocho a\u00f1os y hacerlo al borde de los sesenta<\/strong>: cuando eres joven, coges una guitarra, haces &#8216;\u00a1clan-clan! y con eso sacas una canci\u00f3n, un disco o incluso dos, porque todo te parece incre\u00edble. Seg\u00fan pasa el tiempo, ese &#8216;clan-clan&#8217; ya no te parece tan fabuloso, y lo dif\u00edcil es encontrar un motivo, una frase, una armon\u00eda, porque la inspiraci\u00f3n s\u00f3lo escribe la primera frase. El resto est\u00e1 &#8216;tirao&#8217;\u00bb.<\/p>\n<p><img decoding=\"async\" loading=\"lazy\" src=\"https:\/\/www.europesays.com\/es\/wp-content\/uploads\/2025\/10\/1-fito2-U03127136236kur-170x170@diario_abc.jpg\" class=\"voc-img\" width=\"170\" height=\"170\" alt=\"Imagen - \u00abMe han dicho muchas veces que junte a Platero y T\u00fa, pero yo no sentir\u00eda las canciones\u00bb\"\/><\/p>\n<p class=\"voc-title\">\u00abMe han dicho muchas veces que junte a Platero y T\u00fa, pero yo no sentir\u00eda las canciones\u00bb<\/p>\n<p class=\"voc-p\" style=\"\">Asegura <a href=\"https:\/\/www.abc.es\/noticias\/fito-cabrales\/\" target=\"_blank\" data-voc-vtm-id=\"in-text-traffic\" title=\"Fito\" data-mrf-link=\"www.abc.es\" rel=\"nofollow noopener\">Fito<\/a> que siempre se ha sentido \u00ablibre para componer\u00bb, y que en los \u00faltimos a\u00f1os ha vivido \u00abmuchos cambios a nivel personal\u00bb al ir viendo crecer a sus tres hijos. <strong>\u00abTampoco llevo tanto tiempo haciendo discos &#8216;saludables&#8217;\u00bb, entrecomilla entre risas el anta\u00f1o &#8216;party animal&#8217;<\/strong>. \u00abPero s\u00ed es verdad que ha habido cambios que me hacen ver la vida muy diferente a como la ve\u00eda hace diez a\u00f1os. Plasmar eso ha sido mi reto de este disco\u00bb.<\/p>\n<p class=\"voc-p\" style=\"\">&#8216;El Monte de los aullidos&#8217;, t\u00edtulo sacado de una tremenda canci\u00f3n del \u00e1lbum cercana a la \u00f3pera-rock, evoca un refugio donde desahogarse, donde gritar a los cuatro vientos y liberar los instintos primarios. <strong>M\u00e1s o menos lo que de vez en cuando se necesita cuando hay tres torbellinos en casa<\/strong>. \u00abEs una frase que, dicha, no me gusta tanto. Pero escrita, es brutal\u00bb, opina Fito, confesando que, en realidad, no sabe muy bien de qu\u00e9 hablan sus canciones hasta que pasa el tiempo. \u00abA lo mejor tres a\u00f1os despu\u00e9s\u00bb.<\/p>\n<p class=\"voc-p\" style=\"\">Pero hay excepciones como &#8216;Como un ata\u00fad&#8217;, <strong>inspirada en un vecino trans al que conoci\u00f3 hace poco<\/strong>. \u00abUna vecina me dijo que ten\u00eda una hija artista que se estaba interesando por la m\u00fasica y el dibujo, y me pregunt\u00f3 si pod\u00eda pasarse por mis ensayos. Yo dije &#8216;vale, que se venga&#8217;, y un d\u00eda se vino con su madre, que al entrar me dijo: &#8216;Oye, tr\u00e1tale de chico&#8217;. Y yo, &#8216;vale, vale&#8217;. En ese momento yo ten\u00eda una canci\u00f3n que iba por otro lado, y al verle a \u00e9l pens\u00e9 en lo f\u00e1cil que es empatizar con la gente que no encaja. Qui\u00e9n no se ha sentido as\u00ed. Vi a este chico tan bien, tan resuelto, que pens\u00e9 en todo lo que habr\u00eda pasado para llegar hasta ah\u00ed, despu\u00e9s de darse cuenta de que no quer\u00eda ser ella sino \u00e9l, y me inspir\u00f3 para la letra\u00bb. <\/p>\n<p class=\"voc-p\" style=\"\">Entrando en los detalles de la gira de &#8216;El Monte de los Aullidos&#8217; (arranca el 21 de noviembre en Santander y termina el 16 de mayo en Bilbao), abrimos el mel\u00f3n del desmadre con los precios de los conciertos y tambi\u00e9n el de la histeria con la reuniones, que por supuesto le ha acechado \u00faltimamente. \u00abS\u00ed, s\u00ed&#8230; me han dicho muchas veces que junte a Platero y T\u00fa. Pero yo no sentir\u00eda las canciones, y adem\u00e1s mis ex compa\u00f1eros est\u00e1n disfrutando de eso con el proyecto La Gripe y T\u00fa, no paran de tocar y a m\u00ed me parece bien porque hay gente que quiere recordar esa \u00e9poca, y otra que no la vivi\u00f3 y quiere experimentarla\u00bb.<\/p>\n<p class=\"voc-p\" style=\"\">En aquella segunda era dorada del rock urbano comparti\u00f3 muchas correr\u00edas con Extremoduro, incluyendo <strong>la creaci\u00f3n del disco &#8216;Pedr\u00e1&#8217;<\/strong> (que acaba de editarse en vinilo por primera vez), una obra maestra cuya grabaci\u00f3n describe \u00abcomo eso, una pedr\u00e1, \u00a1bum!\u00bb, y que le recuerda los buenos viejos tiempos con I\u00f1aki &#8216;Uoho&#8217; Ant\u00f3n y Roberto Iniesta, dos tipos que han estado un poco delicados de salud \u00faltimamente. Fito ha tenido sus \u00abcosas\u00bb, dej\u00f3 de fumar porque le encontraron \u00abuna manchita\u00bb afortunadamente sin mayores consecuencias, y sobre el resto de tentaciones&#8230; \u00abNo creo que vuelva a ellas\u00bb, sentencia con gesto de estar viajando en el tiempo. \u00abEstuvo s\u00faper bien, le debo mucho a las drogas, seguro, porque toda la literatura, la m\u00fasica y el arte no se podr\u00eda pensar sin drogas. Pero he sobrevivido y ahora tocar estar bien\u00bb.<\/p>\n","protected":false},"excerpt":{"rendered":"Aunque su historia da para un guion cinematogr\u00e1fico de categor\u00eda, dice nuestro &#8216;boss&#8217; espa\u00f1ol (si no es \u00e9l,&hellip;\n","protected":false},"author":2,"featured_media":195114,"comment_status":"","ping_status":"","sticky":false,"template":"","format":"standard","meta":{"footnotes":""},"categories":[170],"tags":[146,147,25,24,33911,184,185,23],"class_list":{"0":"post-195113","1":"post","2":"type-post","3":"status-publish","4":"format-standard","5":"has-post-thumbnail","7":"category-musica","8":"tag-entertainment","9":"tag-entretenimiento","10":"tag-es","11":"tag-espana","12":"tag-fito","13":"tag-music","14":"tag-musica","15":"tag-spain"},"share_on_mastodon":{"url":"https:\/\/pubeurope.com\/@es\/115421306734194781","error":""},"_links":{"self":[{"href":"https:\/\/www.europesays.com\/es\/wp-json\/wp\/v2\/posts\/195113","targetHints":{"allow":["GET"]}}],"collection":[{"href":"https:\/\/www.europesays.com\/es\/wp-json\/wp\/v2\/posts"}],"about":[{"href":"https:\/\/www.europesays.com\/es\/wp-json\/wp\/v2\/types\/post"}],"author":[{"embeddable":true,"href":"https:\/\/www.europesays.com\/es\/wp-json\/wp\/v2\/users\/2"}],"replies":[{"embeddable":true,"href":"https:\/\/www.europesays.com\/es\/wp-json\/wp\/v2\/comments?post=195113"}],"version-history":[{"count":0,"href":"https:\/\/www.europesays.com\/es\/wp-json\/wp\/v2\/posts\/195113\/revisions"}],"wp:featuredmedia":[{"embeddable":true,"href":"https:\/\/www.europesays.com\/es\/wp-json\/wp\/v2\/media\/195114"}],"wp:attachment":[{"href":"https:\/\/www.europesays.com\/es\/wp-json\/wp\/v2\/media?parent=195113"}],"wp:term":[{"taxonomy":"category","embeddable":true,"href":"https:\/\/www.europesays.com\/es\/wp-json\/wp\/v2\/categories?post=195113"},{"taxonomy":"post_tag","embeddable":true,"href":"https:\/\/www.europesays.com\/es\/wp-json\/wp\/v2\/tags?post=195113"}],"curies":[{"name":"wp","href":"https:\/\/api.w.org\/{rel}","templated":true}]}}