{"id":195127,"date":"2025-10-23T03:22:08","date_gmt":"2025-10-23T03:22:08","guid":{"rendered":"https:\/\/www.europesays.com\/es\/195127\/"},"modified":"2025-10-23T03:22:08","modified_gmt":"2025-10-23T03:22:08","slug":"cantabria-y-pais-vasco-en-aviso-rojo","status":"publish","type":"post","link":"https:\/\/www.europesays.com\/es\/195127\/","title":{"rendered":"Cantabria y Pa\u00eds Vasco, en aviso rojo"},"content":{"rendered":"<p>La <strong>borrasca Benjam\u00edn<\/strong> azota este jueves a varias comunidades aut\u00f3nomas. <strong>Cantabria y el Pa\u00eds Vasco<\/strong> van a activar el<strong> aviso rojo por fuerte oleaje<\/strong> durante esta ma\u00f1ana. <strong>Asturias, Catalu\u00f1a y Galicia <\/strong>son otras comunidades que est\u00e1n en <strong>aviso naranja <\/strong>por la misma causa.<\/p>\n<p>Por otro lado, el <strong>viento <\/strong>va a poner en <strong>aviso amarillo a nueve comunidades.<\/strong> As\u00ed, se espera que Arag\u00f3n, las islas Baleares, Castilla y Le\u00f3n, Castilla-La Mancha, la Comunidad de Madrid, la Regi\u00f3n de Murcia, la Comunidad Foral de Navarra, La Rioja y la Comunidad Valenciana activen el aviso durante este jueves.<\/p>\n<p>Mapa con el pron\u00f3stico del tiempo para este jueves 23 de octubre en Espa\u00f1a.\u00a0TIEMPO TVE<\/p>\n<p>D\u00eda lluvioso en el Cant\u00e1brico<\/p>\n<p>Este jueves est\u00e1 previsto que un frente fr\u00edo recorra la Pen\u00ednsula, lo que va a dejar<strong> cielos nubosos <\/strong>en la mayor parte del territorio y, excepto en regiones del extremo norte, una tendencia a abrirse claros tras su paso. Adem\u00e1s, <strong>va a llover<\/strong> durante la primera mitad del d\u00eda en la mitad norte peninsular, si bien no es probable en el extremo oriental. <\/p>\n<p>Se esperan <strong>lluvias abundantes <\/strong>en la zona del noroeste del pa\u00eds y en el entorno del Cant\u00e1brico; estas pueden llegar a ser persistentes y localmente fuertes en Galicia. En las islas Baleares, se prev\u00e9n intervalos nubosos, mientras que en Canarias, cielos poco nubosos.<\/p>\n<p>En cuanto a <strong>las m\u00e1ximas, van a descender<\/strong> en la mayor parte de la mitad norte peninsular y de forma localmente notable en el Cant\u00e1brico. Tambi\u00e9n van a subir en el tercio sur y en puntos del litoral mediterr\u00e1neo. Por su parte, se prev\u00e9 que bajen las m\u00ednimas en Baleares y en la mitad norte peninsular, lo que va a notarse de forma notable en amplias zonas del interior norte.<\/p>\n<p>Mapa con las temperaturas m\u00ednimas para este jueves 23 de octubre en Espa\u00f1a.\u00a0TIEMPO TVE<\/p>\n<p>Pron\u00f3stico para los pr\u00f3ximos d\u00edas<\/p>\n<p>Durante la jornada del <strong>viernes<\/strong>, se espera que la <strong>inestabilidad <\/strong>persista, lo que va a dejar lluvias que llegar\u00e1n por el oeste peninsular.<\/p>\n<p>En cuanto a la jornada del <strong>s\u00e1bado<\/strong>, las <strong>precipitaciones <\/strong>volver\u00e1n a ser protagonistas en el norte y el centro, mientras que el sur mantendr\u00e1 un ambiente m\u00e1s seco y estable.<\/p>\n<p>El <strong>domingo <\/strong>el tiempo se mantendr\u00e1 inestable, con<strong> lluvias abundantes.<\/strong><\/p>\n<p>*Sigue las \u00faltimas noticias sobre El tiempo y la previsi\u00f3n meteorol\u00f3gica en <a href=\"https:\/\/www.rtve.es\/eltiempo\/\" target=\"_blank\" rel=\"nofollow noopener\">RTVE.es<\/a><\/p>\n","protected":false},"excerpt":{"rendered":"La borrasca Benjam\u00edn azota este jueves a varias comunidades aut\u00f3nomas. Cantabria y el Pa\u00eds Vasco van a activar&hellip;\n","protected":false},"author":2,"featured_media":195128,"comment_status":"","ping_status":"","sticky":false,"template":"","format":"standard","meta":{"footnotes":""},"categories":[8],"tags":[17,18,25,24,13,14,11,19,20,9,10,15,16,23,12,21,22],"class_list":{"0":"post-195127","1":"post","2":"type-post","3":"status-publish","4":"format-standard","5":"has-post-thumbnail","7":"category-espana","8":"tag-breaking-news","9":"tag-breakingnews","10":"tag-es","11":"tag-espana","12":"tag-featured-news","13":"tag-featurednews","14":"tag-headlines","15":"tag-latest-news","16":"tag-latestnews","17":"tag-news","18":"tag-noticias","19":"tag-noticias-destacadas","20":"tag-noticiasdestacadas","21":"tag-spain","22":"tag-titulares","23":"tag-ultimas-noticias","24":"tag-ultimasnoticias"},"share_on_mastodon":{"url":"","error":""},"_links":{"self":[{"href":"https:\/\/www.europesays.com\/es\/wp-json\/wp\/v2\/posts\/195127","targetHints":{"allow":["GET"]}}],"collection":[{"href":"https:\/\/www.europesays.com\/es\/wp-json\/wp\/v2\/posts"}],"about":[{"href":"https:\/\/www.europesays.com\/es\/wp-json\/wp\/v2\/types\/post"}],"author":[{"embeddable":true,"href":"https:\/\/www.europesays.com\/es\/wp-json\/wp\/v2\/users\/2"}],"replies":[{"embeddable":true,"href":"https:\/\/www.europesays.com\/es\/wp-json\/wp\/v2\/comments?post=195127"}],"version-history":[{"count":0,"href":"https:\/\/www.europesays.com\/es\/wp-json\/wp\/v2\/posts\/195127\/revisions"}],"wp:featuredmedia":[{"embeddable":true,"href":"https:\/\/www.europesays.com\/es\/wp-json\/wp\/v2\/media\/195128"}],"wp:attachment":[{"href":"https:\/\/www.europesays.com\/es\/wp-json\/wp\/v2\/media?parent=195127"}],"wp:term":[{"taxonomy":"category","embeddable":true,"href":"https:\/\/www.europesays.com\/es\/wp-json\/wp\/v2\/categories?post=195127"},{"taxonomy":"post_tag","embeddable":true,"href":"https:\/\/www.europesays.com\/es\/wp-json\/wp\/v2\/tags?post=195127"}],"curies":[{"name":"wp","href":"https:\/\/api.w.org\/{rel}","templated":true}]}}