{"id":195133,"date":"2025-10-23T03:25:09","date_gmt":"2025-10-23T03:25:09","guid":{"rendered":"https:\/\/www.europesays.com\/es\/195133\/"},"modified":"2025-10-23T03:25:09","modified_gmt":"2025-10-23T03:25:09","slug":"navalon-ahora-parto-de-cero-y-dispuesto-a-escuchar-ofertas","status":"publish","type":"post","link":"https:\/\/www.europesays.com\/es\/195133\/","title":{"rendered":"Naval\u00f3n: \u00abAhora parto de cero y dispuesto a escuchar ofertas\u00bb"},"content":{"rendered":"<p>La relaci\u00f3n profesional de Samuel Naval\u00f3n con su apoderado Nemesio Mat\u00edas termin\u00f3 el pasado martes. Una vinculaci\u00f3n laboral que comenz\u00f3 en su todav\u00eda etapa como novillero sin picadores, escalaf\u00f3n al que se incorpor\u00f3 el 18 de agosto de 2023, para en apenas 13 meses, tomar la alternativa con triunfo en Albacete el 14 de septiembre de 2024, y quince d\u00edas despu\u00e9s confirmarla en Madrid, donde cort\u00f3 una importante oreja el d\u00eda de la despedida del diestro Enrique Ponce.<\/p>\n<p>El hasta ahora su apoderado Nemesio Mat\u00edas ha se\u00f1alado a La Tribuna de Albacete que se ha terminado un ciclo y ahora tiene que comenzar otro, destacando que se han hecho bien las cosas por las dos partes. Mat\u00edas ha a\u00f1adido que es momento de cambiar algunas cosas en el futuro, cambios que tendr\u00e1n que llegar de manos del pr\u00f3ximo apoderado que lleve la carrera del torero de Ayora, educado taurinamente en la escuela de Albacete. El ya exapoderado le ha deseado mucha suerte al torero, lo mejor en el futuro y que las cosas le salgan bien.<\/p>\n<p>Por su parte, Samuel Naval\u00f3n ha declarado a este diario que \u00abdurante este a\u00f1o, quiz\u00e1s no est\u00e1bamos tan a gusto que los a\u00f1os anteriores, por parte de ambos, y tras lo que ha sucedido estos d\u00edas atr\u00e1s y como hac\u00edamos todos los a\u00f1os, nos hemos reunido y hemos decidido las dos partes que lo mejor era finalizar este ciclo. Por mi parte, le estoy muy agradecido a Nemesio porque todo lo que hemos podido realizar ha sido gracias a todo el equipo y a la relaci\u00f3n que hemos tenido ambos. El ciclo de novillero ha sido maravilloso ya que me hizo novillero con picadores, durante dos medias temporadas, luego la alternativa so\u00f1ada y la confirmaci\u00f3n en Madrid, de mucha apuesta que decidimos hacer ambos, asumiendo el riesgo que ten\u00edan esos dos retos tan importantes que gracias a Dios salieron bien. S\u00f3lo tengo palabras de agradecimiento y a partir de ahora cada uno har\u00e1 su camino, quedando el cari\u00f1o que nos hemos tenido. En cualquier apoderamiento, la relaci\u00f3n es como la de una pareja, las decisiones que se tomen tienen que ser de mutuo acuerdo y cuando las cosas salen bien es tanto por el trabajo del apoderado como del torero y hasta el d\u00eda de hoy ha habido cosas importantes que han sido tanto por el trabajo de Nemesio y por la dedicaci\u00f3n que le pongo a mi profesi\u00f3n. Ojal\u00e1 que en los pr\u00f3ximos apoderamientos pueda ser de la misma manera\u00bb.<\/p>\n<p>En cuanto a si le han hecho alguna oferta, Samuel es sincero: \u00ab Cuando me reun\u00ed con Nemesio no hab\u00eda visto a nadie ni nada por detr\u00e1s, ya que no es algo que encaje con mi manera de ser, adem\u00e1s ahora mi mente est\u00e1 centrada en mi recuperaci\u00f3n, la ilusi\u00f3n y la fuerza interior para seguir adelante y esto no era una cosa que me preocupase, siempre pensando que deb\u00eda de haber un cambio ya que las cosas no estaban bien. A partir de ahora parto de cero y dispuesto a escuchar las ofertas que vengan, que por el momento no han llegado, aunque creo que pueden llegar y estoy ilusionado en este nuevo camino, una etapa que ser\u00e1 bonita y ojal\u00e1 que pueda tomar decisiones que puedan ser beneficiosas para m\u00ed\u00bb.<\/p>\n<p>M\u00e1s informaci\u00f3n en la edici\u00f3n impresa y en la APP de La Tribuna de Albacete https:\/\/latribunadealbacete.promecal.es\u00a0<\/p>\n","protected":false},"excerpt":{"rendered":"La relaci\u00f3n profesional de Samuel Naval\u00f3n con su apoderado Nemesio Mat\u00edas termin\u00f3 el pasado martes. Una vinculaci\u00f3n laboral&hellip;\n","protected":false},"author":2,"featured_media":195134,"comment_status":"","ping_status":"","sticky":false,"template":"","format":"standard","meta":{"footnotes":""},"categories":[277],"tags":[2545,373,168,27080,25,24,205,23,167,625,374],"class_list":{"0":"post-195133","1":"post","2":"type-post","3":"status-publish","4":"format-standard","5":"has-post-thumbnail","7":"category-toreo","8":"tag-albacete","9":"tag-bullfighting","10":"tag-deportes","11":"tag-enrique-ponce","12":"tag-es","13":"tag-espana","14":"tag-madrid","15":"tag-spain","16":"tag-sports","17":"tag-tauromaquia","18":"tag-toreo"},"share_on_mastodon":{"url":"https:\/\/pubeurope.com\/@es\/115421349363076997","error":""},"_links":{"self":[{"href":"https:\/\/www.europesays.com\/es\/wp-json\/wp\/v2\/posts\/195133","targetHints":{"allow":["GET"]}}],"collection":[{"href":"https:\/\/www.europesays.com\/es\/wp-json\/wp\/v2\/posts"}],"about":[{"href":"https:\/\/www.europesays.com\/es\/wp-json\/wp\/v2\/types\/post"}],"author":[{"embeddable":true,"href":"https:\/\/www.europesays.com\/es\/wp-json\/wp\/v2\/users\/2"}],"replies":[{"embeddable":true,"href":"https:\/\/www.europesays.com\/es\/wp-json\/wp\/v2\/comments?post=195133"}],"version-history":[{"count":0,"href":"https:\/\/www.europesays.com\/es\/wp-json\/wp\/v2\/posts\/195133\/revisions"}],"wp:featuredmedia":[{"embeddable":true,"href":"https:\/\/www.europesays.com\/es\/wp-json\/wp\/v2\/media\/195134"}],"wp:attachment":[{"href":"https:\/\/www.europesays.com\/es\/wp-json\/wp\/v2\/media?parent=195133"}],"wp:term":[{"taxonomy":"category","embeddable":true,"href":"https:\/\/www.europesays.com\/es\/wp-json\/wp\/v2\/categories?post=195133"},{"taxonomy":"post_tag","embeddable":true,"href":"https:\/\/www.europesays.com\/es\/wp-json\/wp\/v2\/tags?post=195133"}],"curies":[{"name":"wp","href":"https:\/\/api.w.org\/{rel}","templated":true}]}}