{"id":195139,"date":"2025-10-23T03:31:09","date_gmt":"2025-10-23T03:31:09","guid":{"rendered":"https:\/\/www.europesays.com\/es\/195139\/"},"modified":"2025-10-23T03:31:09","modified_gmt":"2025-10-23T03:31:09","slug":"el-tizona-domina-al-zaragoza-78-92-y-se-cita-con-el-leyma-coruna-en-octavos-de-final-de-la-copa","status":"publish","type":"post","link":"https:\/\/www.europesays.com\/es\/195139\/","title":{"rendered":"El Tizona domina al Zaragoza (78-92) y se cita con el Leyma Coru\u00f1a en octavos de final de la Copa"},"content":{"rendered":"<p>El Grupo Ureta Tizona ha superado sin complicaciones a un equipo de una categor\u00eda inferior como es el CB Zaragoza (78-92) para clasificarse a los octavos de final de la Copa Espa\u00f1a FEB, que en la presente edici\u00f3n estrena formato.<\/p>\n<p>El club burgal\u00e9s, que ven\u00eda de sufrir tres derrotas seguidas en la liga, se ha olvidado de esa mala din\u00e1mica ganando en el Pabell\u00f3n Siglo XXI de Zaragoza. Ha conseguido as\u00ed su clasificaci\u00f3n para los octavos de final, que se disputar\u00e1n a mediados de noviembre y en los que se enfrentar\u00e1, de nuevo a domicilio, a un Leyma Coru\u00f1a al que recibir\u00e1 tambi\u00e9n este fin de semana en la jornada 5 de Primera FEB.<\/p>\n<p>Rodrigo Seoane ha sido el m\u00e1ximo anotador del conjunto visitante (18 puntos), que ha contado con una rotaci\u00f3n m\u00e1s corta de lo habitual al no contar con tres jugadores: Marquis Jackson, Totte Alonso y Felix Terins.<\/p>\n<p><strong>Ficha t\u00e9cnica<\/strong><\/p>\n<p><strong>CB Zaragoza:<\/strong> Okeke (7), Alvarado (7), Zhao (12), Aso (4) y Gatell (7) -quinteto titular- Knowles (2), Mu\u00f1oz (4), Arjol (17), Casado (0), Jim\u00e9nez (14), Colom (4) y Aragon\u00e9s (-).<\/p>\n<p><strong>CB TIzona:<\/strong> Ayoze Alonso (4), Rodrigo Seoane (18), Gabriel Gil (13), Arnau Parrado (16) y Javonte Brown (7)<br \/>-quinteto titular-, Ram\u00f3n Vil\u00e0 (11), Andy Huelves (8), Jan Zidek (7) y Gerard Jofresa (8).<\/p>\n<p><strong>Parciales:<\/strong> 10-26, 21-25 (31-51), 20-20 (51-71) y 27-21 (78-92).<\/p>\n<p><strong>Incidencias:<\/strong> Eliminatoria de la Copa Espa\u00f1a FEB disputada en el Pabell\u00f3n SIglo XXI de Zaragoza.<\/p>\n","protected":false},"excerpt":{"rendered":"El Grupo Ureta Tizona ha superado sin complicaciones a un equipo de una categor\u00eda inferior como es el&hellip;\n","protected":false},"author":2,"featured_media":195140,"comment_status":"","ping_status":"","sticky":false,"template":"","format":"standard","meta":{"footnotes":""},"categories":[269],"tags":[299,298,29062,168,25,24,14097,3917,23,167],"class_list":{"0":"post-195139","1":"post","2":"type-post","3":"status-publish","4":"format-standard","5":"has-post-thumbnail","7":"category-baloncesto","8":"tag-baloncesto","9":"tag-basketball","10":"tag-cb-tizona","11":"tag-deportes","12":"tag-es","13":"tag-espana","14":"tag-leyma-coruna","15":"tag-primera-feb","16":"tag-spain","17":"tag-sports"},"share_on_mastodon":{"url":"https:\/\/pubeurope.com\/@es\/115421373211240251","error":""},"_links":{"self":[{"href":"https:\/\/www.europesays.com\/es\/wp-json\/wp\/v2\/posts\/195139","targetHints":{"allow":["GET"]}}],"collection":[{"href":"https:\/\/www.europesays.com\/es\/wp-json\/wp\/v2\/posts"}],"about":[{"href":"https:\/\/www.europesays.com\/es\/wp-json\/wp\/v2\/types\/post"}],"author":[{"embeddable":true,"href":"https:\/\/www.europesays.com\/es\/wp-json\/wp\/v2\/users\/2"}],"replies":[{"embeddable":true,"href":"https:\/\/www.europesays.com\/es\/wp-json\/wp\/v2\/comments?post=195139"}],"version-history":[{"count":0,"href":"https:\/\/www.europesays.com\/es\/wp-json\/wp\/v2\/posts\/195139\/revisions"}],"wp:featuredmedia":[{"embeddable":true,"href":"https:\/\/www.europesays.com\/es\/wp-json\/wp\/v2\/media\/195140"}],"wp:attachment":[{"href":"https:\/\/www.europesays.com\/es\/wp-json\/wp\/v2\/media?parent=195139"}],"wp:term":[{"taxonomy":"category","embeddable":true,"href":"https:\/\/www.europesays.com\/es\/wp-json\/wp\/v2\/categories?post=195139"},{"taxonomy":"post_tag","embeddable":true,"href":"https:\/\/www.europesays.com\/es\/wp-json\/wp\/v2\/tags?post=195139"}],"curies":[{"name":"wp","href":"https:\/\/api.w.org\/{rel}","templated":true}]}}