{"id":195143,"date":"2025-10-23T03:33:24","date_gmt":"2025-10-23T03:33:24","guid":{"rendered":"https:\/\/www.europesays.com\/es\/195143\/"},"modified":"2025-10-23T03:33:24","modified_gmt":"2025-10-23T03:33:24","slug":"isa-pantoja-rehuye-las-preguntas-sobre-la-ruptura-de-kiko-e-irene-rosales","status":"publish","type":"post","link":"https:\/\/www.europesays.com\/es\/195143\/","title":{"rendered":"Isa Pantoja reh\u00faye las preguntas sobre la ruptura de Kiko e Irene Rosales"},"content":{"rendered":"<p data-start=\"370\" data-end=\"837\"><strong>Isa Pantoja<\/strong> ha regresado este mi\u00e9rcoles a Madrid acompa\u00f1ada de su marido, <strong>Asraf Beno<\/strong>, tras unos d\u00edas de descanso fuera de Espa\u00f1a. A su llegada al aeropuerto, la joven ha sido recibida por varios periodistas y reporteros que esperaban su reacci\u00f3n ante la noticia que marca la actualidad del coraz\u00f3n: la entrevista exclusiva de Irene Rosales, su ya ex cu\u00f1ada, en la que rompe su silencio y explica <a href=\"https:\/\/okdiario.com\/look\/actualidad\/irene-rosales-rompe-silencio-fechas-exactas-momentos-mas-duros-acuerdo-separacion-2407803\" rel=\"nofollow noopener\" target=\"_blank\">los verdaderos motivos de su separaci\u00f3n de Kiko Rivera.<\/a> Sin embargo, lejos de aprovechar el momento para posicionarse, Isa ha optado por una postura firme y contenida. \u00ab<strong data-start=\"952\" data-end=\"993\">Lo siento chicos, no voy a decir nada\u00bb<\/strong>, ha respondido con calma cuando los micr\u00f3fonos se acercaban a ella. Con esa \u00fanica frase, ha dejado claro que no tiene intenci\u00f3n de pronunciarse sobre un asunto tan delicado para su familia.<\/p>\n<p data-start=\"1188\" data-end=\"1738\"><strong>Durante los breves minutos que ha durado su paso por la terminal, la hija de Isabel Pantoja ha mantenido una actitud serena<\/strong>, evitando entrar en pol\u00e9micas o comentarios que pudieran alimentar la tormenta medi\u00e1tica que rodea a su hermano. Los periodistas han insistido, pregunt\u00e1ndole por la entrevista de Irene y tambi\u00e9n por <a href=\"https:\/\/okdiario.com\/look\/actualidad\/kiko-rivera-confiesa-que-no-cuadran-fechas-conocerse-romance-irene-rosales-2403666\" rel=\"nofollow noopener\" target=\"_blank\">la posibilidad de que Kiko atraviese un momento complicado en relaci\u00f3n con sus antiguas adicciones.<\/a> Isa, sin alterar el gesto, ha vuelto a hacer o\u00eddos sordos y ha seguido caminando del brazo de Asraf, centrada en su viaje y en su vida personal.<\/p>\n<p>\n<img decoding=\"async\" loading=\"lazy\" class=\"size-full wp-image-2408328\" alt=\"Isa Pantoja en el Aeropuerto Adolfo Su\u00e1rez Madrid-Barajas. (Foto: Gtres)\" width=\"1800\" height=\"1006\"  src=\"https:\/\/www.europesays.com\/es\/wp-content\/uploads\/2025\/10\/placeholder.jpg\"  bad-src=\"https:\/\/www.europesays.com\/es\/wp-content\/uploads\/2025\/10\/placeholder.jpg\"\/><\/p>\n<p><img decoding=\"async\" loading=\"lazy\" class=\"size-full wp-image-2408328\" src=\"https:\/\/www.europesays.com\/es\/wp-content\/uploads\/2025\/10\/captura-de-pantalla-2025-10-22-163903.jpg\" alt=\"Isa Pantoja en el Aeropuerto Adolfo Su\u00e1rez Madrid-Barajas. (Foto: Gtres)\" width=\"1800\" height=\"1006\"  \/><\/p>\n<p> Isa Pantoja en el Aeropuerto Adolfo Su\u00e1rez Madrid-Barajas. (Foto: Gtres)\n<\/p>\n<p data-start=\"215\" data-end=\"977\">La \u00fanica concesi\u00f3n que Isa ha hecho a la prensa ha sido al hablar de su prima <strong data-start=\"285\" data-end=\"303\">Anabel Pantoja<\/strong>, recientemente incorporada a Bailando con las estrellas. En ese momento, su expresi\u00f3n se ha suavizado y, con una sonrisa contenida, ha dicho: \u00abMe alegro mucho por ella, se lo merece. Ojal\u00e1 gane\u00bb. Ha sido su \u00fanica respuesta amable del d\u00eda y, a la vez, una pista clara de que <strong data-start=\"562\" data-end=\"643\">Anabel es la \u00fanica persona de su familia con la que mantiene un trato cercano<\/strong>. En medio del <a href=\"https:\/\/okdiario.com\/look\/actualidad\/mensaje-anabel-pantoja-belen-esteban-reencuentro-tono-sanchis-hara-justicia-2402080\" rel=\"nofollow noopener\" target=\"_blank\">distanciamiento que la separa de su madre y de su hermano Kiko,<\/a> Isa ha querido dejar claro, sin decirlo abiertamente, que solo su prima conserva un lugar en su c\u00edrculo m\u00e1s \u00edntimo.<\/p>\n<p>Irene Rosales aclara los motivos de su separaci\u00f3n de Kiko Rivera<\/p>\n<p data-start=\"2199\" data-end=\"2714\">El silencio de Isa contrasta con la actitud de Irene Rosales, quien este mi\u00e9rcoles ha sido protagonista de la portada de una conocida revista de actualidad. En una extensa entrevista, Irene habla abiertamente de su separaci\u00f3n de Kiko Rivera tras diez a\u00f1os de relaci\u00f3n y dos hijas en com\u00fan. Niega cualquier infidelidad, reconoce que el matrimonio se deterior\u00f3 porque, en sus palabras, \u00ab<strong data-start=\"2584\" data-end=\"2616\">he sido m\u00e1s madre que esposa\u00bb<\/strong>\u00a0y confiesa que, durante a\u00f1os, prioriz\u00f3 la maternidad y el cuidado familiar frente a la pareja.<\/p>\n<blockquote class=\"instagram-media\" style=\"background: #FFF; border: 0; border-radius: 3px; box-shadow: 0 0 1px 0 rgba(0,0,0,0.5),0 1px 10px 0 rgba(0,0,0,0.15); margin: 1px; max-width: 540px; min-width: 326px; padding: 0; width: calc(100% - 2px);\" data-instgrm-captioned=\"\" data-instgrm-permalink=\"https:\/\/www.instagram.com\/reel\/DQGVfsBCKGa\/?utm_source=ig_embed&amp;utm_campaign=loading\" data-instgrm-version=\"14\">\n<\/blockquote>\n<p data-start=\"2716\" data-end=\"3076\">Rosales tambi\u00e9n reflexiona sobre la p\u00e9rdida de su madre, un golpe que la dej\u00f3 emocionalmente exhausta, y sobre<strong> la compleja relaci\u00f3n con la familia Pantoja, a la que define como \u00abdistante\u00bb.<\/strong> Adem\u00e1s, ha confirmado que est\u00e1 iniciando una nueva relaci\u00f3n con un empresario sevillano llamado Guillermo, con quien asegura mantener una conexi\u00f3n \u00abtranquila y sincera\u00bb.<\/p>\n<p>\t\t\t\t\t\t\t<script async src=\"\/\/www.instagram.com\/embed.js\"><\/script><\/p>\n","protected":false},"excerpt":{"rendered":"Isa Pantoja ha regresado este mi\u00e9rcoles a Madrid acompa\u00f1ada de su marido, Asraf Beno, tras unos d\u00edas de&hellip;\n","protected":false},"author":2,"featured_media":195144,"comment_status":"","ping_status":"","sticky":false,"template":"","format":"standard","meta":{"footnotes":""},"categories":[174],"tags":[255,146,147,25,24,256,4477,23],"class_list":{"0":"post-195143","1":"post","2":"type-post","3":"status-publish","4":"format-standard","5":"has-post-thumbnail","7":"category-famosos","8":"tag-celebrities","9":"tag-entertainment","10":"tag-entretenimiento","11":"tag-es","12":"tag-espana","13":"tag-famosos","14":"tag-isa-pantoja","15":"tag-spain"},"share_on_mastodon":{"url":"https:\/\/pubeurope.com\/@es\/115421381004988266","error":""},"_links":{"self":[{"href":"https:\/\/www.europesays.com\/es\/wp-json\/wp\/v2\/posts\/195143","targetHints":{"allow":["GET"]}}],"collection":[{"href":"https:\/\/www.europesays.com\/es\/wp-json\/wp\/v2\/posts"}],"about":[{"href":"https:\/\/www.europesays.com\/es\/wp-json\/wp\/v2\/types\/post"}],"author":[{"embeddable":true,"href":"https:\/\/www.europesays.com\/es\/wp-json\/wp\/v2\/users\/2"}],"replies":[{"embeddable":true,"href":"https:\/\/www.europesays.com\/es\/wp-json\/wp\/v2\/comments?post=195143"}],"version-history":[{"count":0,"href":"https:\/\/www.europesays.com\/es\/wp-json\/wp\/v2\/posts\/195143\/revisions"}],"wp:featuredmedia":[{"embeddable":true,"href":"https:\/\/www.europesays.com\/es\/wp-json\/wp\/v2\/media\/195144"}],"wp:attachment":[{"href":"https:\/\/www.europesays.com\/es\/wp-json\/wp\/v2\/media?parent=195143"}],"wp:term":[{"taxonomy":"category","embeddable":true,"href":"https:\/\/www.europesays.com\/es\/wp-json\/wp\/v2\/categories?post=195143"},{"taxonomy":"post_tag","embeddable":true,"href":"https:\/\/www.europesays.com\/es\/wp-json\/wp\/v2\/tags?post=195143"}],"curies":[{"name":"wp","href":"https:\/\/api.w.org\/{rel}","templated":true}]}}