{"id":195147,"date":"2025-10-23T03:35:08","date_gmt":"2025-10-23T03:35:08","guid":{"rendered":"https:\/\/www.europesays.com\/es\/195147\/"},"modified":"2025-10-23T03:35:08","modified_gmt":"2025-10-23T03:35:08","slug":"un-libro-pone-el-foco-en-la-vida-y-la-obra-de-federico-moura-este-jueves-se-cumplen-74-anos-de-su-nacimiento","status":"publish","type":"post","link":"https:\/\/www.europesays.com\/es\/195147\/","title":{"rendered":"Un libro pone el foco en la vida y la obra de Federico Moura | Este jueves se cumplen 74 a\u00f1os de su nacimiento"},"content":{"rendered":"<p>Este jueves 23 de octubre, se cumplen 74 a\u00f1os del natalicio de Federico Moura, cuyo genio y figura siguen estando vigentes. De eso puede dar fe la primera biograf\u00eda enfocada totalmente en \u00e9l: <b>Perfecto, hermoso, veloz, luminoso<\/b>, escrita por <b>Gustavo Bove <\/b>y publicada en septiembre \u00faltimo por la editorial Sudamericana. \u201cHice el libro porque no exist\u00eda una biograf\u00eda de Federico, lo que hab\u00eda era un libro que compilaba entrevistas suyas (tambi\u00e9n hay que sumar Iron\u00eda y romanticismo, de Juan Bautista Duizeide, basado en el m\u00fasico)\u201d, aclara el periodista. \u201cSu vida fue relatada en cuentagotas en los libros de Virus (se refiere a Una generaci\u00f3n, de Fernando S\u00e1nchez y Daniel Riera; y la hom\u00f3nima biograf\u00eda de Marcelo Moura). Tras leerlos, me quedaba con ganas de saber m\u00e1s de \u00e9l. Era una persona muy rica en cuanto a historia\u201d. <\/p>\n<p>&#8211;<b>Es lo m\u00e1s cercano a una biograf\u00eda oficial. \u00bfQui\u00e9n te dio la bendici\u00f3n para hacerla?<\/b><\/p>\n<p>-Su hermano Marcelo era vecino m\u00edo, y siempre nos cruz\u00e1bamos por el barrio. Hasta que un d\u00eda le dije que faltaba una buena biograf\u00eda de Federico. Entonces me respondi\u00f3: \u201cGenial, ponete a hacerla. Ten\u00e9s nuestro apoyo\u201d. Y ah\u00ed empec\u00e9 a descubrir a un personaje fascinante. Un tipo que estudi\u00f3 arquitectura, que estuvo en el silo\u00edsimo, que en plena dictadura ya hab\u00eda escuchado a los <b>Sex Pistols<\/b> y a <b>David Bowie<\/b>, y que hab\u00eda caminado en Londres por Oxford Street. El libro tiene an\u00e9cdotas divertid\u00edsimas, como cuando conoci\u00f3 a <b>Keith Moon<\/b> (baterista del grupo <b>The Who<\/b>). Tambi\u00e9n jugaba muy bien al f\u00fatbol y al rugby, y dise\u00f1\u00f3 ropa moderna de hombre en un momento en que eso no exist\u00eda ac\u00e1. Algo que adem\u00e1s resalto es que Federico no era vanguardista, sino contempor\u00e1neo. <\/p>\n<p><b>-\u00bfA qu\u00e9 te refer\u00eds con esa diferenciaci\u00f3n? <\/b><\/p>\n<p>-Que sus colegas se dedicaran a vivir en el pasado no quer\u00eda decir que \u00e9l estuviera adelantado. Otra cosa que me di cuenta en las entrevistas que le hicieron es que hab\u00eda miedo a la hora de hablar de su sexualidad. Mi intenci\u00f3n fue hacer un libro period\u00edstico, contar una verdad: <b>su parte humana, sus miserias y sus logros art\u00edsticos, que fueron incre\u00edbles<\/b>. Lo que s\u00ed tem\u00ed es que se volviera un libro amarillista, y en eso me ayud\u00f3 mucho Nacho Iraola, quien fue una especie de consultor y editor. Llegamos a buen puerto. <\/p>\n<p><b>-Ahora que lo mencionaste, \u00bfc\u00f3mo manejaste el tema de su orientaci\u00f3n sexual? <\/b><\/p>\n<p>-Fue icono dentro de lo que hoy se puede conocer como las libertades sexuales. En ese sentido, un chico que se est\u00e1 definiendo sexualmente, encontrar\u00e1 en Federico una gran referencia. Imaginate que \u00e9l lo hizo hace 60 a\u00f1os, en otro contexto de pa\u00eds, donde no hab\u00eda clubes gays. Para soltarse sexualmente, y como ac\u00e1 no pod\u00eda mostrarse abiertamente en pareja, viajaba a R\u00edo de Janeiro. \u00c9l tuvo sus parejas en Brasil y Argentina. <b>En los a\u00f1os 70 y 80, ser gay en nuestro pa\u00eds era repudiado y tener sida era algo parecido a ser un asesino serial. <\/b><\/p>\n<p>&#8211;<b>Poco se habla sobre ese tiempo en el que Federico Moura convivi\u00f3 con el VIH. <\/b><\/p>\n<p>-Y es que esa etapa no hab\u00eda sido investigada. En el libro hay cosas desgarradoras, como que Federico estaba muy angustiado porque su madre no se le acercaba por tener VIH. La gente no sab\u00eda c\u00f3mo tratarlo. \u00c9l iba al hospital con el hermano, y el m\u00e9dico le daba la mano a Marcelo por temor a contagiarse. \u00c9l muri\u00f3 de un paro cardiorrespiratorio; estaba pesando 36 kilos. Quise mostrar lo que era morir de esa enfermedad en ese momento, porque a\u00fan sigue siendo un tema tab\u00fa. <\/p>\n<p>Perfecto, hermoso, veloz, luminoso (t\u00edtulo tomado de un pasaje de \u201cLuna de miel en la mano\u201d, hit de Virus) est\u00e1 conformado por 18 cap\u00edtulos planteados como microhistorias. \u201cObviamente, todas est\u00e1n concatenadas\u201d, advierte Bove, autor asimismo de los libros biogr\u00e1ficos Conversaciones \u00edntimas, en el que repasa la vida de <b>Gustavo Cerati<\/b>; y El Jefe, fundamentado en <b>Miguel Mateos<\/b>. \u201cLo que cont\u00e9 fue la vida de Federico, no de Virus. Un cap\u00edtulo que me gusta es el de la pelea entre \u00e9l y Luca Prodan, y tambi\u00e9n el de la \u00e9poca en la que produjo el primer disco de Soda Stereo. Si bien el libro tiene un orden cronol\u00f3gico, arranqu\u00e9 por ah\u00ed porque cuando se grab\u00f3 ese disco hac\u00eda tres meses que est\u00e1bamos en democracia. Creo que todas sus facetas quedaron bien representadas\u201d. <\/p>\n<p><b>-Este s\u00e1bado se cumplen 40 a\u00f1os de la salida de \u00abLocura\u00bb. \u00bfTe parece el disco definitivo de Virus? <\/b><\/p>\n<p>-Locura es una obra maestra (Bove lo estar\u00e1 revisitando junto a <b>Marcelo Moura <\/b>este viernes, a las 19 hs, en la sala Artlab, como parte del ciclo Audi\u00f3filo). Hasta su aparici\u00f3n, el rock argentino nunca hab\u00eda llegado a ese nivel de finesa y sofisticaci\u00f3n. Es m\u00e1s org\u00e1nico que su antecesor, <b>Relax<\/b>, en el que ya Federico hab\u00eda tomado la batuta de lo que iba a ser Virus. Locura es donde la banda est\u00e1 a punto de caramelo: todos est\u00e1n componiendo bien, el grupo suena incre\u00edble y Federico est\u00e1 en un momento top en cuanto a inspiraci\u00f3n. Ese disco es una m\u00e1quina de hits. Ah\u00ed ten\u00e9s \u201cPronta entrega\u201d, \u201cSin disfraz\u201d, \u201cTomo lo que encuentro\u201d, \u201cPecado para dos\u201d, \u201cDestino circular\u201d y \u201cDicha feliz\u201d, que para m\u00ed es una de las mejores canciones del rock argentino. Y letr\u00edsticamente, tiene hallazgos incre\u00edbles. <\/p>\n<p><b>-Aparte de las letras que hizo Federico, \u201cLuna de miel en la mano\u201d la escribi\u00f3 el pintor Eduardo Costa, en tanto el soci\u00f3logo y artista conceptual Roberto Jacoby firm\u00f3 el resto, como \u201cSin disfraz\u201d, toda una oda al homoerotismo. <\/b><\/p>\n<p>-Habl\u00e9 mucho con Jacoby sobre el mecanismo que ten\u00edan para componer.  \u00c9l me dijo que Federico ven\u00eda con la idea, y juntos armaban la letra. No eran todas letras de Jacoby, como se cree. Mientras que Eduardo Costa me cont\u00f3 que Federico quer\u00eda hacer una canci\u00f3n que hablara sobre la masturbaci\u00f3n, y se acord\u00f3 de un pasaje de la novela <b>Ulises, de James Joyce <\/b>(\u201cA cada cual su esposa o una luna de miel en la mano\u201d). <\/p>\n<p>&#8211;<b>El otrora frontman de Virus y Charly Garc\u00eda comparten la misma fecha de nacimiento. \u00bfC\u00f3mo era la relaci\u00f3n entre ellos dos?<\/b><\/p>\n<p>-Se conocieron en la casa de Federico, por una sesi\u00f3n de fotos que hizo Andy Cherniavsky en 1985, m\u00e1s o menos. Charly siempre tuvo muy buena onda con \u00e9l. Para m\u00ed la gran an\u00e9cdota del libro tiene que ver con ambos. Federico le ten\u00eda prohibido a su familia y a su entorno contar que ten\u00eda VIH, y en esos d\u00edas estaba Adriana San Rom\u00e1n en la casa de Charly, y ella medio que se pone a llorar. \u00c9l le pregunt\u00f3 qu\u00e9 le pasaba, y ella le respondi\u00f3 que no pod\u00eda contarlo. Pero al final le dijo que Federico se estaba muriendo. \u00bfSab\u00e9s lo que hizo Charly? La agarr\u00f3 de la mano, salieron del departamento de Coronel D\u00edaz y Santa Fe, tomaron un taxi, y fueron hasta la casa de Federico en San Telmo. Charly se meti\u00f3 hasta su pieza, y le dio un chup\u00f3n en la boca, en una \u00e9poca en la que poco se sab\u00eda del sida. As\u00ed era el afecto que se ten\u00edan.\u00a0<\/p>\n","protected":false},"excerpt":{"rendered":"Este jueves 23 de octubre, se cumplen 74 a\u00f1os del natalicio de Federico Moura, cuyo genio y figura&hellip;\n","protected":false},"author":2,"featured_media":195148,"comment_status":"","ping_status":"","sticky":false,"template":"","format":"standard","meta":{"footnotes":""},"categories":[172],"tags":[224,146,147,25,24,225,185,23],"class_list":{"0":"post-195147","1":"post","2":"type-post","3":"status-publish","4":"format-standard","5":"has-post-thumbnail","7":"category-libros","8":"tag-books","9":"tag-entertainment","10":"tag-entretenimiento","11":"tag-es","12":"tag-espana","13":"tag-libros","14":"tag-musica","15":"tag-spain"},"share_on_mastodon":{"url":"https:\/\/pubeurope.com\/@es\/115421388673499453","error":""},"_links":{"self":[{"href":"https:\/\/www.europesays.com\/es\/wp-json\/wp\/v2\/posts\/195147","targetHints":{"allow":["GET"]}}],"collection":[{"href":"https:\/\/www.europesays.com\/es\/wp-json\/wp\/v2\/posts"}],"about":[{"href":"https:\/\/www.europesays.com\/es\/wp-json\/wp\/v2\/types\/post"}],"author":[{"embeddable":true,"href":"https:\/\/www.europesays.com\/es\/wp-json\/wp\/v2\/users\/2"}],"replies":[{"embeddable":true,"href":"https:\/\/www.europesays.com\/es\/wp-json\/wp\/v2\/comments?post=195147"}],"version-history":[{"count":0,"href":"https:\/\/www.europesays.com\/es\/wp-json\/wp\/v2\/posts\/195147\/revisions"}],"wp:featuredmedia":[{"embeddable":true,"href":"https:\/\/www.europesays.com\/es\/wp-json\/wp\/v2\/media\/195148"}],"wp:attachment":[{"href":"https:\/\/www.europesays.com\/es\/wp-json\/wp\/v2\/media?parent=195147"}],"wp:term":[{"taxonomy":"category","embeddable":true,"href":"https:\/\/www.europesays.com\/es\/wp-json\/wp\/v2\/categories?post=195147"},{"taxonomy":"post_tag","embeddable":true,"href":"https:\/\/www.europesays.com\/es\/wp-json\/wp\/v2\/tags?post=195147"}],"curies":[{"name":"wp","href":"https:\/\/api.w.org\/{rel}","templated":true}]}}