{"id":195159,"date":"2025-10-23T03:41:08","date_gmt":"2025-10-23T03:41:08","guid":{"rendered":"https:\/\/www.europesays.com\/es\/195159\/"},"modified":"2025-10-23T03:41:08","modified_gmt":"2025-10-23T03:41:08","slug":"jimena-blazquez-dimite-como-directora-del-caac-por-motivos-personales","status":"publish","type":"post","link":"https:\/\/www.europesays.com\/es\/195159\/","title":{"rendered":"Jimena Bl\u00e1zquez dimite como directora del CAAC por motivos personales"},"content":{"rendered":"<p style=\"\">La Consejer\u00eda de Cultura y Deporte convocar\u00e1 un concurso p\u00fablico para elegir la nueva direcci\u00f3n del<strong> Centro Andaluz de Arte Contempor\u00e1neo (CAAC)<\/strong> tras haber presentado su renuncia la actual responsable, <strong>Jimena Bl\u00e1zquez Abascal<\/strong>, quien fue nombrada hace ahora dos a\u00f1os. Dicha f\u00f3rmula  &#8230; de selecci\u00f3n se ajustar\u00e1 a las recomendaciones del Documento de Buenas Pr\u00e1cticas en Museos y Centros de Arte en Espa\u00f1a.<\/p>\n<p class=\"voc-p\" style=\"\">La consejera de Cultura y Deporte, <strong>Patricia del Pozo<\/strong>, ha agradecido a Jimena Bl\u00e1zquez Abascal \u00abla labor desempe\u00f1ada durante su etapa al frente del CAAC, reforzando su papel de referencia dentro del mapa del arte contempor\u00e1neo en Espa\u00f1a\u00bb. \u00abBajo su direcci\u00f3n, el museo ha ampliado los v\u00ednculos de la instituci\u00f3n con el contexto andaluz y ha ganado proyecci\u00f3n hacia el exterior\u00bb, ha se\u00f1alado.<\/p>\n<p class=\"voc-p\" style=\"\">Bl\u00e1zquez Abascal, que ha presentado su renuncia por motivos personales, deja la programaci\u00f3n del Centro Andaluz de Arte Contempor\u00e1neo (CAAC), en Sevilla, y del <strong>Centro de Creaci\u00f3n Contempor\u00e1nea de Andaluc\u00eda (C3A), en C\u00f3rdoba,<\/strong> cerrada para los pr\u00f3ximos a\u00f1os, garantizando la continuidad institucional, as\u00ed como la ampliaci\u00f3n del primero al Pabell\u00f3n del Siglo XV, cuya apertura est\u00e1 prevista para 2026.<\/p>\n<p class=\"voc-p\" style=\"\">En noviembre de 2023, cola historiadora del arte y coleccionista gaditana sustituy\u00f3 en el cargo a<strong> Juan Antonio \u00c1lvarez Reyes<\/strong>, quien dirig\u00eda el CAAC desde el a\u00f1o 2010. Su designaci\u00f3n provoc\u00f3 una grave crisis en el centro y una gran repercusi\u00f3n en el mundo del arte. Los integrantes de la Comisi\u00f3n T\u00e9cnica que asesoraba al CAAC dimitieron en pleno. Los especialistas -Juan Cuenca, Estrella de Diego, Francisco Jarauta Mari\u00f3n, Mar\u00eda Dolores Jim\u00e9nez-Blanco Carrillo de Albornoz, Luisa L\u00f3pez Moreno, V\u00edctor P\u00e9rez Escolano, Ana Salaberr\u00eda y Berta Sichel- expresaron a trav\u00e9s de una carta de renuncia su \u00abdesacuerdo y preocupaci\u00f3n por el procedimiento\u00bb con el que tuvo lugar el cese fulminante y la sustituci\u00f3n del anterior director.<\/p>\n<p class=\"voc-p\" style=\"\">Apenas un d\u00eda antes de esta renuncia en bloque, organizaciones del sector del arte contempor\u00e1neo en Andaluc\u00eda hab\u00edan condenado el procedimiento por el que la consejer\u00eda, entonces dirigida por Arturo Bernal, hab\u00eda elegido a la gaditana, y solicitaron la aplicaci\u00f3n de los c\u00f3digos profesionales y deontol\u00f3gicos \u00abvigentes\u00bb adem\u00e1s de instar a convocar un \u00abconcurso p\u00fablico internacional para proveer las plazas de direcci\u00f3n de las instituciones de arte contempor\u00e1neo en Andaluc\u00eda atendiendo a criterios de igualdad, transparencia y buenas pr\u00e1cticas\u00bb.<\/p>\n<p>\nLa trayectoria de Bl\u00e1zquez en el CAAC\n<\/p>\n<p class=\"voc-p\" style=\"\">En los \u00faltimos dos a\u00f1os, se ha realizado un an\u00e1lisis profundo de la colecci\u00f3n p\u00fablica de arte contempor\u00e1neo de Andaluc\u00eda, de tal forma que hoy cuenta con mayor accesibilidad digital, consulta online y documentaci\u00f3n mejorada para la investigaci\u00f3n. Al mismo tiempo, se han implementado el Plan de Salvaguarda, reforzando la seguridad y preservaci\u00f3n del patrimonio.<\/p>\n<p class=\"voc-p\" style=\"\">Bajo la direcci\u00f3n de Jimena Bl\u00e1zquez Abascal, se han producido exposiciones desde el territorio, reforzando la creaci\u00f3n contempor\u00e1nea y las colaboraciones locales. Entre ellas, destacan los proyectos con Delcy Morelos, Kader Attia, Cristina Mej\u00edas, Regina de Miguel, Sandra Poulson, Miguel Benlloch y Tablao (sobre la escena andaluza en torno a la escultura), combinando el alcance internacional y el arraigo andaluz.<\/p>\n<p class=\"voc-p\" style=\"\">Tanto el CAAC como el C3A han ofrecido una programaci\u00f3n transversal que ha incluido cine, jazz, danza, m\u00fasica y tecnolog\u00eda, aglutinando una propuesta que ha apostado por crear espacios vivos. Como resultado, ambos espacios cerraron 2024 con un 20% de visitas. En concreto, el centro sevillano recibi\u00f3 a m\u00e1s de 199.450 personas, mientras que por el espacio cordob\u00e9s pasaron m\u00e1s de 42.500 personas.<\/p>\n","protected":false},"excerpt":{"rendered":"La Consejer\u00eda de Cultura y Deporte convocar\u00e1 un concurso p\u00fablico para elegir la nueva direcci\u00f3n del Centro Andaluz&hellip;\n","protected":false},"author":2,"featured_media":195160,"comment_status":"","ping_status":"","sticky":false,"template":"","format":"standard","meta":{"footnotes":""},"categories":[91],"tags":[54185,43708,2334,8365,146,147,25,24,16498,12408,37733,23],"class_list":{"0":"post-195159","1":"post","2":"type-post","3":"status-publish","4":"format-standard","5":"has-post-thumbnail","7":"category-entretenimiento","8":"tag-blazquez","9":"tag-caac","10":"tag-dimite","11":"tag-directora","12":"tag-entertainment","13":"tag-entretenimiento","14":"tag-es","15":"tag-espana","16":"tag-jimena","17":"tag-motivos","18":"tag-personales","19":"tag-spain"},"share_on_mastodon":{"url":"https:\/\/pubeurope.com\/@es\/115421412550509258","error":""},"_links":{"self":[{"href":"https:\/\/www.europesays.com\/es\/wp-json\/wp\/v2\/posts\/195159","targetHints":{"allow":["GET"]}}],"collection":[{"href":"https:\/\/www.europesays.com\/es\/wp-json\/wp\/v2\/posts"}],"about":[{"href":"https:\/\/www.europesays.com\/es\/wp-json\/wp\/v2\/types\/post"}],"author":[{"embeddable":true,"href":"https:\/\/www.europesays.com\/es\/wp-json\/wp\/v2\/users\/2"}],"replies":[{"embeddable":true,"href":"https:\/\/www.europesays.com\/es\/wp-json\/wp\/v2\/comments?post=195159"}],"version-history":[{"count":0,"href":"https:\/\/www.europesays.com\/es\/wp-json\/wp\/v2\/posts\/195159\/revisions"}],"wp:featuredmedia":[{"embeddable":true,"href":"https:\/\/www.europesays.com\/es\/wp-json\/wp\/v2\/media\/195160"}],"wp:attachment":[{"href":"https:\/\/www.europesays.com\/es\/wp-json\/wp\/v2\/media?parent=195159"}],"wp:term":[{"taxonomy":"category","embeddable":true,"href":"https:\/\/www.europesays.com\/es\/wp-json\/wp\/v2\/categories?post=195159"},{"taxonomy":"post_tag","embeddable":true,"href":"https:\/\/www.europesays.com\/es\/wp-json\/wp\/v2\/tags?post=195159"}],"curies":[{"name":"wp","href":"https:\/\/api.w.org\/{rel}","templated":true}]}}