{"id":195163,"date":"2025-10-23T03:43:07","date_gmt":"2025-10-23T03:43:07","guid":{"rendered":"https:\/\/www.europesays.com\/es\/195163\/"},"modified":"2025-10-23T03:43:07","modified_gmt":"2025-10-23T03:43:07","slug":"las-energeticas-piden-facilitar-las-condiciones-para-que-llegue-inversion-e-impulsar-la-industria-economia","status":"publish","type":"post","link":"https:\/\/www.europesays.com\/es\/195163\/","title":{"rendered":"Las energ\u00e9ticas piden facilitar las condiciones para que llegue inversi\u00f3n e impulsar la industria | Econom\u00eda"},"content":{"rendered":"<p class=\"\">Las principales energ\u00e9ticas en Espa\u00f1a han lanzado un mensaje un\u00e1nime: se necesita facilitar las condiciones regulatorias tanto en Espa\u00f1a y Portugal como a nivel europeo para que llegue la inversi\u00f3n y eso permita impulsar la industria. Los primeros ejecutivos de Naturgy, Repsol, Moeve y EDP han coincidido este mi\u00e9rcoles en el evento Step Up Now, organizado por McKinsey &amp; Company en colaboraci\u00f3n con El PA\u00cdS, en que es necesario intensificar la colaboraci\u00f3n p\u00fablico-privada para que se incremente la inversi\u00f3n y ello permita impulsar la reindustrializaci\u00f3n.<\/p>\n<p class=\"\">El consejero delegado de Repsol, Josu Jon Imaz, ha lamentado que las pol\u00edticas en Europa en algunos momentos \u201chan podido ser ordenadas, pero no han sido muy sensatas\u201d. Seg\u00fan ha criticado, se ha puesto por delante la descarbonizaci\u00f3n respecto del desarrollo y la competitividad, que genera bienestar social, ya que la industria crea puestos altamente cualificados. <\/p>\n<p class=\"\">Las palabras de Imaz han sido suscritas por Francisco Reyn\u00e9s, presidente ejecutivo de Naturgy. Reyn\u00e9s ha hecho un diagn\u00f3stico preocupante, en el que ha se\u00f1alado que el peso de la industria en Europa no ha parado de caer con respecto a pa\u00edses como Estados Unidos. Por ello, el primer espada de la gasista ha pedido \u201cuna colaboraci\u00f3n p\u00fablico-privada distinta a la que hay actualmente\u201d. Seg\u00fan ha expresado, esta colaboraci\u00f3n debe pasar por que la Administraci\u00f3n ponga las condiciones y el sector privado se comprometa a invertir y desarrollar los proyectos. <\/p>\n<p class=\"\">El presidente de Naturgy ha recordado a los agentes p\u00fablicos que sus compa\u00f1\u00edas son multinacionales que tienen muy diversos proyectos en distintos \u00e1mbitos y en distintos pa\u00edses. En este sentido, ha advertido que est\u00e1n obligados a invertir en aquellos proyectos que les son m\u00e1s atractivos, por lo que si no encuentran las condiciones en determinados \u00e1mbitos tienen que apostar por otros. \u201cEstamos obligados a hacer una asignaci\u00f3n del capital lo m\u00e1s \u00f3ptima posible\u201d. \u201cHay que invertir mucho y lo que hay que hacer es generar las condiciones razonables para que se decida invertir aqu\u00ed y no invertir en otros lugares, y esto exige rentabilidad razonable, seguridad jur\u00eddica y estabilidad a largo plazo\u201d, concluy\u00f3.<\/p>\n<p class=\"\">Esta reflexi\u00f3n ven\u00eda a hilo de los comentarios realizado previamente por Miguel Stillwell, el consejero delegado de EDP. Seg\u00fan sus previsiones, la demanda el\u00e9ctrica va a crecer mucho en los pr\u00f3ximos a\u00f1os. Hay muchos clientes que est\u00e1n pidiendo conectarse a la red, pero es necesario incrementar la inversi\u00f3n a la red y hay que asegurar que esa inversi\u00f3n es rentable y hay que asegurar que es atractivo para los capitales\u201d. En este sentido, ha se\u00f1alado que deben encontrar las condiciones para invertir m\u00e1s aqu\u00ed respecto de pa\u00edses que ven ahora m\u00e1s atractivos como EE UU. <\/p>\n<p class=\"\">Estos mensajes llegan en plena pugna entre las energ\u00e9ticas y los reguladores en Espa\u00f1a por la retribuci\u00f3n a las redes. Actualmente, la propuesta de la Comisi\u00f3n Nacional de los Mercados y la Competencia (CNMC) no convence a las empresas. La propuesta de retribuci\u00f3n definitiva para las redes en los pr\u00f3ximos seis a\u00f1os debe aprobarse antes de final de a\u00f1o.<\/p>\n<p class=\"\">Tambi\u00e9n el CEO de Moeve, Maarten Wetselaar, ha mencionado la necesidad de la colaboraci\u00f3n p\u00fablico-privada. El ejecutivo ha querido poner sobre la mesa que en el proceso de reindustrializaci\u00f3n no solo se debe electrificar. Tras mostrarse positivo con el proceso de descarbonizaci\u00f3n del sector el\u00e9ctrico, ha querido advertir que hay sectores como la industria o el transporte pesado, la aviaci\u00f3n o el transporte mar\u00edtimo en los que la electrificaci\u00f3n no es complicada, sino directamente imposible. Por ello, ha pedido seguir apostando con fuerza para crear en Espa\u00f1a las condiciones para impulsar el hidr\u00f3geno verde y las mol\u00e9culas descarbonizadas. Seg\u00fan su criterio, lo m\u00e1s necesario para Europa es ser r\u00e1pido y tener la escala suficiente dentro de Europa para que el hidr\u00f3geno verde se desarrolle. <\/p>\n<p class=\"\">Todas las propuestas que han hecho las energ\u00e9ticas espa\u00f1olas llegan en un momento que consideran muy complejo por la competencia exterior. En este sentido, tanto Imaz como Wetselaar o Reyn\u00e9s han destacado que descarbonizar en Europa para luego importar de China productos que est\u00e1n muy alejados de los est\u00e1ndares europeos es condenar a la industria europea. El apag\u00f3n del pasado 28 de abril tambi\u00e9n apareci\u00f3 de refil\u00f3n durante la charla. El presidente de Naturgy se\u00f1al\u00f3 que desde el 29 de abril <a href=\"https:\/\/elpais.com\/economia\/2025-10-20\/la-cnmc-da-luz-verde-a-red-electrica-para-hacer-cambios-en-el-sistema-electrico-para-eliminar-el-riesgo-de-otro-apagon.html\" target=\"_self\" rel=\"nofollow noopener\" title=\"https:\/\/elpais.com\/economia\/2025-10-20\/la-cnmc-da-luz-verde-a-red-electrica-para-hacer-cambios-en-el-sistema-electrico-para-eliminar-el-riesgo-de-otro-apagon.html\">cambiaron algunas de las prioridades<\/a> y eso tambi\u00e9n hay que tenerlo en cuenta. No obstante, las empresas no quisieron entrar en profundidad sobre un incidente hist\u00f3rico que a\u00fan se est\u00e1 investigando y no se han determinado por ahora los responsables. Tampoco la <a href=\"https:\/\/elpais.com\/internacional\/2025-10-20\/reynes-naturgy-cuestiona-el-calendario-del-apagon-nuclear-en-espana-volvamos-a-hacer-los-numeros.html\" target=\"_self\" rel=\"nofollow noopener\" title=\"https:\/\/elpais.com\/internacional\/2025-10-20\/reynes-naturgy-cuestiona-el-calendario-del-apagon-nuclear-en-espana-volvamos-a-hacer-los-numeros.html\">cuesti\u00f3n nuclear<\/a> fue mencionada directamente. <\/p>\n<p class=\"\">Sin embargo, s\u00ed comentaron que toda la generaci\u00f3n distribuida y la alta penetraci\u00f3n de renovables obliga ahora a poner las condiciones para que el sistema cumpla con el trilema energ\u00e9tico: seguridad de suministro, energ\u00eda asequible y sostenibilidad ambiental, tal y como record\u00f3 el socio de McKinsey &amp; Company, David Gonz\u00e1lez, que estuvo moderando el coloquio en el Hotel Ritz de Madrid.<\/p>\n<p class=\"\">Como mensaje final, las compa\u00f1\u00edas han pedido cumplir con los preceptos del <a href=\"https:\/\/elpais.com\/economia\/2024-09-10\/ocho-recetas-de-draghi-para-reflotar-la-economia-europea.html\" target=\"_self\" rel=\"nofollow noopener\" title=\"https:\/\/elpais.com\/economia\/2024-09-10\/ocho-recetas-de-draghi-para-reflotar-la-economia-europea.html\">Informe Draghi<\/a>, aplicar sentido com\u00fan para que la reindustrializaci\u00f3n llegue a Espa\u00f1a, Portugal y el resto de Europa. Y ello, tal y como ha destacado el CEO de EDP, no est\u00e1 re\u00f1ido con la sostenibilidad.<\/p>\n","protected":false},"excerpt":{"rendered":"Las principales energ\u00e9ticas en Espa\u00f1a han lanzado un mensaje un\u00e1nime: se necesita facilitar las condiciones regulatorias tanto en&hellip;\n","protected":false},"author":2,"featured_media":195164,"comment_status":"","ping_status":"","sticky":false,"template":"","format":"standard","meta":{"footnotes":""},"categories":[80],"tags":[50646,82,95,94,2308,5220,25,24,54187,7131,54188,54186,14178,23],"class_list":{"0":"post-195163","1":"post","2":"type-post","3":"status-publish","4":"format-standard","5":"has-post-thumbnail","7":"category-economia","8":"tag-0-day-attack-on-earth","9":"tag-business","10":"tag-economia","11":"tag-economy","12":"tag-empresas","13":"tag-energia","14":"tag-es","15":"tag-espana","16":"tag-grupo-edp","17":"tag-iberdrola","18":"tag-mckinsey","19":"tag-moeve","20":"tag-naturgy","21":"tag-spain"},"share_on_mastodon":{"url":"https:\/\/pubeurope.com\/@es\/115421420297878175","error":""},"_links":{"self":[{"href":"https:\/\/www.europesays.com\/es\/wp-json\/wp\/v2\/posts\/195163","targetHints":{"allow":["GET"]}}],"collection":[{"href":"https:\/\/www.europesays.com\/es\/wp-json\/wp\/v2\/posts"}],"about":[{"href":"https:\/\/www.europesays.com\/es\/wp-json\/wp\/v2\/types\/post"}],"author":[{"embeddable":true,"href":"https:\/\/www.europesays.com\/es\/wp-json\/wp\/v2\/users\/2"}],"replies":[{"embeddable":true,"href":"https:\/\/www.europesays.com\/es\/wp-json\/wp\/v2\/comments?post=195163"}],"version-history":[{"count":0,"href":"https:\/\/www.europesays.com\/es\/wp-json\/wp\/v2\/posts\/195163\/revisions"}],"wp:featuredmedia":[{"embeddable":true,"href":"https:\/\/www.europesays.com\/es\/wp-json\/wp\/v2\/media\/195164"}],"wp:attachment":[{"href":"https:\/\/www.europesays.com\/es\/wp-json\/wp\/v2\/media?parent=195163"}],"wp:term":[{"taxonomy":"category","embeddable":true,"href":"https:\/\/www.europesays.com\/es\/wp-json\/wp\/v2\/categories?post=195163"},{"taxonomy":"post_tag","embeddable":true,"href":"https:\/\/www.europesays.com\/es\/wp-json\/wp\/v2\/tags?post=195163"}],"curies":[{"name":"wp","href":"https:\/\/api.w.org\/{rel}","templated":true}]}}