{"id":195165,"date":"2025-10-23T03:44:12","date_gmt":"2025-10-23T03:44:12","guid":{"rendered":"https:\/\/www.europesays.com\/es\/195165\/"},"modified":"2025-10-23T03:44:12","modified_gmt":"2025-10-23T03:44:12","slug":"los-recortes-a-las-ayudas-sociales-impulsan-el-ascenso-de-la-ultraderecha-a-nivel-mundial-segun-la-onu","status":"publish","type":"post","link":"https:\/\/www.europesays.com\/es\/195165\/","title":{"rendered":"Los recortes a las ayudas sociales impulsan el ascenso de la ultraderecha a nivel mundial, seg\u00fan la ONU"},"content":{"rendered":"<p>      CNN<br \/>\n        \u00a0\u2014\u00a0<\/p>\n<p class=\"paragraph inline-placeholder vossi-paragraph\" data-uri=\"es.cms.cnn.com\/_components\/paragraph\/instances\/cmh26flb500d627o3bzyn02ch@published\" data-editable=\"text\" data-component-name=\"paragraph\" data-article-gutter=\"true\">\n            Los recortes a las protecciones sociales para las personas que viven en la pobreza han creado un terreno f\u00e9rtil para los movimientos de ultraderecha en todo el mundo, seg\u00fan un informe de las Naciones Unidas.\n    <\/p>\n<p class=\"paragraph inline-placeholder vossi-paragraph\" data-uri=\"es.cms.cnn.com\/_components\/paragraph\/instances\/cmh26gtcx0002356nzkie3fap@published\" data-editable=\"text\" data-component-name=\"paragraph\" data-article-gutter=\"true\">\n            El apoyo popular a la ultraderecha ha crecido a nivel mundial en los \u00faltimos a\u00f1os. En Europa, Giorgia Meloni se convirti\u00f3, en 2022, en la l\u00edder m\u00e1s ultraderechista de Italia desde Benito Mussolini, mientras que el partido de extrema derecha Alternativa para Alemania es ahora el mayor partido de oposici\u00f3n del pa\u00eds. El Gobierno de Trump ha respaldado a partidos de ultraderecha en Europa y, en Argentina, el libertario de ultraderecha Javier Milei gan\u00f3 la presidencia, en 2023.\n    <\/p>\n<p class=\"paragraph inline-placeholder vossi-paragraph\" data-uri=\"es.cms.cnn.com\/_components\/paragraph\/instances\/cmh26g63d0000356ngyu5y336@published\" data-editable=\"text\" data-component-name=\"paragraph\" data-article-gutter=\"true\">\n            El informe de la ONU, presentado el mi\u00e9rcoles, afirma que los cambios en los sistemas de bienestar social han dificultado el acceso a las prestaciones al endurecer las normas de elegibilidad o imponer condiciones m\u00e1s estrictas, lo que contribuye al tipo de precariedad econ\u00f3mica y alienaci\u00f3n que empuja a las personas hacia la ultraderecha.\n    <\/p>\n<p class=\"paragraph inline-placeholder vossi-paragraph\" data-uri=\"es.cms.cnn.com\/_components\/paragraph\/instances\/cmh26iu3j0008356n7ufd8s4u@published\" data-editable=\"text\" data-component-name=\"paragraph\" data-article-gutter=\"true\">\n            \u201cEstos sistemas de bienestar punitivos aumentan la inseguridad econ\u00f3mica, erosionan la confianza en las instituciones p\u00fablicas y dejan a millones de personas sinti\u00e9ndose humilladas y abandonadas por la pol\u00edtica dominante\u201d, declar\u00f3 en un comunicado de prensa el autor del informe, Olivier De Schutter, relator especial de la ONU sobre la pobreza extrema y los derechos humanos.\n    <\/p>\n<p class=\"paragraph inline-placeholder vossi-paragraph\" data-uri=\"es.cms.cnn.com\/_components\/paragraph\/instances\/cmh26iu3k0009356nqwbwgmy9@published\" data-editable=\"text\" data-component-name=\"paragraph\" data-article-gutter=\"true\">\n            \u201cEs en este vac\u00edo donde prosperan los populistas de ultraderecha, present\u00e1ndose como defensores de aquellos que la \u00e9lite ha dejado atr\u00e1s\u201d.\n    <\/p>\n<p class=\"paragraph inline-placeholder vossi-paragraph\" data-uri=\"es.cms.cnn.com\/_components\/paragraph\/instances\/cmh26ikuu0006356nd4nexpry@published\" data-editable=\"text\" data-component-name=\"paragraph\" data-article-gutter=\"true\">\n            Pero advirti\u00f3: \u201cSu objetivo no es empoderar a las personas en situaci\u00f3n de pobreza, sino desmantelar a\u00fan m\u00e1s las protecciones para su propio beneficio\u201d.\n    <\/p>\n<p class=\"paragraph inline-placeholder vossi-paragraph\" data-uri=\"es.cms.cnn.com\/_components\/paragraph\/instances\/cmh26qesf000e356nm44naxy1@published\" data-editable=\"text\" data-component-name=\"paragraph\" data-article-gutter=\"true\">\n            \u201cEl Gran y Hermoso Proyecto de Ley\u201d de Trump ilustra este tipo de \u201cpopulismo de los privilegiados\u201d, argumenta el informe. El paquete incluye recortes hist\u00f3ricos a los programas de la red de seguridad social estadounidense, en particular Medicaid y los cupones de alimentos, y al mismo tiempo recorta dr\u00e1sticamente los impuestos, lo que resulta en una \u201ctransferencia masiva\u201d de recursos de los hogares m\u00e1s pobres a los m\u00e1s ricos.\n    <\/p>\n<p class=\"paragraph inline-placeholder vossi-paragraph\" data-uri=\"es.cms.cnn.com\/_components\/paragraph\/instances\/cmh26l5gg000c356nsoh2j3mp@published\" data-editable=\"text\" data-component-name=\"paragraph\" data-article-gutter=\"true\">\n            Las crecientes brechas salariales son un factor clave que explica el auge del populismo de derecha, afirma el informe de 19 p\u00e1ginas, que cita varios estudios, incluyendo uno que establece una correlaci\u00f3n casi perfecta entre la desigualdad salarial y el apoyo a los partidos populistas.\n    <\/p>\n<p>       <img decoding=\"async\" src=\"https:\/\/www.europesays.com\/es\/wp-content\/uploads\/2025\/10\/gettyimages-1237612512-20251022162324471.jpg\" alt=\"Un miembro de los Proud Boys frente al Capitolio del estado de Oregon durante una manifestaci\u00f3n de ultraderecha, el 8 de enero de 2022, en Salem.\" class=\"image__dam-img image__dam-img--loading\" onload=\"this.classList.remove('image__dam-img--loading')\" onerror=\"imageLoadError(this)\" height=\"1290\" width=\"860\" loading=\"lazy\"\/><\/p>\n<p class=\"paragraph inline-placeholder vossi-paragraph\" data-uri=\"es.cms.cnn.com\/_components\/paragraph\/instances\/cmh270lko000j356nt5t0210i@published\" data-editable=\"text\" data-component-name=\"paragraph\" data-article-gutter=\"true\">\n            El informe tambi\u00e9n se\u00f1ala que la Encuesta Social Europea \u2014que analiza las actitudes, creencias y comportamientos de la poblaci\u00f3n\u2014 muestran que existe un 25 % de probabilidad de que las personas desempleadas con los niveles m\u00e1s bajos de prestaciones por desempleo voten por la ultraderecha, frente al 15 % de quienes tienen empleo.\n    <\/p>\n<p class=\"paragraph inline-placeholder vossi-paragraph\" data-uri=\"es.cms.cnn.com\/_components\/paragraph\/instances\/cmh270lko000k356na82om581@published\" data-editable=\"text\" data-component-name=\"paragraph\" data-article-gutter=\"true\">\n            El aumento de las pensiones, las mejores prestaciones por hijo y la legislaci\u00f3n sobre el salario m\u00ednimo tambi\u00e9n tienen un impacto estad\u00edsticamente medible en la reducci\u00f3n de la probabilidad de votar por la ultraderecha.\n    <\/p>\n<p class=\"paragraph inline-placeholder vossi-paragraph\" data-uri=\"es.cms.cnn.com\/_components\/paragraph\/instances\/cmh270lko000l356n9hsl05ke@published\" data-editable=\"text\" data-component-name=\"paragraph\" data-article-gutter=\"true\">\n            \u201cMiles de personas en situaci\u00f3n de pobreza con las que hablo me dicen que se sienten estigmatizadas y vigiladas en lugar de apoyadas\u201d, declar\u00f3 De Schutter. \u201cA menos que la protecci\u00f3n social se considere seriamente un derecho humano, los populistas de ultraderecha seguir\u00e1n cosechando lo que se ha sembrado\u201d.\n    <\/p>\n","protected":false},"excerpt":{"rendered":"CNN \u00a0\u2014\u00a0 Los recortes a las protecciones sociales para las personas que viven en la pobreza han creado&hellip;\n","protected":false},"author":2,"featured_media":195166,"comment_status":"","ping_status":"","sticky":false,"template":"","format":"standard","meta":{"footnotes":""},"categories":[42],"tags":[17,18,13,14,54189,11,61,62,63,64,4245,19,20,9,10,15,16,732,12,936,21,22,4247,65,66,67],"class_list":{"0":"post-195165","1":"post","2":"type-post","3":"status-publish","4":"format-standard","5":"has-post-thumbnail","7":"category-internacional","8":"tag-breaking-news","9":"tag-breakingnews","10":"tag-featured-news","11":"tag-featurednews","12":"tag-georgia-meloni","13":"tag-headlines","14":"tag-internacional","15":"tag-international","16":"tag-international-news","17":"tag-internationalnews","18":"tag-javier-milei","19":"tag-latest-news","20":"tag-latestnews","21":"tag-news","22":"tag-noticias","23":"tag-noticias-destacadas","24":"tag-noticiasdestacadas","25":"tag-onu","26":"tag-titulares","27":"tag-trump","28":"tag-ultimas-noticias","29":"tag-ultimasnoticias","30":"tag-ultraderecha","31":"tag-world","32":"tag-world-news","33":"tag-worldnews"},"share_on_mastodon":{"url":"https:\/\/pubeurope.com\/@es\/115421424122453121","error":""},"_links":{"self":[{"href":"https:\/\/www.europesays.com\/es\/wp-json\/wp\/v2\/posts\/195165","targetHints":{"allow":["GET"]}}],"collection":[{"href":"https:\/\/www.europesays.com\/es\/wp-json\/wp\/v2\/posts"}],"about":[{"href":"https:\/\/www.europesays.com\/es\/wp-json\/wp\/v2\/types\/post"}],"author":[{"embeddable":true,"href":"https:\/\/www.europesays.com\/es\/wp-json\/wp\/v2\/users\/2"}],"replies":[{"embeddable":true,"href":"https:\/\/www.europesays.com\/es\/wp-json\/wp\/v2\/comments?post=195165"}],"version-history":[{"count":0,"href":"https:\/\/www.europesays.com\/es\/wp-json\/wp\/v2\/posts\/195165\/revisions"}],"wp:featuredmedia":[{"embeddable":true,"href":"https:\/\/www.europesays.com\/es\/wp-json\/wp\/v2\/media\/195166"}],"wp:attachment":[{"href":"https:\/\/www.europesays.com\/es\/wp-json\/wp\/v2\/media?parent=195165"}],"wp:term":[{"taxonomy":"category","embeddable":true,"href":"https:\/\/www.europesays.com\/es\/wp-json\/wp\/v2\/categories?post=195165"},{"taxonomy":"post_tag","embeddable":true,"href":"https:\/\/www.europesays.com\/es\/wp-json\/wp\/v2\/tags?post=195165"}],"curies":[{"name":"wp","href":"https:\/\/api.w.org\/{rel}","templated":true}]}}