{"id":195169,"date":"2025-10-23T03:46:22","date_gmt":"2025-10-23T03:46:22","guid":{"rendered":"https:\/\/www.europesays.com\/es\/195169\/"},"modified":"2025-10-23T03:46:22","modified_gmt":"2025-10-23T03:46:22","slug":"todo-lo-que-fallo-en-el-ultimo-caso-de-asesinato-machista-el-de-martha-de-21-anos-delante-de-su-bebe-en-villaverde","status":"publish","type":"post","link":"https:\/\/www.europesays.com\/es\/195169\/","title":{"rendered":"Todo lo que fall\u00f3 en el \u00faltimo caso de asesinato machista, el de Martha, de 21 a\u00f1os, delante de su beb\u00e9 en Villaverde"},"content":{"rendered":"<p class=\"c-paragraph\">Martha entr\u00f3 hace un mes a la pasteler\u00eda de F\u00e1tima, en Villaverde Alto, un barrio del sur de Madrid, preguntando por una habitaci\u00f3n de alquiler para poder empezar una nueva vida con su beb\u00e9, de poco m\u00e1s de un a\u00f1o de edad. <b>Ven\u00eda de estar seis meses en una casa de acogida para mujeres j\u00f3venes maltratadas en Ciudad Real<\/b>, de la que sali\u00f3 en septiembre tras pedir el alta voluntaria. \u00abLa conoc\u00ed en mi negocio y decid\u00ed ayudarla. No le alquil\u00e9 nada, le dejaba vivir conmigo y a cambio me ayudaba con mis tres hijos\u00bb, explica F\u00e1tima por tel\u00e9fono.\u00a0<\/p>\n<p class=\"c-paragraph\">En esa vivienda de la calle Astillero, hace solo 48 horas, Martha de 21 a\u00f1os, <b><a href=\"https:\/\/www.20minutos.es\/madrid\/detenido-por-matar-punaladas-una-joven-21-anos-madrid_6530856_0.html\" rel=\"nofollow noopener\" target=\"_blank\">muri\u00f3 por las cuchilladas que le asest\u00f3 su exnovio,<\/a><\/b> Juan Jos\u00e9, de 30 a\u00f1os, al que hab\u00eda denunciado en el mes de marzo por agresiones y <b>del que ten\u00eda una orden de alejamiento, que hab\u00eda quebrantado <\/b>en varias ocasiones. La mat\u00f3 delante de su beb\u00e9, que se qued\u00f3 en la habitaci\u00f3n junto a su madre muerta, hasta que una de las hijas de F\u00e1tima se los encontr\u00f3.\u00a0<\/p>\n<p class=\"c-paragraph\">El de esta joven es <b>un caso que tendr\u00e1 que revisar el Ministerio de Igualdad en su pr\u00f3ximo gabinete de crisis <\/b>sobre violencia de g\u00e9nero: un caso de maltrato, denuncia, juicio r\u00e1pido, centros de acogida, orden de alejamiento sin vigilancia, quebrantamientos, m\u00e1s denuncias, retiradas de denuncias, contacto de la v\u00edctima con su agresor y que termin\u00f3 de la peor manera, con Martha asesinada y su beb\u00e9, hu\u00e9rfana. Y todo lo anterior ocurri\u00f3 en solo siete meses, de marzo a octubre, de 2025.<\/p>\n<p class=\"c-paragraph\">\u00abLo que falla es todo\u00bb responde tajante F\u00e1tima, la mujer que vivi\u00f3 los \u00faltimos d\u00edas con Martha y su chiquilla. \u00ab<b>Con seis quebrantamientos y 21 a\u00f1os que ten\u00eda como m\u00ednimo ten\u00edan que haberle puesto a \u00e9l la pulsera<\/b> (dispositivo que detecta cuando un maltratador se acerca a su v\u00edctima)\u00bb, clama. Esta vecina de Villaverde muestra poco extra\u00f1amiento y dice que ella misma tiene un caso abierto por violencia de g\u00e9nero y sufre la falta de medios y la ausencia de ayudas: \u00ab<b>No nos protegen. A m\u00ed no me ha llamado nadie desde el juicio r\u00e1pido y no recibo ninguna ayuda<\/b> hasta que el juicio definitivo, dentro de un a\u00f1o o m\u00e1s. \u00bfEs que en ese tiempo no comen mis hijos? Te dicen que denuncies, pero no te protegen\u00bb, asegura con una mezcla de enfado y de rabia de estar viviendo las terribles consecuencias de que el asesinato machista ocurriera en su propia casa.<\/p>\n<p>Dos casas de acogida<\/p>\n<p class=\"c-paragraph\">Rosario responde el tel\u00e9fono de<b> la casa de acogida para mujeres j\u00f3venes maltratadas (de 18 a 30 a\u00f1os) <\/b>que las Adoratrices tienen en Ciudad Real. Explica que ahora mismo all\u00ed viven seis mujeres, con ni\u00f1os de hasta un a\u00f1o de edad. Rosario <b>recuerda a Martha como \u00abuna chica muy maja\u00bb <\/b>que pas\u00f3 con ellas medio a\u00f1o. Lleg\u00f3 con su beb\u00e9 en marzo de 2025 de un centro de emergencia en Azuqueca de Henares (Guadalajara) y se march\u00f3 en septiembre cuando pidi\u00f3 el alta voluntaria.\u00a0<\/p>\n<p class=\"c-paragraph\">En la consejer\u00eda de Igualdad de Castilla La Mancha corroboran que Martha, residente en Horche (Guadalajara), s<b>olicit\u00f3 en marzo ayuda por violencia de g\u00e9nero en la l\u00ednea telef\u00f3nica y fue enviada a un centro de emergencias de Azuqueca de Henares<\/b>, porque en la primera valoraci\u00f3n de su caso ya se consider\u00f3 que ten\u00eda que salir forzosamente del piso que compart\u00eda con su agresor. El seguimiento inmediato indic\u00f3 que deb\u00eda poner m\u00e1s distancia de por medio del agresor, que resid\u00eda en Guadalajara, y debido a su juventud, as\u00ed como a su reciente maternidad, se opt\u00f3 por asignarle una plaza en el centro de las Adoratrices de Ciudad Real.\u00a0<\/p>\n<p class=\"c-paragraph\">\u00abSe busca siempre el espacio m\u00e1s id\u00f3neo, <b>para que las mujeres puedan estar protegidas y recibir una intervenci\u00f3n social <\/b>que les permita encontrar una nueva vida alejadas de la situaci\u00f3n de violencia\u00bb, explican en la Junta de Castilla La Mancha.<\/p>\n<p class=\"c-paragraph\">Rosario, trabajadora de Adoratrices, <b>confirma que en la casa de acogida est\u00e1 prohibido que los agresores contacten a las v\u00edctimas.<\/b>\u00a0\u00abIntentamos que no ocurra, pero tampoco es que lo sepamos. S\u00ed sabemos que alguna vez (Martha) puso denuncias en la Polic\u00eda de Ciudad Real porque <b>\u00e9l la contact\u00f3<\/b>, sobre todo al principio\u00bb, revela.\u00a0 \u00a0<\/p>\n<p>Denuncias interpuestas y retiradas<\/p>\n<p class=\"c-paragraph\">Fuentes cercanas al caso han explicado que, en ese tiempo,\u00a0<b>Martha retir\u00f3 alguna de las denuncias que hab\u00eda interpuesto por quebrantamiento de la orden de alejamiento<\/b>. Esto es una pr\u00e1ctica que ocurre, a veces, cuando los agresores y las v\u00edctimas retoman el contacto. Solo en Madrid, en el segundo semestre de este a\u00f1o, el 13% de las mujeres decidieron no declarar contra su agresor en un juicio, seg\u00fan datos del CGPJ. En muchas ocasiones es por miedo, porque ellos las convencen de que van a cambiar, o por dependencia econ\u00f3mica.<\/p>\n<p class=\"c-paragraph\">Despu\u00e9s de estar medio a\u00f1o con las Adoratrices, donde las mujeres tienen un cuarto individual y siguen un proceso de intervenci\u00f3n social de cara a prepararlas para vivir con autonom\u00eda, <b>Martha pidi\u00f3 el alta voluntaria<\/b>. \u00abSe fue de la casa porque llega un momento en que termina el proceso, ella ya decide que parece encontrarse bien y dijo que pod\u00eda organizarse fuera. Profesi\u00f3n no ten\u00eda, pero quer\u00eda trabajar. Primero se fue a vivir a un pueblo de Ciudad Real y despu\u00e9s a Madrid\u00bb, explica Rosario, todav\u00eda \u00aben shock\u00bb por la noticia del asesinato. Efectivamente, Martha abandon\u00f3 la casa de acogida para irse a vivir a Valdepe\u00f1as con otra chica que conoci\u00f3 en las Adoratrices, pero la convivencia no funcion\u00f3 y decidi\u00f3 volver a Madrid.<\/p>\n<p class=\"c-paragraph\">Las Adoratrices no cortan el contacto cuando las j\u00f3venes a las que asisten se marchan del centro de acogida y, al menos telef\u00f3nicamente, les siguen asesorando con la compleja burocracia de las ayudas para v\u00edctimas de la violencia de g\u00e9nero. En este caso, Martha segu\u00eda en contacto con ellas porque ten\u00eda varios enseres todav\u00eda en Ciudad Real e incluso ella les<b> hizo poco antes de morir una videollamada a las trabajadoras del centro para que vieran a su hija.<\/b> \u00abHab\u00edamos hablado hace tres d\u00edas con ella, de cosas que ten\u00eda, de dudas sobre su situaci\u00f3n, de ayudas y papeleos\u00bb, explica Rosario, a quien se le quiebra la voz. \u00abAyer cuando nos enteramos, nos quedamos en shock, es una sensaci\u00f3n como que te quitan a alguien muy querido. Las queremos mucho. El dolor que tenemos mayor es por la ni\u00f1a\u00bb, dice en referencia a la beb\u00e9.<\/p>\n<p class=\"c-paragraph\">Asegura Rosario que muchas de las j\u00f3venes, a las que llama \u00ablas chiquillas\u00bb, cuando dejan el centro de acogida para maltratadas, un recurso de tiempo limitado, se organizan muy bien. \u00abEncuentran una casa y estudian o trabajan\u00bb.\u00a0 Y dice que <b>Martha sali\u00f3 \u00abcon la ilusi\u00f3n de buscar una vivienda y un trabajo para salir adelante con su hija\u00bb.<\/b>\u00a0\u00a0<\/p>\n<p>\u00abLas primeras que se tienen que proteger son ellas\u00bb<\/p>\n<p class=\"c-paragraph\">Ya en Madrid Martha entr\u00f3 en la pasteler\u00eda de F\u00e1tima, quien corrobora que ella se vio en alguna ocasi\u00f3n con su agresor. Algo que no le extra\u00f1a a una agente de la UFAM de un municipio grande del sur de Madrid, que prefiere no identificarse, pero <b>explica c\u00f3mo funciona el riesgo establecido por el sistema Viog\u00e9n <\/b>y lo dif\u00edcil que resulta proteger a mujeres que no cortan el contacto con sus agresores.\u00a0<\/p>\n<p class=\"c-paragraph\"><b>\u00abLas primeras que se tienen que proteger son ellas.<\/b> Si no se protegen, si hablan con ellos o les dicen d\u00f3nde est\u00e1n mi labor se dificulta mucho. Aqu\u00ed donde yo trabajo (una localidad de alrededor de 200.000 habitantes) <b>tenemos 200 v\u00edctimas en riesgo con 2 polic\u00edas. No podemos estar con las 200<\/b>\u00ab, reconoce. Y no es algo solo de su municipio, dice que la media de protecci\u00f3n est\u00e1 en Espa\u00f1a en unas 100 mujeres en riesgo por cada agente.<\/p>\n<p class=\"c-paragraph\">La agente de la UFAM explica que es el sistema Viog\u00e9n es el que, con las respuestas a las preguntas del programa y en base a unos algoritmos, determina <b>el riesgo de una mujer en bajo, medio, alto o extremo.<\/b><\/p>\n<p class=\"c-paragraph\">\u00ab<b>Al principio, cuando se denuncia, el riesgo mayor, <\/b>pero con el tiempo va bajando\u00bb, revela sin conocer el caso concreto de Martha. E insiste en que si ellas mimas quedan con sus agresores, \u00abpoco puede hacer la Polic\u00eda, por mucha polic\u00eda que pongas\u00bb. Otras fuentes <b>sugieren que el riesgo podr\u00eda haber bajado de alto a bajo debido a la retirada de las denuncias contra el agresor<\/b>. La Delegaci\u00f3n del Gobierno de Castilla La Mancha no ha dado detalles del caso de Martha, que se encuentra bajo investigaci\u00f3n.<\/p>\n<p class=\"c-paragraph\">El protocolo que siguen los cuerpos de la Polic\u00eda y la Guardia Civil en la asistencia a maltratadas establece que, en situaci\u00f3n de riesgo bajo, la que ten\u00edan en la actualidad Martha y su beb\u00e9,<b> reciben llamadas cada dos meses de manera obligatoria<\/b>. \u00abPero cada caso es diferente\u00bb, puntualiza la agente de la UFAM: \u00abLas llamamos tambi\u00e9n si van a tener un juicio, o si vemos la necesidad\u00bb. En el caso de riesgo alto reciben, \u00abde normal, una llamada a la semana, pero si por ejemplo acaba de poner la denuncia, entonces se la llama todos los d\u00edas. Tampoco es lo mismo que su agresor est\u00e9 detenido que si no lo est\u00e1, entonces el contacto es m\u00e1s habitual\u00bb.<\/p>\n<p class=\"c-paragraph\">Solo en el \u00faltimo mes, cuatro o cinco\u00a0<b>de las mujeres a las que protege esta agente se han machado del recurso de la casa de acogida,<\/b> \u00absin forma de localizarlas\u00bb. Algunas se marchan, dice, \u00abporque no siempre es f\u00e1cil la convivencia, porque hay unas normas y no a todo el mundo le gustan, pero es un recurso en el que adem\u00e1s les facilitan formaci\u00f3n y asesor\u00eda. Adem\u00e1s, a veces les es dif\u00edcil seguir manteniendo trabajos o colegios de los ni\u00f1os si el traslado es a una casa muy alejada de donde sol\u00edan vivir\u00bb.\u00a0<\/p>\n<p>V\u00edctimas m\u00e1s j\u00f3venes<\/p>\n<p class=\"c-paragraph\">Martha solo ten\u00eda 21 a\u00f1os. La agente de la Polic\u00eda reconoce que era muy joven, pero se\u00f1ala que est\u00e1 siendo <b>cada vez m\u00e1s habitual que las v\u00edctimas de violencia de g\u00e9nero sean \u00abmujeres muy j\u00f3venes\u00bb<\/b>\u00a0que aceptan como normales las relaciones t\u00f3xicas. \u00abCuando he dado charlas en institutos he visto que no tienen conciencia de la violencia de g\u00e9nero. Con todo lo que se ha luchado. Te dicen que este chico es celoso, posesivo o controlador, o que les mira el m\u00f3vil, pero es porque les quieren\u00bb, explica.<\/p>\n<p class=\"c-paragraph\">En la consejer\u00eda de Igualdad de Castilla La Mancha afirman que Martha recibi\u00f3 toda la atenci\u00f3n que solicit\u00f3, hasta que voluntariamente decidi\u00f3 volver a Madrid. Pese a lo sucedido, s\u00ed que recomiendan a las maltratadas pedir ayuda y confiar en el sistema, \u00abque puede ser mejorable en cuanto a la coordinaci\u00f3n, pero<b> no se debe poner en cuesti\u00f3n en su totalidad cada vez que hay una asesinada, porque a diario salva a miles de mujeres<\/b>\u00ab.\u00a0\u00a0<\/p>\n","protected":false},"excerpt":{"rendered":"Martha entr\u00f3 hace un mes a la pasteler\u00eda de F\u00e1tima, en Villaverde Alto, un barrio del sur de&hellip;\n","protected":false},"author":2,"featured_media":195170,"comment_status":"","ping_status":"","sticky":false,"template":"","format":"standard","meta":{"footnotes":""},"categories":[5],"tags":[8680,17,18,25,24,8639,13,14,11,19,20,54190,9,10,15,16,2074,23,3271,12,21,22],"class_list":{"0":"post-195169","1":"post","2":"type-post","3":"status-publish","4":"format-standard","5":"has-post-thumbnail","7":"category-titulares","8":"tag-bebe","9":"tag-breaking-news","10":"tag-breakingnews","11":"tag-es","12":"tag-espana","13":"tag-fallo","14":"tag-featured-news","15":"tag-featurednews","16":"tag-headlines","17":"tag-latest-news","18":"tag-latestnews","19":"tag-martha","20":"tag-news","21":"tag-noticias","22":"tag-noticias-destacadas","23":"tag-noticiasdestacadas","24":"tag-que","25":"tag-spain","26":"tag-su","27":"tag-titulares","28":"tag-ultimas-noticias","29":"tag-ultimasnoticias"},"share_on_mastodon":{"url":"https:\/\/pubeurope.com\/@es\/115421432139895033","error":""},"_links":{"self":[{"href":"https:\/\/www.europesays.com\/es\/wp-json\/wp\/v2\/posts\/195169","targetHints":{"allow":["GET"]}}],"collection":[{"href":"https:\/\/www.europesays.com\/es\/wp-json\/wp\/v2\/posts"}],"about":[{"href":"https:\/\/www.europesays.com\/es\/wp-json\/wp\/v2\/types\/post"}],"author":[{"embeddable":true,"href":"https:\/\/www.europesays.com\/es\/wp-json\/wp\/v2\/users\/2"}],"replies":[{"embeddable":true,"href":"https:\/\/www.europesays.com\/es\/wp-json\/wp\/v2\/comments?post=195169"}],"version-history":[{"count":0,"href":"https:\/\/www.europesays.com\/es\/wp-json\/wp\/v2\/posts\/195169\/revisions"}],"wp:featuredmedia":[{"embeddable":true,"href":"https:\/\/www.europesays.com\/es\/wp-json\/wp\/v2\/media\/195170"}],"wp:attachment":[{"href":"https:\/\/www.europesays.com\/es\/wp-json\/wp\/v2\/media?parent=195169"}],"wp:term":[{"taxonomy":"category","embeddable":true,"href":"https:\/\/www.europesays.com\/es\/wp-json\/wp\/v2\/categories?post=195169"},{"taxonomy":"post_tag","embeddable":true,"href":"https:\/\/www.europesays.com\/es\/wp-json\/wp\/v2\/tags?post=195169"}],"curies":[{"name":"wp","href":"https:\/\/api.w.org\/{rel}","templated":true}]}}